{"id":78156,"date":"2021-05-25T12:23:02","date_gmt":"2021-05-25T15:23:02","guid":{"rendered":"http:\/\/pdt-rj.org.br\/?p=78156"},"modified":"2021-05-27T12:00:05","modified_gmt":"2021-05-27T15:00:05","slug":"pdt-aciona-mp-do-rio-contra-governador-por-evento-politico-de-bolsonaro","status":"publish","type":"post","link":"https:\/\/pdt-rj.org.br\/index.php\/pdt-aciona-mp-do-rio-contra-governador-por-evento-politico-de-bolsonaro\/","title":{"rendered":"PDT aciona MP do Rio contra governador por evento pol\u00edtico de Bolsonaro"},"content":{"rendered":"<p class=\"yiv4266702013MsoNormal\"><em><b>Assinada por Carlos Lupi, peti\u00e7\u00e3o denuncia improbidade administrativa no uso da Pol\u00edcia Militar<\/b><\/em><\/p>\n<p class=\"yiv4266702013MsoNormal\">O PDT enviou ao Minist\u00e9rio P\u00fablico do Rio de Janeiro, nesta segunda-feira (24), uma representa\u00e7\u00e3o contra governador, Cl\u00e1udio Castro, pela \u201cocorr\u00eancia de ato de improbidade administrativa\u201d em fun\u00e7\u00e3o da disponibiliza\u00e7\u00e3o de mais de mil policiais para o evento pol\u00edtico promovido na capital, no \u00faltimo domingo (23), pelo presidente da Rep\u00fablica, Jair Bolsonaro. Endere\u00e7ada ao procurador-geral, Luciano Mattos, a peti\u00e7\u00e3o \u00e9 assinada pelo presidente nacional do partido, Carlos Lupi.<\/p>\n<p class=\"yiv4266702013MsoNormal\">Pela justificativa oficial de garantir a manuten\u00e7\u00e3o da ordem, o \u201cpasseio de moto\u201d mobilizou um efetivo de mais de 20 unidades diferentes da corpora\u00e7\u00e3o estadual e gerou um custo de R$ 485 mil, se considerados o \u201cconsumo de combust\u00edvel das viaturas e dos helic\u00f3pteros\u201d e as \u201choras para planejamento\u201d.<\/p>\n<p class=\"yiv4266702013MsoNormal\">Iniciada no Parque Ol\u00edmpico, na Barra da Tijuca, na Zona Oeste, a atividade deslocou centenas de apoiadores at\u00e9 o Aterro do Flamengo, na Zona Sul. Com isso, \u201cestimulou o descumprimento do Decreto Estadual n\u00ba 48.933, de 19 de maio de 2021, que disp\u00f5e sobre as medidas destinadas ao enfrentamento da pandemia da Covid-19\u201d, incluindo o uso adequado de m\u00e1scaras faciais e o distanciamento social.<\/p>\n<p class=\"yiv4266702013MsoNormal\">\u201cUtilizou-se de dinheiro p\u00fablico para resguardar um ato impensado, que sequer deveria ter sido realizado, diante do per\u00edodo cr\u00edtico de cont\u00e1gio do novo coronav\u00edrus. Sustentou-se, inclusive, que o valor desperdi\u00e7ado com o aparato militar envolvido na a\u00e7\u00e3o seria suficiente para comprar 28 mil doses da vacina Oxford\/AstraZeneca por parte do governo do Estado\u201d, afirmou a sigla.<\/p>\n<p class=\"yiv4266702013MsoNormal\">\u201cEnquanto o estado do Rio de Janeiro tinha, at\u00e9 s\u00e1bado (22), 49.438 mortes e 839.623 casos de COVID-19, com a taxa de ocupa\u00e7\u00e3o de leitos de UTI na marca de 84%, estimulou-se a forma\u00e7\u00e3o de aglomera\u00e7\u00f5es com todo o aparato estatal para saudar o profeta do caos, da morte e da ignor\u00e2ncia\u201d, acrescentou.<\/p>\n<p class=\"yiv4266702013MsoNormal\">Para acessar a \u00edntegra da peti\u00e7\u00e3o, clique\u00a0<a href=\"http:\/\/pdt-rj.org.br\/wp-content\/uploads\/2021\/05\/Representa\u00e7\u00e3o-do-PDT-contra-o-governador-do-Rio-de-Janeiro-Cl\u00e1udio-Castro.pdf\"><b>aqui<\/b><\/a>.<\/p>\n<!-- AddThis Advanced Settings generic via filter on the_content --><!-- AddThis Share Buttons generic via filter on the_content -->","protected":false},"excerpt":{"rendered":"<p>Assinada por Carlos Lupi, peti\u00e7\u00e3o denuncia improbidade administrativa no uso da Pol\u00edcia Militar O PDT enviou ao Minist\u00e9rio P\u00fablico do Rio de Janeiro, nesta segunda-feira (24), uma representa\u00e7\u00e3o contra governador, Cl\u00e1udio Castro, pela \u201cocorr\u00eancia de ato de improbidade administrativa\u201d em fun\u00e7\u00e3o da disponibiliza\u00e7\u00e3o de mais de mil policiais para o evento pol\u00edtico promovido na capital,&#8230;<!-- AddThis Advanced Settings generic via filter on wp_trim_excerpt --><!-- AddThis Share Buttons generic via filter on wp_trim_excerpt --><\/p>\n","protected":false},"author":17,"featured_media":78157,"comment_status":"closed","ping_status":"closed","sticky":false,"template":"","format":"standard","meta":{"_monsterinsights_skip_tracking":false,"_monsterinsights_sitenote_active":false,"_monsterinsights_sitenote_note":"","_monsterinsights_sitenote_category":0,"_uf_show_specific_survey":0,"_uf_disable_surveys":false,"footnotes":""},"categories":[1390,975,976],"tags":[196,3348,4816,38,740],"class_list":["post-78156","post","type-post","status-publish","format-standard","has-post-thumbnail","hentry","category-editorias","category-manchete","category-noticias-em-destaque","tag-carlos-lupi","tag-covid-19","tag-improbidade-administrativa","tag-pdt","tag-policia-militar"],"acf":[],"_links":{"self":[{"href":"https:\/\/pdt-rj.org.br\/index.php\/wp-json\/wp\/v2\/posts\/78156","targetHints":{"allow":["GET"]}}],"collection":[{"href":"https:\/\/pdt-rj.org.br\/index.php\/wp-json\/wp\/v2\/posts"}],"about":[{"href":"https:\/\/pdt-rj.org.br\/index.php\/wp-json\/wp\/v2\/types\/post"}],"author":[{"embeddable":true,"href":"https:\/\/pdt-rj.org.br\/index.php\/wp-json\/wp\/v2\/users\/17"}],"replies":[{"embeddable":true,"href":"https:\/\/pdt-rj.org.br\/index.php\/wp-json\/wp\/v2\/comments?post=78156"}],"version-history":[{"count":3,"href":"https:\/\/pdt-rj.org.br\/index.php\/wp-json\/wp\/v2\/posts\/78156\/revisions"}],"predecessor-version":[{"id":78194,"href":"https:\/\/pdt-rj.org.br\/index.php\/wp-json\/wp\/v2\/posts\/78156\/revisions\/78194"}],"wp:featuredmedia":[{"embeddable":true,"href":"https:\/\/pdt-rj.org.br\/index.php\/wp-json\/wp\/v2\/media\/78157"}],"wp:attachment":[{"href":"https:\/\/pdt-rj.org.br\/index.php\/wp-json\/wp\/v2\/media?parent=78156"}],"wp:term":[{"taxonomy":"category","embeddable":true,"href":"https:\/\/pdt-rj.org.br\/index.php\/wp-json\/wp\/v2\/categories?post=78156"},{"taxonomy":"post_tag","embeddable":true,"href":"https:\/\/pdt-rj.org.br\/index.php\/wp-json\/wp\/v2\/tags?post=78156"}],"curies":[{"name":"wp","href":"https:\/\/api.w.org\/{rel}","templated":true}]}}