{"id":78134,"date":"2021-05-21T23:30:17","date_gmt":"2021-05-22T02:30:17","guid":{"rendered":"http:\/\/pdt-rj.org.br\/?p=78134"},"modified":"2021-05-24T13:39:18","modified_gmt":"2021-05-24T16:39:18","slug":"universidade-leonel-brizola-lanca-curso-virtual-sobre-direito-e-marxismo","status":"publish","type":"post","link":"https:\/\/pdt-rj.org.br\/index.php\/universidade-leonel-brizola-lanca-curso-virtual-sobre-direito-e-marxismo\/","title":{"rendered":"Universidade Leonel Brizola lan\u00e7a curso virtual sobre \u201cDireito e Marxismo\u201d"},"content":{"rendered":"<p class=\"yiv6557529684MsoNormal\"><em><b>Produto re\u00fane oito videoaulas e garante ao aluno certifica\u00e7\u00e3o digital ap\u00f3s a conclus\u00e3o<\/b><\/em><\/p>\n<p class=\"yiv6557529684MsoNormal\">A Universidade Aberta Leonel Brizola (ULB), vinculada \u00e0 Funda\u00e7\u00e3o Leonel Brizola Alberto Pasqualini (FLB-AP), lan\u00e7ou, em maio deste ano, o curso sobre \u201cDireito e Marxismo\u201d. O produto est\u00e1 dispon\u00edvel gratuitamente na plataforma virtual da organiza\u00e7\u00e3o do PDT, bem como no formato para celular.<\/p>\n<p class=\"yiv6557529684MsoNormal\">Com carga hor\u00e1ria total de 48h e certifica\u00e7\u00e3o digital, as oito videoaulas, que s\u00e3o ministradas pelo doutor em direito econ\u00f4mico pela Universidade de S\u00e3o Paulo (USP) Jo\u00e3o Paulo Santos, abordam a contribui\u00e7\u00e3o da doutrina pol\u00edtica elaborada por Karl Marx na teoria jur\u00eddica.<\/p>\n<p class=\"yiv6557529684MsoNormal\">As apresenta\u00e7\u00f5es, com seis horas de dura\u00e7\u00e3o em cada, incluem an\u00e1lises sobre \u201cO Jovem Marx Jurista\u201d; \u201cCr\u00edtica dos Direitos Humanos\u201d; \u201cRela\u00e7\u00f5es de Produ\u00e7\u00e3o e Propriedade\u201d; \u201cA Segunda Internacional Socialista\u201d; \u201cA Experi\u00eancia do Marxismo-Leninismo\u201d; \u201cOs debates entre Stucka e Pachukanis\u201d; \u201cA Social-Democracia\u201d e \u201cGramsci e o Direito\u201d.<\/p>\n<p class=\"yiv6557529684MsoNormal\">\u201cN\u00f3s temos que intensificar a mobiliza\u00e7\u00e3o em todo o Brasil. Para isso, a forma\u00e7\u00e3o da nossa milit\u00e2ncia \u00e9 uma etapa essencial. Como alternativa, disponibilizamos conte\u00fados gratuitos, pela internet, atrav\u00e9s da ULB\u201d, destacou o secret\u00e1rio-geral nacional do PDT e presidente da FLB-AP, Manoel Dias.<\/p>\n<p class=\"yiv6557529684MsoNormal\">Para mais detalhes, acesse o\u00a0<a href=\"https:\/\/ulb.org.br\/\" target=\"_blank\" rel=\"nofollow noopener noreferrer\">site<\/a>\u00a0ou o aplicativo no\u00a0<a href=\"https:\/\/play.google.com\/store\/apps\/details?id=br.org.ulb.ULBApp&amp;hl=pt_BR&amp;gl=US\" target=\"_blank\" rel=\"nofollow noopener noreferrer\">Google Play<\/a>.<\/p>\n<!-- AddThis Advanced Settings generic via filter on the_content --><!-- AddThis Share Buttons generic via filter on the_content -->","protected":false},"excerpt":{"rendered":"<p>Produto re\u00fane oito videoaulas e garante ao aluno certifica\u00e7\u00e3o digital ap\u00f3s a conclus\u00e3o A Universidade Aberta Leonel Brizola (ULB), vinculada \u00e0 Funda\u00e7\u00e3o Leonel Brizola Alberto Pasqualini (FLB-AP), lan\u00e7ou, em maio deste ano, o curso sobre \u201cDireito e Marxismo\u201d. O produto est\u00e1 dispon\u00edvel gratuitamente na plataforma virtual da organiza\u00e7\u00e3o do PDT, bem como no formato para&#8230;<!-- AddThis Advanced Settings generic via filter on wp_trim_excerpt --><!-- AddThis Share Buttons generic via filter on wp_trim_excerpt --><\/p>\n","protected":false},"author":17,"featured_media":78149,"comment_status":"closed","ping_status":"closed","sticky":false,"template":"","format":"standard","meta":{"_monsterinsights_skip_tracking":false,"_monsterinsights_sitenote_active":false,"_monsterinsights_sitenote_note":"","_monsterinsights_sitenote_category":0,"_uf_show_specific_survey":0,"_uf_disable_surveys":false,"footnotes":""},"categories":[1390],"tags":[591,931,1598],"class_list":["post-78134","post","type-post","status-publish","format-standard","has-post-thumbnail","hentry","category-editorias","tag-manoel-dias","tag-ulb","tag-universidade-aberta-leonel-brizola"],"acf":[],"_links":{"self":[{"href":"https:\/\/pdt-rj.org.br\/index.php\/wp-json\/wp\/v2\/posts\/78134","targetHints":{"allow":["GET"]}}],"collection":[{"href":"https:\/\/pdt-rj.org.br\/index.php\/wp-json\/wp\/v2\/posts"}],"about":[{"href":"https:\/\/pdt-rj.org.br\/index.php\/wp-json\/wp\/v2\/types\/post"}],"author":[{"embeddable":true,"href":"https:\/\/pdt-rj.org.br\/index.php\/wp-json\/wp\/v2\/users\/17"}],"replies":[{"embeddable":true,"href":"https:\/\/pdt-rj.org.br\/index.php\/wp-json\/wp\/v2\/comments?post=78134"}],"version-history":[{"count":2,"href":"https:\/\/pdt-rj.org.br\/index.php\/wp-json\/wp\/v2\/posts\/78134\/revisions"}],"predecessor-version":[{"id":78137,"href":"https:\/\/pdt-rj.org.br\/index.php\/wp-json\/wp\/v2\/posts\/78134\/revisions\/78137"}],"wp:featuredmedia":[{"embeddable":true,"href":"https:\/\/pdt-rj.org.br\/index.php\/wp-json\/wp\/v2\/media\/78149"}],"wp:attachment":[{"href":"https:\/\/pdt-rj.org.br\/index.php\/wp-json\/wp\/v2\/media?parent=78134"}],"wp:term":[{"taxonomy":"category","embeddable":true,"href":"https:\/\/pdt-rj.org.br\/index.php\/wp-json\/wp\/v2\/categories?post=78134"},{"taxonomy":"post_tag","embeddable":true,"href":"https:\/\/pdt-rj.org.br\/index.php\/wp-json\/wp\/v2\/tags?post=78134"}],"curies":[{"name":"wp","href":"https:\/\/api.w.org\/{rel}","templated":true}]}}