{"id":78121,"date":"2021-05-21T18:15:55","date_gmt":"2021-05-21T21:15:55","guid":{"rendered":"http:\/\/pdt-rj.org.br\/?p=78121"},"modified":"2021-05-25T14:16:00","modified_gmt":"2021-05-25T17:16:00","slug":"lupi-reune-liderancas-da-regiao-serrana-do-rio-de-janeiro-para-discutir-acoes-integradas-do-pdt","status":"publish","type":"post","link":"https:\/\/pdt-rj.org.br\/index.php\/lupi-reune-liderancas-da-regiao-serrana-do-rio-de-janeiro-para-discutir-acoes-integradas-do-pdt\/","title":{"rendered":"Lupi re\u00fane lideran\u00e7as da Regi\u00e3o Serrana do Rio de Janeiro para discutir a\u00e7\u00f5es integradas do PDT"},"content":{"rendered":"<p class=\"yiv1590748240p1\"><em><span class=\"yiv1590748240s1\"><b>Fortalecimento das dire\u00e7\u00f5es municipais potencializar\u00e1 projetos estadual e nacional com Ciro Gomes\u00a0\u00a0<\/b><\/span><\/em><\/p>\n<p class=\"yiv1590748240p1\"><span class=\"yiv1590748240s1\">O presidente nacional do PDT, Carlos Lupi, reuniu lideran\u00e7as da Regi\u00e3o Serrana do estado do Rio de Janeiro para discutir, nesta sexta-feira (21), a constru\u00e7\u00e3o de a\u00e7\u00f5es integradas a partir do fortalecimento das dire\u00e7\u00f5es e pr\u00e9-candidaturas locais. O encontro ocorreu na sede da Funda\u00e7\u00e3o Leonel Brizola &#8211; Alberto Pasqualini (FLB-AP), no Centro da capital.<\/span><\/p>\n<p class=\"yiv1590748240p1\"><span class=\"yiv1590748240s1\">Com o apoio do coordenador do partido no Norte Fluminense e ex-deputado estadual, Wanderson Nogueira, Lupi, que tamb\u00e9m \u00e9 presidente estadual, destacou a import\u00e2ncia estrat\u00e9gica da regi\u00e3o, incluindo duas cidades: Bom Jardim e Cordeiro. Ambas foram representadas, no encontro, pelos novos presidentes municipais: Jackson Vogas e Marcos Paulo Barrias, respectivamente.\u00a0<\/span><\/p>\n<p class=\"yiv1590748240p1\"><span class=\"yiv1590748240s1\">\u201cA constru\u00e7\u00e3o que avan\u00e7a, na Regi\u00e3o Serrana, est\u00e1 alinhada com as proje\u00e7\u00f5es estabelecidas para o estado e o Brasil. Com organiza\u00e7\u00e3o, qualifica\u00e7\u00e3o e mobiliza\u00e7\u00e3o, alcan\u00e7aremos resultados expressivos nas elei\u00e7\u00f5es de 2022\u201d, projetou, ao lado do secret\u00e1rio-geral no estado, Ismael Lisboa.<\/span><\/p>\n<p class=\"yiv1590748240p1\"><span class=\"yiv1590748240s1\">\u201cCiro Gomes ter\u00e1, no Rio, um palanque representativo na disputa presidencial. O PDT far\u00e1 a diferen\u00e7a nas disputas para o governo, C\u00e2mara dos Deputados e Senado Federal\u201d, acrescentou Lupi, que incentiva a poss\u00edvel candidatura de Wanderson Nogueira a deputado federal.\u00a0<\/span><\/p>\n<p class=\"yiv1590748240p1\"><span class=\"yiv1590748240s1\">A sigla est\u00e1 dedicada, segundo Wanderson, para oferecer solu\u00e7\u00f5es, de m\u00e9dio e longo prazos, para os cidad\u00e3os fluminenses.\u00a0 \u00a0<\/span><\/p>\n<p class=\"yiv1590748240p1\"><span class=\"yiv1590748240s1\">\u201cFazer uma constru\u00e7\u00e3o regional a partir dessa vis\u00e3o de desenvolvimento nacional, que vem do local para o global, e respeitando o esp\u00edrito trabalhista e o legado do hist\u00f3rico pedetista pela educa\u00e7\u00e3o\u201d, detalhou o pedetista, que recebeu, de Lupi, um exemplar da \u201cEra Vargas\u201d, escrita por Jos\u00e9 Augusto Ribeiro.<\/span><\/p>\n<!-- AddThis Advanced Settings generic via filter on the_content --><!-- AddThis Share Buttons generic via filter on the_content -->","protected":false},"excerpt":{"rendered":"<p>Fortalecimento das dire\u00e7\u00f5es municipais potencializar\u00e1 projetos estadual e nacional com Ciro Gomes\u00a0\u00a0 O presidente nacional do PDT, Carlos Lupi, reuniu lideran\u00e7as da Regi\u00e3o Serrana do estado do Rio de Janeiro para discutir, nesta sexta-feira (21), a constru\u00e7\u00e3o de a\u00e7\u00f5es integradas a partir do fortalecimento das dire\u00e7\u00f5es e pr\u00e9-candidaturas locais. O encontro ocorreu na sede da&#8230;<!-- AddThis Advanced Settings generic via filter on wp_trim_excerpt --><!-- AddThis Share Buttons generic via filter on wp_trim_excerpt --><\/p>\n","protected":false},"author":17,"featured_media":78122,"comment_status":"closed","ping_status":"closed","sticky":false,"template":"","format":"standard","meta":{"_monsterinsights_skip_tracking":false,"_monsterinsights_sitenote_active":false,"_monsterinsights_sitenote_note":"","_monsterinsights_sitenote_category":0,"_uf_show_specific_survey":0,"_uf_disable_surveys":false,"footnotes":""},"categories":[1390,1402,976],"tags":[196,426,4812,4813],"class_list":["post-78121","post","type-post","status-publish","format-standard","has-post-thumbnail","hentry","category-editorias","category-cidades","category-noticias-em-destaque","tag-carlos-lupi","tag-fundacao-leonel-brizola-alberto-pasqualini","tag-regiao-serrana-do-rio-de-janeiro","tag-wanderson-nogueira"],"acf":[],"_links":{"self":[{"href":"https:\/\/pdt-rj.org.br\/index.php\/wp-json\/wp\/v2\/posts\/78121","targetHints":{"allow":["GET"]}}],"collection":[{"href":"https:\/\/pdt-rj.org.br\/index.php\/wp-json\/wp\/v2\/posts"}],"about":[{"href":"https:\/\/pdt-rj.org.br\/index.php\/wp-json\/wp\/v2\/types\/post"}],"author":[{"embeddable":true,"href":"https:\/\/pdt-rj.org.br\/index.php\/wp-json\/wp\/v2\/users\/17"}],"replies":[{"embeddable":true,"href":"https:\/\/pdt-rj.org.br\/index.php\/wp-json\/wp\/v2\/comments?post=78121"}],"version-history":[{"count":1,"href":"https:\/\/pdt-rj.org.br\/index.php\/wp-json\/wp\/v2\/posts\/78121\/revisions"}],"predecessor-version":[{"id":78123,"href":"https:\/\/pdt-rj.org.br\/index.php\/wp-json\/wp\/v2\/posts\/78121\/revisions\/78123"}],"wp:featuredmedia":[{"embeddable":true,"href":"https:\/\/pdt-rj.org.br\/index.php\/wp-json\/wp\/v2\/media\/78122"}],"wp:attachment":[{"href":"https:\/\/pdt-rj.org.br\/index.php\/wp-json\/wp\/v2\/media?parent=78121"}],"wp:term":[{"taxonomy":"category","embeddable":true,"href":"https:\/\/pdt-rj.org.br\/index.php\/wp-json\/wp\/v2\/categories?post=78121"},{"taxonomy":"post_tag","embeddable":true,"href":"https:\/\/pdt-rj.org.br\/index.php\/wp-json\/wp\/v2\/tags?post=78121"}],"curies":[{"name":"wp","href":"https:\/\/api.w.org\/{rel}","templated":true}]}}