{"id":78117,"date":"2021-05-21T17:41:23","date_gmt":"2021-05-21T20:41:23","guid":{"rendered":"http:\/\/pdt-rj.org.br\/?p=78117"},"modified":"2021-05-21T17:41:23","modified_gmt":"2021-05-21T20:41:23","slug":"sob-gestao-da-pedetista-fernanda-ontiveros-prefeitura-de-japeri-rj-inicia-projeto-de-infraestrutura","status":"publish","type":"post","link":"https:\/\/pdt-rj.org.br\/index.php\/sob-gestao-da-pedetista-fernanda-ontiveros-prefeitura-de-japeri-rj-inicia-projeto-de-infraestrutura\/","title":{"rendered":"Sob gest\u00e3o da pedetista Fernanda Ontiveros, prefeitura de Japeri (RJ) inicia projeto de infraestrutura"},"content":{"rendered":"<p>Uma boa not\u00edcia para os moradores de Japeri (RJ), na Baixada Fluminense, chegou \u00e0 cidade nessa quinta-feira (20). Sob a gest\u00e3o da prefeita Fernanda Ontiveros (PDT), a prefeitura promoveu, junto a representantes do Departamento de Estradas e Rodagens (DER-RJ), uma visita t\u00e9cnica em diversos pontos do munic\u00edpio para viabilizar a pavimenta\u00e7\u00e3o e drenagem das ruas da regi\u00e3o. A iniciativa, que \u00e9 fruto de um conv\u00eanio firmado entre a gest\u00e3o municipal e o Governo do Estado, ir\u00e1 contemplar 13 bairros e mais de 50 ruas.<\/p>\n<p>Durante toda a manh\u00e3, os representantes do DER realizaram uma vistoria t\u00e9cnica para avaliar a situa\u00e7\u00e3o de algumas vias municipais e, assim, executar as interven\u00e7\u00f5es necess\u00e1rias.\u00a0O projeto beneficiar\u00e1 os bairros: Nova Bel\u00e9m, Chacrinha, Santa Am\u00e9lia, Aljezur, Vila Laranjal, Tricampe\u00e3o, S\u00e3o Sebasti\u00e3o, Jardim Delamare, Jardim Belo Horizonte, Santa Terezinha, Santa In\u00eas, Mucaj\u00e1 e\u00a0Morro\u00a0da Caixa D\u2019\u00c1gua.<\/p>\n<p class=\"has-text-align-justify\">Segundo a equipe t\u00e9cnica do \u00f3rg\u00e3o,\u00a0a a\u00e7\u00e3o ter\u00e1 in\u00edcio nos pr\u00f3ximos 20 dias tendo como primeiro beneficiado o bairro Nova Bel\u00e9m.<\/p>\n<p class=\"has-text-align-justify\">Para a prefeita de Japeri, Dr\u00aa\u00a0Fernanda Ontiveros, as a\u00e7\u00f5es v\u00e3o melhorar a locomo\u00e7\u00e3o de ve\u00edculos e pedestres no dia a dia\u00a0e, principalmente, mudar a realidade de milhares de pessoas que sofrem h\u00e1 d\u00e9cadas com a falta de saneamento b\u00e1sico.<\/p>\n<p class=\"has-text-align-justify\">\u201cEstamos felizes demais com a chegada deste projeto que ir\u00e1\u00a0mudar a vida de muitas pessoas, afinal, a lama, poeira e falta de saneamento b\u00e1sico s\u00e3o mazelas antigas de Japeri. As obras tamb\u00e9m ir\u00e3o\u00a0melhorar o tr\u00e1fego nas estradas, avenidas e ruas da nossa cidade. Nossa expectativa \u00e9 de que em duas semanas as m\u00e1quinas e os t\u00e9cnicos iniciem as melhorias. Estamos vivendo um novo tempo em Japeri\u201d, destacou a gestora.<\/p>\n<!-- AddThis Advanced Settings generic via filter on the_content --><!-- AddThis Share Buttons generic via filter on the_content -->","protected":false},"excerpt":{"rendered":"<p>Uma boa not\u00edcia para os moradores de Japeri (RJ), na Baixada Fluminense, chegou \u00e0 cidade nessa quinta-feira (20). Sob a gest\u00e3o da prefeita Fernanda Ontiveros (PDT), a prefeitura promoveu, junto a representantes do Departamento de Estradas e Rodagens (DER-RJ), uma visita t\u00e9cnica em diversos pontos do munic\u00edpio para viabilizar a pavimenta\u00e7\u00e3o e drenagem das ruas&#8230;<!-- AddThis Advanced Settings generic via filter on wp_trim_excerpt --><!-- AddThis Share Buttons generic via filter on wp_trim_excerpt --><\/p>\n","protected":false},"author":17,"featured_media":78119,"comment_status":"closed","ping_status":"closed","sticky":false,"template":"","format":"standard","meta":{"_monsterinsights_skip_tracking":false,"_monsterinsights_sitenote_active":false,"_monsterinsights_sitenote_note":"","_monsterinsights_sitenote_category":0,"_uf_show_specific_survey":0,"_uf_disable_surveys":false,"footnotes":""},"categories":[1390,1402],"tags":[4811,4250,4782,4810],"class_list":["post-78117","post","type-post","status-publish","format-standard","has-post-thumbnail","hentry","category-editorias","category-cidades","tag-der-rj","tag-fernanda-ontiveros","tag-prefeitura-de-japeri-rj","tag-projeto-de-infraestrutura"],"acf":[],"_links":{"self":[{"href":"https:\/\/pdt-rj.org.br\/index.php\/wp-json\/wp\/v2\/posts\/78117","targetHints":{"allow":["GET"]}}],"collection":[{"href":"https:\/\/pdt-rj.org.br\/index.php\/wp-json\/wp\/v2\/posts"}],"about":[{"href":"https:\/\/pdt-rj.org.br\/index.php\/wp-json\/wp\/v2\/types\/post"}],"author":[{"embeddable":true,"href":"https:\/\/pdt-rj.org.br\/index.php\/wp-json\/wp\/v2\/users\/17"}],"replies":[{"embeddable":true,"href":"https:\/\/pdt-rj.org.br\/index.php\/wp-json\/wp\/v2\/comments?post=78117"}],"version-history":[{"count":2,"href":"https:\/\/pdt-rj.org.br\/index.php\/wp-json\/wp\/v2\/posts\/78117\/revisions"}],"predecessor-version":[{"id":78120,"href":"https:\/\/pdt-rj.org.br\/index.php\/wp-json\/wp\/v2\/posts\/78117\/revisions\/78120"}],"wp:featuredmedia":[{"embeddable":true,"href":"https:\/\/pdt-rj.org.br\/index.php\/wp-json\/wp\/v2\/media\/78119"}],"wp:attachment":[{"href":"https:\/\/pdt-rj.org.br\/index.php\/wp-json\/wp\/v2\/media?parent=78117"}],"wp:term":[{"taxonomy":"category","embeddable":true,"href":"https:\/\/pdt-rj.org.br\/index.php\/wp-json\/wp\/v2\/categories?post=78117"},{"taxonomy":"post_tag","embeddable":true,"href":"https:\/\/pdt-rj.org.br\/index.php\/wp-json\/wp\/v2\/tags?post=78117"}],"curies":[{"name":"wp","href":"https:\/\/api.w.org\/{rel}","templated":true}]}}