{"id":78098,"date":"2021-05-20T14:14:38","date_gmt":"2021-05-20T17:14:38","guid":{"rendered":"http:\/\/pdt-rj.org.br\/?p=78098"},"modified":"2021-05-20T15:30:37","modified_gmt":"2021-05-20T18:30:37","slug":"tulio-gadelha-e-goura-entram-com-mandado-de-seguranca-no-stf-para-interromper-tramitacao-de-pl-que-desmonta-regras-do-licenciamento-ambiental","status":"publish","type":"post","link":"https:\/\/pdt-rj.org.br\/index.php\/tulio-gadelha-e-goura-entram-com-mandado-de-seguranca-no-stf-para-interromper-tramitacao-de-pl-que-desmonta-regras-do-licenciamento-ambiental\/","title":{"rendered":"T\u00falio Gad\u00ealha e Goura entram com mandado de seguran\u00e7a no STF para interromper tramita\u00e7\u00e3o de PL que desmonta regras do Licenciamento Ambiental"},"content":{"rendered":"<p><em><strong>Os parlamentares requerem a suspens\u00e3o da tramita\u00e7\u00e3o do PL at\u00e9 que o Poder Legislativo promova consultas, debates e di\u00e1logos necess\u00e1rios com a sociedade <\/strong><\/em><\/p>\n<p>O deputado federal T\u00falio Gad\u00ealha (PDT-PE) e o deputado estadual Goura (PDT-PR) entraram, nesta sexta-feira (14), no Supremo Tribunal Federal (STF), com mandado de seguran\u00e7a com pedido de liminar de urg\u00eancia, para interromper a tramita\u00e7\u00e3o do projeto de lei 3729\/2004, o qual flexibiliza as regras de libera\u00e7\u00e3o de licen\u00e7a ambiental. O PL foi aprovado na C\u00e2mara dos Deputados nesta quinta-feira (13) e segue para o Senado Federal.<\/p>\n<p>Os parlamentares requerem a suspens\u00e3o da tramita\u00e7\u00e3o at\u00e9 que o Poder Legislativo promova consultas, debates e di\u00e1logos necess\u00e1rios com a sociedade acerca das mudan\u00e7as a serem implementadas pela nova Lei de Licenciamento Ambiental.<\/p>\n<p>Segundo o parlamentar pernambucano, entre v\u00e1rios males que a proposta vai ocasionar ao meio ambiente, a medida foi aprovada sem a necess\u00e1ria consulta aos povos ind\u00edgenas e quilombolas, que ser\u00e3o diretamente afetados. &#8220;Queremos amplificar os debates acerca do que se busca regulamentar, sobretudo com os povos ind\u00edgenas e quilombolas. Nossa inten\u00e7\u00e3o \u00e9 que o PL somente volte a tramitar ap\u00f3s consultas aos setores envolvidos na discuss\u00e3o\u201d, explicou.<\/p>\n<p>Ainda de acordo com o pedetista, o projeto de lei exclui a an\u00e1lise de impacto e ado\u00e7\u00e3o de medidas para prevenir danos sobre todas as terras ind\u00edgenas, que n\u00e3o foram efetivamente demarcadas e todos os territ\u00f3rios quilombolas, que ainda n\u00e3o foram titulados. \u201cIsso \u00e9 muito grave. As consequ\u00eancias da devasta\u00e7\u00e3o ambiental nessas \u00e1reas atingir\u00e3o o direito de toda sociedade a viver em um meio ambiente ecologicamente equilibrado\u201d, destacou Gad\u00ealha.<\/p>\n<p>Para o deputado estadual Goura (PDT-PR), \u201cesse PL \u00e9 a maior de todas as boiadas do Governo Federal. Enquanto o mundo avan\u00e7a na economia verde, no respeito ao meio ambiente e aos povos origin\u00e1rios, como preconiza os 17 ODS (Objetivos de Desenvolvimento Sustent\u00e1vel), o projeto vai na contram\u00e3o de tudo isso e legaliza a destrui\u00e7\u00e3o&#8221;, argumenta o parlamentar que \u00e9 presidente da Comiss\u00e3o de Meio Ambiente da Assembleia Legislativa do Paran\u00e1. &#8220;\u00c9 um crime contra a humanidade que precisa ser parado&#8221;, complementa.<\/p>\n<p><strong>Emendas apresentadas<\/strong><\/p>\n<p>O deputado pernambucano chegou a apresentar duas emendas \u00e0 proposta. Uma delas manteria a responsabiliza\u00e7\u00e3o solid\u00e1ria dos financiadores de projetos e empreendimentos por danos causados ao meio ambiente e a outra garantiria a compet\u00eancia dos \u00f3rg\u00e3os nacionais para liberar a licen\u00e7a ambiental, evitando que estados e munic\u00edpios tenham esse poder. \u201cEsses territ\u00f3rios podem ser estimulados a afrouxar suas regras para atrair empreendimentos\u201d, justificou. Por\u00e9m, as duas propostas apresentadas pelo parlamentar foram rejeitadas pela relatoria.<\/p>\n<p>A proposta das novas regras baseou-se na argumenta\u00e7\u00e3o de que a burocracia imposta pelos \u00f3rg\u00e3os reguladores s\u00e3o os principais respons\u00e1veis pelos atrasos nas obras. \u201cEntretanto, \u00e9 um duro ataque ao meio ambiente e \u00e0 imagem do Pa\u00eds no exterior\u201d, argumenta o deputado federal.<\/p>\n<p>A exig\u00eancia para a mudan\u00e7a das regras de licenciamento ambiental partiu de produtores rurais e do setor econ\u00f4mico que classificam as normas em vigor como burocr\u00e1ticas e lentas. Por outro lado, segundo ambientalistas, a altera\u00e7\u00e3o na lei significa um massacre ao meio ambiente.<\/p>\n<p>O PL 3729\/2004 revoga o artigo 10\u00ba da Pol\u00edtica Nacional de Meio Ambiente, o qual exigia das empresas, potencialmente poluidoras, a licen\u00e7a pr\u00e9via ambiental. Ainda tira a obrigatoriedade de licenciamentos para uma s\u00e9rie de empreendimentos. \u201cO que est\u00e1 acontecendo \u00e9 grav\u00edssimo e as consequ\u00eancias s\u00e3o inestim\u00e1veis\u201d.<\/p>\n<p>O PL foi denominado de Lei da N\u00e3o Licen\u00e7a ou do Autolicenciamento, pois desmonta a Lei de Licenciamento Ambiental, principal e mais consolidado instrumento da Pol\u00edtica Nacional do Meio Ambiente, destinado ao controle pr\u00e9vio da polui\u00e7\u00e3o e outras formas de degrada\u00e7\u00e3o ambiental decorrentes das atividades humanas.<\/p>\n<p>O texto aprovado, de acordo com ativistas ambientais, vai provocar impactos socioambientais graves, podendo resultar, inclusive, com o crescimento do n\u00famero de trag\u00e9dias como as ocorridas em Mariana e Brumadinho (MG).<\/p>\n<p>Confira <a href=\"http:\/\/pdt-rj.org.br\/wp-content\/uploads\/2021\/05\/Peti\u00e7\u00e3o-Inicial-Mandado-de-Seguran\u00e7a-contra-PL-que-altera-a-Lei-de-Licenciamento-Ambiental.pdf\">aqui<\/a> a \u00edntegra da peti\u00e7\u00e3o.<\/p>\n<!-- AddThis Advanced Settings generic via filter on the_content --><!-- AddThis Share Buttons generic via filter on the_content -->","protected":false},"excerpt":{"rendered":"<p>Os parlamentares requerem a suspens\u00e3o da tramita\u00e7\u00e3o do PL at\u00e9 que o Poder Legislativo promova consultas, debates e di\u00e1logos necess\u00e1rios com a sociedade O deputado federal T\u00falio Gad\u00ealha (PDT-PE) e o deputado estadual Goura (PDT-PR) entraram, nesta sexta-feira (14), no Supremo Tribunal Federal (STF), com mandado de seguran\u00e7a com pedido de liminar de urg\u00eancia, para&#8230;<!-- AddThis Advanced Settings generic via filter on wp_trim_excerpt --><!-- AddThis Share Buttons generic via filter on wp_trim_excerpt --><\/p>\n","protected":false},"author":17,"featured_media":78099,"comment_status":"closed","ping_status":"closed","sticky":false,"template":"","format":"standard","meta":{"_monsterinsights_skip_tracking":false,"_monsterinsights_sitenote_active":false,"_monsterinsights_sitenote_note":"","_monsterinsights_sitenote_category":0,"_uf_show_specific_survey":0,"_uf_disable_surveys":false,"footnotes":""},"categories":[1390,1459,1401],"tags":[3285,4808,4807],"class_list":["post-78098","post","type-post","status-publish","format-standard","has-post-thumbnail","hentry","category-editorias","category-congresso","category-nacional","tag-goura","tag-lei-de-licenciamento-ambiental","tag-tulho-gadelha"],"acf":[],"_links":{"self":[{"href":"https:\/\/pdt-rj.org.br\/index.php\/wp-json\/wp\/v2\/posts\/78098","targetHints":{"allow":["GET"]}}],"collection":[{"href":"https:\/\/pdt-rj.org.br\/index.php\/wp-json\/wp\/v2\/posts"}],"about":[{"href":"https:\/\/pdt-rj.org.br\/index.php\/wp-json\/wp\/v2\/types\/post"}],"author":[{"embeddable":true,"href":"https:\/\/pdt-rj.org.br\/index.php\/wp-json\/wp\/v2\/users\/17"}],"replies":[{"embeddable":true,"href":"https:\/\/pdt-rj.org.br\/index.php\/wp-json\/wp\/v2\/comments?post=78098"}],"version-history":[{"count":3,"href":"https:\/\/pdt-rj.org.br\/index.php\/wp-json\/wp\/v2\/posts\/78098\/revisions"}],"predecessor-version":[{"id":78104,"href":"https:\/\/pdt-rj.org.br\/index.php\/wp-json\/wp\/v2\/posts\/78098\/revisions\/78104"}],"wp:featuredmedia":[{"embeddable":true,"href":"https:\/\/pdt-rj.org.br\/index.php\/wp-json\/wp\/v2\/media\/78099"}],"wp:attachment":[{"href":"https:\/\/pdt-rj.org.br\/index.php\/wp-json\/wp\/v2\/media?parent=78098"}],"wp:term":[{"taxonomy":"category","embeddable":true,"href":"https:\/\/pdt-rj.org.br\/index.php\/wp-json\/wp\/v2\/categories?post=78098"},{"taxonomy":"post_tag","embeddable":true,"href":"https:\/\/pdt-rj.org.br\/index.php\/wp-json\/wp\/v2\/tags?post=78098"}],"curies":[{"name":"wp","href":"https:\/\/api.w.org\/{rel}","templated":true}]}}