{"id":78078,"date":"2021-05-19T17:31:24","date_gmt":"2021-05-19T20:31:24","guid":{"rendered":"http:\/\/pdt-rj.org.br\/?p=78078"},"modified":"2022-04-18T15:50:57","modified_gmt":"2022-04-18T18:50:57","slug":"rodrigo-neves-e-edvaldo-nogueira-associam-agravamento-da-crise-com-governo-bolsonaro","status":"publish","type":"post","link":"https:\/\/pdt-rj.org.br\/index.php\/rodrigo-neves-e-edvaldo-nogueira-associam-agravamento-da-crise-com-governo-bolsonaro\/","title":{"rendered":"Rodrigo Neves e Edvaldo Nogueira associam agravamento da crise com governo Bolsonaro"},"content":{"rendered":"<p class=\"yiv2216210944MsoNormal\"><em><strong>Pedetistas participaram do semin\u00e1rio promovido pela Frente Nacional de Prefeitos e a Universidade de Coimbra<\/strong><\/em><\/p>\n<p class=\"yiv2216210944MsoNormal\">O ex-prefeito de Niter\u00f3i (RJ) Rodrigo Neves e o prefeito de Aracaju (SE), Edvaldo Nogueira, ambos do PDT, avaliaram, durante debate virtual nesta segunda-feira (17), a situa\u00e7\u00e3o do Brasil diante das crises sanit\u00e1ria, econ\u00f4mica e social potencializadas pela jun\u00e7\u00e3o de dois fatores: pandemia da Covid-19 e Jair Bolsonaro na presid\u00eancia da Rep\u00fablica.<\/p>\n<p class=\"yiv2216210944MsoNormal\">No semin\u00e1rio \u201cA pandemia e o futuro das cidades: governan\u00e7a e participa\u00e7\u00e3o\u201d, que foi realizado pela Frente Nacional de Prefeitos (FNP) e a Universidade de Coimbra, de Portugal, tamb\u00e9m participaram a prefeita de Pelotas (RS), Paula Mascarenhas, bem como o diretor em\u00e9rito, o vice-presidente do conselho cient\u00edfico e o pesquisador do Centro de Estudos Sociais de Coimbra, Boaventura Santos e Jorge Figueira e Giovanni Allegretti, respectivamente.<\/p>\n<p class=\"yiv2216210944MsoNormal\">Para Rodrigo Neves, o Brasil, diferente de pa\u00edses como Portugal, n\u00e3o conseguiu implementar uma medida de isolamento f\u00edsico e sanit\u00e1rio, apesar de exce\u00e7\u00f5es exitosas, como Niter\u00f3i.<\/p>\n<p class=\"yiv2216210944MsoNormal\">\u201cN\u00f3s fizemos o gabinete de crise, integrando as diversas a\u00e7\u00f5es de governo no enfrentamento da pandemia, um conselho cient\u00edfico para aconselhar as medidas e pol\u00edticas p\u00fablicas. Medidas, essas, que est\u00e3o tendo continuidade na gest\u00e3o do prefeito eleito, Axel Grael\u201d, detalhou o gestor, que administrou a cidade entre 2013 e 2020.<\/p>\n<p class=\"yiv2216210944MsoNormal\">\u201cDessa forma [desorganizada com Bolsonaro], mantivemos um patamar muito elevado do n\u00famero de novos cont\u00e1gios e de \u00f3bitos\u201d, criticou, o que gerou o fechamento das unidades educacionais.<\/p>\n<p class=\"yiv2216210944MsoNormal\">Com isso, Neves explica que o impacto social ser\u00e1 ainda mais incisivo, entre os mais pobres, pela precariza\u00e7\u00e3o da oferta de ensino p\u00fablico qualificado.<\/p>\n<p class=\"yiv2216210944MsoNormal\">\u201cO Brasil j\u00e1 tinha desigualdade derivada da falta de acesso e de qualidade da educa\u00e7\u00e3o, especialmente no ensino fundamental, na educa\u00e7\u00e3o infantil\u201d, analisou.<\/p>\n<p class=\"yiv2216210944MsoNormal\">\u201cTemos um enorme d\u00e9ficit ainda de acesso de crian\u00e7as, a despeito dos avan\u00e7os com o Fundo de Manuten\u00e7\u00e3o e Desenvolvimento da Educa\u00e7\u00e3o B\u00e1sica (Fundeb), que \u00e9 uma nova regra de cofinanciamento da educa\u00e7\u00e3o no Brasil\u201d, disse, ao relatar a import\u00e2ncia da renda b\u00e1sica universal e da inclus\u00e3o digital, principalmente nas camadas mais pobres da sociedade.<\/p>\n<p class=\"yiv2216210944MsoNormal\"><b>Responsabilidade<\/b><\/p>\n<p class=\"yiv2216210944MsoNormal\">Presidente da FNP, Edvaldo Nogueira enfatizou que a pandemia abre perspectivas para a \u201chumanidade aprender e evoluir\u201d \u00e0 medida que os gestores e o poder p\u00fablico tenham \u201ccomo base a ci\u00eancia\u201d.<\/p>\n<p class=\"yiv2216210944MsoNormal\">\u201cA simbiose entre ci\u00eancia e gest\u00e3o sempre foi, na hist\u00f3ria da humanidade, fundamental para que a gente pudesse vencer as dificuldades, sejam elas naturais, guerras e tamb\u00e9m, essencialmente, as epidemias. Infelizmente, no Brasil, ainda existe a dualidade entre ci\u00eancia e negacionismo\u201d, avaliou.<\/p>\n<p class=\"yiv2216210944MsoNormal\">Segundo o prefeito pedetista, a aus\u00eancia de planejamento e a fragilidade da atua\u00e7\u00e3o do governo federal potencializou o impacto do coronav\u00edrus e obrigou estados e munic\u00edpios a agirem, a partir de cons\u00f3rcios, para efetivar medidas decisivas, como a implementa\u00e7\u00e3o do isolamento social e a compra de vacinas.<\/p>\n<p class=\"yiv2216210944MsoNormal\">Para assistir a \u00edntegra do debate, clique\u00a0<a href=\"https:\/\/www.youtube.com\/watch?v=o_EUqkfAJG0\" target=\"_blank\" rel=\"nofollow noopener noreferrer\">aqui<\/a>.<\/p>\n<!-- AddThis Advanced Settings generic via filter on the_content --><!-- AddThis Share Buttons generic via filter on the_content -->","protected":false},"excerpt":{"rendered":"<p>Pedetistas participaram do semin\u00e1rio promovido pela Frente Nacional de Prefeitos e a Universidade de Coimbra O ex-prefeito de Niter\u00f3i (RJ) Rodrigo Neves e o prefeito de Aracaju (SE), Edvaldo Nogueira, ambos do PDT, avaliaram, durante debate virtual nesta segunda-feira (17), a situa\u00e7\u00e3o do Brasil diante das crises sanit\u00e1ria, econ\u00f4mica e social potencializadas pela jun\u00e7\u00e3o de&#8230;<!-- AddThis Advanced Settings generic via filter on wp_trim_excerpt --><!-- AddThis Share Buttons generic via filter on wp_trim_excerpt --><\/p>\n","protected":false},"author":17,"featured_media":78079,"comment_status":"closed","ping_status":"closed","sticky":false,"template":"","format":"standard","meta":{"_monsterinsights_skip_tracking":false,"_monsterinsights_sitenote_active":false,"_monsterinsights_sitenote_note":"","_monsterinsights_sitenote_category":0,"_uf_show_specific_survey":0,"_uf_disable_surveys":false,"footnotes":""},"categories":[1390,5414,5415],"tags":[4161,4025,4799,4162,2141,2140,2152,2463,4002,3169,940],"class_list":["post-78078","post","type-post","status-publish","format-standard","has-post-thumbnail","hentry","category-editorias","category-estado","category-rodrigo-neves","tag-aracaju-se","tag-axel-grael","tag-centro-de-estudos-sociais-de-coimbra","tag-edvaldo-nogueira","tag-fnp","tag-frente-nacional-de-prefeitos","tag-fundeb","tag-niteroi-rj","tag-pelotas-rs","tag-rodrigo-neves","tag-universidade-de-coimbra"],"acf":[],"_links":{"self":[{"href":"https:\/\/pdt-rj.org.br\/index.php\/wp-json\/wp\/v2\/posts\/78078","targetHints":{"allow":["GET"]}}],"collection":[{"href":"https:\/\/pdt-rj.org.br\/index.php\/wp-json\/wp\/v2\/posts"}],"about":[{"href":"https:\/\/pdt-rj.org.br\/index.php\/wp-json\/wp\/v2\/types\/post"}],"author":[{"embeddable":true,"href":"https:\/\/pdt-rj.org.br\/index.php\/wp-json\/wp\/v2\/users\/17"}],"replies":[{"embeddable":true,"href":"https:\/\/pdt-rj.org.br\/index.php\/wp-json\/wp\/v2\/comments?post=78078"}],"version-history":[{"count":2,"href":"https:\/\/pdt-rj.org.br\/index.php\/wp-json\/wp\/v2\/posts\/78078\/revisions"}],"predecessor-version":[{"id":78081,"href":"https:\/\/pdt-rj.org.br\/index.php\/wp-json\/wp\/v2\/posts\/78078\/revisions\/78081"}],"wp:featuredmedia":[{"embeddable":true,"href":"https:\/\/pdt-rj.org.br\/index.php\/wp-json\/wp\/v2\/media\/78079"}],"wp:attachment":[{"href":"https:\/\/pdt-rj.org.br\/index.php\/wp-json\/wp\/v2\/media?parent=78078"}],"wp:term":[{"taxonomy":"category","embeddable":true,"href":"https:\/\/pdt-rj.org.br\/index.php\/wp-json\/wp\/v2\/categories?post=78078"},{"taxonomy":"post_tag","embeddable":true,"href":"https:\/\/pdt-rj.org.br\/index.php\/wp-json\/wp\/v2\/tags?post=78078"}],"curies":[{"name":"wp","href":"https:\/\/api.w.org\/{rel}","templated":true}]}}