{"id":78074,"date":"2021-05-19T17:21:20","date_gmt":"2021-05-19T20:21:20","guid":{"rendered":"http:\/\/pdt-rj.org.br\/?p=78074"},"modified":"2021-05-19T17:21:33","modified_gmt":"2021-05-19T20:21:33","slug":"martha-rocha-preside-cpi-contra-casos-de-intolerancia-religiosa-no-rio-de-janeiro","status":"publish","type":"post","link":"https:\/\/pdt-rj.org.br\/index.php\/martha-rocha-preside-cpi-contra-casos-de-intolerancia-religiosa-no-rio-de-janeiro\/","title":{"rendered":"Martha Rocha preside CPI contra casos de intoler\u00e2ncia religiosa no Rio de Janeiro"},"content":{"rendered":"<p class=\"yiv5862552687gmail-MsoNoSpacing\"><em><b>Deputada estadual do PDT indica que comiss\u00e3o buscar\u00e1 proposi\u00e7\u00f5es para combater o aumento dos crimes<\/b><\/em><\/p>\n<p class=\"yiv5862552687gmail-MsoNoSpacing\">A deputada estadual Martha Rocha (PDT-RJ) presidir\u00e1 a Comiss\u00e3o Parlamentar de Inqu\u00e9rito (CPI) para apurar casos de intoler\u00e2ncia religiosa em todas as regi\u00f5es fluminenses. A instala\u00e7\u00e3o ocorreu, nesta ter\u00e7a-feira (18), na Assembleia Legislativa do Estado do Rio de Janeiro (Alerj).<\/p>\n<p class=\"yiv5862552687gmail-MsoNoSpacing\">\u201cDepois de muita luta, uma conquista necess\u00e1ria! Tenho articulado pela CPI, h\u00e1 alguns meses, e ela foi instaurada. Vamos apurar as causas e consequ\u00eancias desses crimes no estado e buscar alternativas para evitar essas a\u00e7\u00f5es que se traduzem em crime de \u00f3dio\u201d, destacou a pedetista.<\/p>\n<p class=\"yiv5862552687gmail-MsoNoSpacing\">Ainda de acordo com a parlamentar, de 2015 a 2019, foram registrados pela Pol\u00edcia Civil cerca de 6.700 crimes por esse tipo de atitude. Em 2020, verificou-se 1.355 casos, segundo dados do Instituto de Seguran\u00e7a P\u00fablica (ISP).<\/p>\n<p class=\"yiv5862552687gmail-MsoNoSpacing\">A deputada Tia Ju (REP) ocupar\u00e1 a vice-presid\u00eancia e o deputado \u00c1tila Nunes (MDB) ser\u00e1 o relator. O grupo tamb\u00e9m \u00e9 composto pelos deputados Waldeck Carneiro (PT), Carlos Minc (PSB), Noel de Carvalho (PSDB), e pelas deputadas Dani Monteiro (Psol), Renata Souza (Psol), Monica Francisco (Psol) e Adriana Balthazar (NOVO).<\/p>\n<!-- AddThis Advanced Settings generic via filter on the_content --><!-- AddThis Share Buttons generic via filter on the_content -->","protected":false},"excerpt":{"rendered":"<p>Deputada estadual do PDT indica que comiss\u00e3o buscar\u00e1 proposi\u00e7\u00f5es para combater o aumento dos crimes A deputada estadual Martha Rocha (PDT-RJ) presidir\u00e1 a Comiss\u00e3o Parlamentar de Inqu\u00e9rito (CPI) para apurar casos de intoler\u00e2ncia religiosa em todas as regi\u00f5es fluminenses. A instala\u00e7\u00e3o ocorreu, nesta ter\u00e7a-feira (18), na Assembleia Legislativa do Estado do Rio de Janeiro (Alerj)&#8230;.<!-- AddThis Advanced Settings generic via filter on wp_trim_excerpt --><!-- AddThis Share Buttons generic via filter on wp_trim_excerpt --><\/p>\n","protected":false},"author":17,"featured_media":78075,"comment_status":"closed","ping_status":"closed","sticky":false,"template":"","format":"standard","meta":{"_monsterinsights_skip_tracking":false,"_monsterinsights_sitenote_active":false,"_monsterinsights_sitenote_note":"","_monsterinsights_sitenote_category":0,"_uf_show_specific_survey":0,"_uf_disable_surveys":false,"footnotes":""},"categories":[1390],"tags":[1519,4798,2869,1602],"class_list":["post-78074","post","type-post","status-publish","format-standard","has-post-thumbnail","hentry","category-editorias","tag-cpi","tag-intolerancia-religiosa","tag-martha-rocha","tag-rio-de-janeiro"],"acf":[],"_links":{"self":[{"href":"https:\/\/pdt-rj.org.br\/index.php\/wp-json\/wp\/v2\/posts\/78074","targetHints":{"allow":["GET"]}}],"collection":[{"href":"https:\/\/pdt-rj.org.br\/index.php\/wp-json\/wp\/v2\/posts"}],"about":[{"href":"https:\/\/pdt-rj.org.br\/index.php\/wp-json\/wp\/v2\/types\/post"}],"author":[{"embeddable":true,"href":"https:\/\/pdt-rj.org.br\/index.php\/wp-json\/wp\/v2\/users\/17"}],"replies":[{"embeddable":true,"href":"https:\/\/pdt-rj.org.br\/index.php\/wp-json\/wp\/v2\/comments?post=78074"}],"version-history":[{"count":2,"href":"https:\/\/pdt-rj.org.br\/index.php\/wp-json\/wp\/v2\/posts\/78074\/revisions"}],"predecessor-version":[{"id":78077,"href":"https:\/\/pdt-rj.org.br\/index.php\/wp-json\/wp\/v2\/posts\/78074\/revisions\/78077"}],"wp:featuredmedia":[{"embeddable":true,"href":"https:\/\/pdt-rj.org.br\/index.php\/wp-json\/wp\/v2\/media\/78075"}],"wp:attachment":[{"href":"https:\/\/pdt-rj.org.br\/index.php\/wp-json\/wp\/v2\/media?parent=78074"}],"wp:term":[{"taxonomy":"category","embeddable":true,"href":"https:\/\/pdt-rj.org.br\/index.php\/wp-json\/wp\/v2\/categories?post=78074"},{"taxonomy":"post_tag","embeddable":true,"href":"https:\/\/pdt-rj.org.br\/index.php\/wp-json\/wp\/v2\/tags?post=78074"}],"curies":[{"name":"wp","href":"https:\/\/api.w.org\/{rel}","templated":true}]}}