{"id":78023,"date":"2021-05-17T18:40:58","date_gmt":"2021-05-17T21:40:58","guid":{"rendered":"http:\/\/pdt-rj.org.br\/?p=78023"},"modified":"2021-05-21T23:10:04","modified_gmt":"2021-05-22T02:10:04","slug":"liderancas-do-pdt-fortalecem-luta-continua-contra-lgbtifobia-no-brasil","status":"publish","type":"post","link":"https:\/\/pdt-rj.org.br\/index.php\/liderancas-do-pdt-fortalecem-luta-continua-contra-lgbtifobia-no-brasil\/","title":{"rendered":"Lideran\u00e7as do PDT fortalecem luta cont\u00ednua contra \u201cLGBTIfobia\u201d no Brasil"},"content":{"rendered":"<p class=\"yiv2186438660MsoNormal\"><em><b>Pioneiro com a formaliza\u00e7\u00e3o do PDT Diversidade, partido reafirma luta pelos direitos sociais no Brasil<\/b><\/em><\/p>\n<p class=\"yiv3922583072MsoNormal\">Pioneiro na formaliza\u00e7\u00e3o de um movimento sobre a tem\u00e1tica LGBTQIA+ (PDT Diversidade), o partido reiterou nesta segunda-feira (17), a partir de lideran\u00e7as como Carlos Lupi e Ciro Gomes, presidente e vice-presidente nacionais da sigla, a import\u00e2ncia da luta cont\u00ednua do campo progressista contra o preconceito no Brasil. As manifesta\u00e7\u00f5es ocorreram, nas redes sociais, em fun\u00e7\u00e3o do Dia Internacional contra a \u201cLGBTIfobia\u201d.<\/p>\n<p class=\"yiv3922583072MsoNormal\">Ao exaltar a vanguarda dos pedetistas, Lupi colocou a diversidade como ess\u00eancia de uma sociedade brasileira que deve valorizar e proteger as escolhas de cada cidad\u00e3o.<\/p>\n<p class=\"yiv3922583072MsoNormal\">\u201cDefendo, com muito vigor e muita convic\u00e7\u00e3o, o direito do ser humano de fazer com seu corpo o que bem entender. N\u00f3s temos que classificar o ser humano pela sua honestidade, integridade e moral de respeitar o direito do seu semelhante, n\u00e3o com discrimina\u00e7\u00e3o\u201d, disse.<\/p>\n<p class=\"yiv3922583072MsoNormal\">Para Amanda Anderson, presidenta nacional do PDT Diversidade, a data deve ser de \u201creflex\u00e3o\u201d, pois \u201co combate aos atos discriminat\u00f3rios \u00e9 todo dia\u201d.<\/p>\n<p class=\"yiv3922583072MsoNormal\">\u201cEvitando a piada depreciativa, o olhar de reprova\u00e7\u00e3o contra LGBTIs e toda forma de subjulgar nossa orienta\u00e7\u00e3o sexual e identidade de g\u00eanero\u201d, salienta.<\/p>\n<p class=\"yiv3922583072MsoNormal\">\u201cSomos mais que nossa identidade de g\u00eanero e orienta\u00e7\u00e3o sexual, somos humanos que merecem respeito. Respeito, a balan\u00e7a que combate todo tipo de preconceito. Existimos e resist\u00eancia, mesmo estando no pa\u00eds que mais mata LGBTIs no mundo, vivenciando um retrocesso nunca antes visto, mas que n\u00e3o vencer\u00e1 nossa democracia&#8221;, relatou.<\/p>\n<p class=\"yiv3922583072MsoNormal\">Citando que o Brasil \u00e9 uma das na\u00e7\u00f5es onde &#8220;mais se perseguem as comunidades LGBTQI+ no mundo\u201d, Ciro afirmou que \u201cmatar ou violentar algu\u00e9m pela identidade de g\u00eanero ou pela orienta\u00e7\u00e3o sexual \u00e9 ato de barb\u00e1rie\u201d.<\/p>\n<p class=\"yiv3922583072MsoNormal\">Para mudar a realidade, o pedetista prop\u00f5e pol\u00edticas p\u00fablicas efetivas e abrangentes que n\u00e3o s\u00f3 protejam, mas tamb\u00e9m garantam a \u201cvisibilidade pol\u00edtica para todas as causas que s\u00e3o sufocadas\u201d.<\/p>\n<p class=\"yiv3922583072MsoNormal\">\u201cEncerrar esta pr\u00e1tica selvagem faz parte de um projeto nacional que valorize e empodere a diferen\u00e7a, que fa\u00e7a da toler\u00e2ncia e do respeito ao outro a forma de reunirmos a grande na\u00e7\u00e3o ferida que \u00e9 o Brasil!\u201d, defendeu.<\/p>\n<p class=\"yiv3922583072MsoNormal\">\u201cEnfrentar e derrotar a mis\u00e9ria e a desigualdade pede a unidade de todos n\u00f3s e a nossa unidade somente ser\u00e1 verdadeira no respeito \u00e0 diversidade e na luta contra a LGBTfobia. Como disse Lulu Santos, \u2018consideramos justa toda forma de amor\u2019!\u201d, concluiu.<\/p>\n<p class=\"yiv3922583072MsoNormal\">O senador e presidente da sigla no Maranh\u00e3o, Weverton Rocha, reiterou a coloca\u00e7\u00e3o do respeito e da igualdade como base para o progresso da na\u00e7\u00e3o.<\/p>\n<p class=\"yiv3922583072MsoNormal\">\u201cA base da nossa civiliza\u00e7\u00e3o \u00e9 o respeito. N\u00e3o cabe mais no nosso mundo qualquer tipo de preconceito e discrimina\u00e7\u00e3o. Todos merecem ser respeitados e ter oportunidades iguais.\u00a0 Vamos sempre lutar por isso\u201d, assegurou.<\/p>\n<p class=\"yiv3922583072MsoNormal\">O deputado federal Andr\u00e9 Figueiredo (CE), abordou a cont\u00ednua atua\u00e7\u00e3o da bancada pedetista no enfrentamento de tend\u00eancias opressoras e retr\u00f3gradas no Brasil.<\/p>\n<p class=\"yiv3922583072MsoNormal\">\u201cHoje \u00e9 mais um dia importante de luta contra todas as formas de preconceito que ainda insistem em excluir, amea\u00e7ar e at\u00e9 matar. Nos somamos \u00e0 resist\u00eancia em defesa da vida e o respeito a todas as formas de amor!\u201d, indicou.<\/p>\n<!-- AddThis Advanced Settings generic via filter on the_content --><!-- AddThis Share Buttons generic via filter on the_content -->","protected":false},"excerpt":{"rendered":"<p>Pioneiro com a formaliza\u00e7\u00e3o do PDT Diversidade, partido reafirma luta pelos direitos sociais no Brasil Pioneiro na formaliza\u00e7\u00e3o de um movimento sobre a tem\u00e1tica LGBTQIA+ (PDT Diversidade), o partido reiterou nesta segunda-feira (17), a partir de lideran\u00e7as como Carlos Lupi e Ciro Gomes, presidente e vice-presidente nacionais da sigla, a import\u00e2ncia da luta cont\u00ednua do&#8230;<!-- AddThis Advanced Settings generic via filter on wp_trim_excerpt --><!-- AddThis Share Buttons generic via filter on wp_trim_excerpt --><\/p>\n","protected":false},"author":17,"featured_media":78025,"comment_status":"closed","ping_status":"closed","sticky":false,"template":"","format":"standard","meta":{"_monsterinsights_skip_tracking":false,"_monsterinsights_sitenote_active":false,"_monsterinsights_sitenote_note":"","_monsterinsights_sitenote_category":0,"_uf_show_specific_survey":0,"_uf_disable_surveys":false,"footnotes":""},"categories":[1390,976],"tags":[34,196,220,1137,3754,962],"class_list":["post-78023","post","type-post","status-publish","format-standard","has-post-thumbnail","hentry","category-editorias","category-noticias-em-destaque","tag-andre-figueiredo","tag-carlos-lupi","tag-ciro-gomes","tag-lgbtfobia","tag-lgbtqi","tag-weverton-rocha"],"acf":[],"_links":{"self":[{"href":"https:\/\/pdt-rj.org.br\/index.php\/wp-json\/wp\/v2\/posts\/78023","targetHints":{"allow":["GET"]}}],"collection":[{"href":"https:\/\/pdt-rj.org.br\/index.php\/wp-json\/wp\/v2\/posts"}],"about":[{"href":"https:\/\/pdt-rj.org.br\/index.php\/wp-json\/wp\/v2\/types\/post"}],"author":[{"embeddable":true,"href":"https:\/\/pdt-rj.org.br\/index.php\/wp-json\/wp\/v2\/users\/17"}],"replies":[{"embeddable":true,"href":"https:\/\/pdt-rj.org.br\/index.php\/wp-json\/wp\/v2\/comments?post=78023"}],"version-history":[{"count":3,"href":"https:\/\/pdt-rj.org.br\/index.php\/wp-json\/wp\/v2\/posts\/78023\/revisions"}],"predecessor-version":[{"id":78038,"href":"https:\/\/pdt-rj.org.br\/index.php\/wp-json\/wp\/v2\/posts\/78023\/revisions\/78038"}],"wp:featuredmedia":[{"embeddable":true,"href":"https:\/\/pdt-rj.org.br\/index.php\/wp-json\/wp\/v2\/media\/78025"}],"wp:attachment":[{"href":"https:\/\/pdt-rj.org.br\/index.php\/wp-json\/wp\/v2\/media?parent=78023"}],"wp:term":[{"taxonomy":"category","embeddable":true,"href":"https:\/\/pdt-rj.org.br\/index.php\/wp-json\/wp\/v2\/categories?post=78023"},{"taxonomy":"post_tag","embeddable":true,"href":"https:\/\/pdt-rj.org.br\/index.php\/wp-json\/wp\/v2\/tags?post=78023"}],"curies":[{"name":"wp","href":"https:\/\/api.w.org\/{rel}","templated":true}]}}