{"id":78006,"date":"2021-05-15T23:05:22","date_gmt":"2021-05-16T02:05:22","guid":{"rendered":"http:\/\/pdt-rj.org.br\/?p=78006"},"modified":"2021-05-21T19:51:28","modified_gmt":"2021-05-21T22:51:28","slug":"entrada-de-ciro-na-politica-marca-episodio-da-serie-biografica-do-pdt","status":"publish","type":"post","link":"https:\/\/pdt-rj.org.br\/index.php\/entrada-de-ciro-na-politica-marca-episodio-da-serie-biografica-do-pdt\/","title":{"rendered":"Entrada de Ciro na pol\u00edtica marca epis\u00f3dio da s\u00e9rie biogr\u00e1fica do PDT"},"content":{"rendered":"<p class=\"yiv9417736661MsoNormal\"><em><b>Dedica\u00e7\u00e3o ao bem estar social representou a \u201cevolu\u00e7\u00e3o natural\u201d iniciada pelo pai, em Sobral (CE)<\/b><\/em><\/p>\n<p class=\"yiv9417736661MsoNormal\">A entrada na pol\u00edtica marcou, nesta sexta-feira (14), o terceiro epis\u00f3dio da s\u00e9rie &#8220;Ciro: o Dever da Esperan\u00e7a&#8221;, conduzida pela produtora cultural Giselle Bezerra. Na produ\u00e7\u00e3o do PDT, o pr\u00e9-candidato a presidente da Rep\u00fablica relata a \u201cevolu\u00e7\u00e3o natural\u201d iniciada pelo pai h\u00e1 cerca de 40 anos, em Sobral (CE), em prol do bem estar social do povo.<\/p>\n<p class=\"yiv9417736661MsoNormal\">\u201cEm 1982, foi uma evolu\u00e7\u00e3o natural. Meu pai tinha muito prest\u00edgio como defensor p\u00fablico. A gente chamava de advogado dos pobres. Professor universit\u00e1rio, ele ajudou a fundar a Universidade de Sobral, que \u00e9 a Universidade do Vale do Acara\u00fa. E, como prefeito, fez uma administra\u00e7\u00e3o revolucion\u00e1ria. Mexeu com coisas muito importantes, especialmente na educa\u00e7\u00e3o, na sa\u00fade, na infraestrutura da cidade\u201d, explicou.<\/p>\n<p class=\"yiv9417736661MsoNormal\">\u201cE eu estava ali, ao lado dele, ajudando em tudo. Da\u00ed para ser o candidato a deputado estadual foi um passo quase que natural\u201d, completou.<\/p>\n<p class=\"yiv9417736661MsoNormal\"><strong>Situa\u00e7\u00e3o<\/strong><\/p>\n<p class=\"yiv9417736661MsoNormal\">Pelo contexto do per\u00edodo, Ciro exp\u00f5e o \u201cconstrangimento\u201d por ter disputado a vaga na Assembleia Legislativa, pelo Partido Democr\u00e1tico Social (PDS), que sucedeu a Alian\u00e7a Renovadora Nacional (ARENA).<\/p>\n<p class=\"yiv9417736661MsoNormal\">\u201cIsso \u00e9 um constrangimento que eu tenho na minha vida partid\u00e1ria, que eu tento explicar com muita humildade e com muita franqueza, porque n\u00e3o creio que haja outra explica\u00e7\u00e3o justa para quem sabe que eu cultivo a verdade\u201d, pondera.<\/p>\n<p class=\"yiv9417736661MsoNormal\">Ele relata que, na \u00e9poca, o sistema eleitoral obrigava a vota\u00e7\u00e3o em candidatos vinculados a um mesmo partido. Como seu pai era filiado ao PDS, o ex-governador do Cear\u00e1 aceitou o registro \u201cpragm\u00e1tico\u201d para apensar disputar o pleito. Com a vit\u00f3ria, conta que efetivou a mudan\u00e7a partid\u00e1ria na sequ\u00eancia, quando entrou para o MDB da \u00e9poca.<\/p>\n<p class=\"yiv9417736661MsoNormal\"><strong>Parlamento<\/strong><\/p>\n<p class=\"yiv9417736661MsoNormal\">No primeiro mandato como deputado, Ciro mostrou um perfil combativo, apesar de jovem, e logo despontou como um dos principais opositores \u00e0 gest\u00e3o estadual, vinculado \u00e0 sua antiga sigla.<\/p>\n<p class=\"yiv9417736661MsoNormal\">\u201cEu cheguei, 25, 26 anos de idade, cheio de ideias, e fui logo para a oposi\u00e7\u00e3o. Teve horas que eu era 1 de 46 em oposi\u00e7\u00e3o ao governador Gonzaga Motta, na \u00e9poca, que era do PDS. Mas eu trouxe tamb\u00e9m, para al\u00e9m daquela coisa do dia a dia da Assembleia, um conjunto de assuntos, de temas, que n\u00e3o eram tratados ali\u201d, relembrou.<\/p>\n<p class=\"yiv9417736661MsoNormal\">Eu fui o fundador da primeira Comiss\u00e3o de Meio Ambiente de uma Assembleia do Nordeste. Tratar de meio ambiente, naquela \u00e9poca. Me filiei logo na frente de apoio ao Tancredo Neves, elei\u00e7\u00f5es Diretas J\u00e1. Todas as lutas do Brasil eu trouxe ali pra dentro e foi um mandato bastante rico para o meu aprendizado tamb\u00e9m\u201d, complementa.<\/p>\n<p class=\"yiv9417736661MsoNormal\">Sobre a rela\u00e7\u00e3o com o senador Tasso Jereissati, ele afirma que, desde o in\u00edcio, permitiu a realiza\u00e7\u00e3o de muitas a\u00e7\u00f5es \u201cna hist\u00f3ria do Cear\u00e1\u201d, contrariando o \u201ccoronelismo\u201d vigente.<\/p>\n<p class=\"yiv9417736661MsoNormal\">\u201cO Tasso era um jovem empres\u00e1rio, tinha 30 e poucos anos, criou o Centro das Ind\u00fastrias do Cear\u00e1, que era um ambiente de jovens empres\u00e1rios, tamb\u00e9m completamente antag\u00f4nicos ao coronelismo mais atrasado. No caso do Cear\u00e1, eram coron\u00e9is mesmo, tr\u00eas coron\u00e9is que se revezavam no poder e o Estado tinha sido levado ao fundo do po\u00e7o do atraso, das pr\u00e1ticas mais corruptas, fisiol\u00f3gicas\u201d, detalhou.<\/p>\n<p class=\"yiv9417736661MsoNormal\">\u201cE o Tasso agitava a discuss\u00e3o e eu era o cara, na Assembleia, que agitava essa mesma discuss\u00e3o\u201d, finalizou.<\/p>\n<p class=\"yiv9417736661MsoNormal\">Acompanhe, na \u00edntegra,\u00a0<a href=\"https:\/\/www.facebook.com\/cirogomesoficial\/videos\/769866743726865\" target=\"_blank\" rel=\"nofollow noopener noreferrer\">aqui<\/a>.<\/p>\n<!-- AddThis Advanced Settings generic via filter on the_content --><!-- AddThis Share Buttons generic via filter on the_content -->","protected":false},"excerpt":{"rendered":"<p>Dedica\u00e7\u00e3o ao bem estar social representou a \u201cevolu\u00e7\u00e3o natural\u201d iniciada pelo pai, em Sobral (CE) A entrada na pol\u00edtica marcou, nesta sexta-feira (14), o terceiro epis\u00f3dio da s\u00e9rie &#8220;Ciro: o Dever da Esperan\u00e7a&#8221;, conduzida pela produtora cultural Giselle Bezerra. Na produ\u00e7\u00e3o do PDT, o pr\u00e9-candidato a presidente da Rep\u00fablica relata a \u201cevolu\u00e7\u00e3o natural\u201d iniciada pelo&#8230;<!-- AddThis Advanced Settings generic via filter on wp_trim_excerpt --><!-- AddThis Share Buttons generic via filter on wp_trim_excerpt --><\/p>\n","protected":false},"author":17,"featured_media":78008,"comment_status":"closed","ping_status":"closed","sticky":false,"template":"","format":"standard","meta":{"_monsterinsights_skip_tracking":false,"_monsterinsights_sitenote_active":false,"_monsterinsights_sitenote_note":"","_monsterinsights_sitenote_category":0,"_uf_show_specific_survey":0,"_uf_disable_surveys":false,"footnotes":""},"categories":[1390,976],"tags":[],"class_list":["post-78006","post","type-post","status-publish","format-standard","has-post-thumbnail","hentry","category-editorias","category-noticias-em-destaque"],"acf":[],"_links":{"self":[{"href":"https:\/\/pdt-rj.org.br\/index.php\/wp-json\/wp\/v2\/posts\/78006","targetHints":{"allow":["GET"]}}],"collection":[{"href":"https:\/\/pdt-rj.org.br\/index.php\/wp-json\/wp\/v2\/posts"}],"about":[{"href":"https:\/\/pdt-rj.org.br\/index.php\/wp-json\/wp\/v2\/types\/post"}],"author":[{"embeddable":true,"href":"https:\/\/pdt-rj.org.br\/index.php\/wp-json\/wp\/v2\/users\/17"}],"replies":[{"embeddable":true,"href":"https:\/\/pdt-rj.org.br\/index.php\/wp-json\/wp\/v2\/comments?post=78006"}],"version-history":[{"count":2,"href":"https:\/\/pdt-rj.org.br\/index.php\/wp-json\/wp\/v2\/posts\/78006\/revisions"}],"predecessor-version":[{"id":78009,"href":"https:\/\/pdt-rj.org.br\/index.php\/wp-json\/wp\/v2\/posts\/78006\/revisions\/78009"}],"wp:featuredmedia":[{"embeddable":true,"href":"https:\/\/pdt-rj.org.br\/index.php\/wp-json\/wp\/v2\/media\/78008"}],"wp:attachment":[{"href":"https:\/\/pdt-rj.org.br\/index.php\/wp-json\/wp\/v2\/media?parent=78006"}],"wp:term":[{"taxonomy":"category","embeddable":true,"href":"https:\/\/pdt-rj.org.br\/index.php\/wp-json\/wp\/v2\/categories?post=78006"},{"taxonomy":"post_tag","embeddable":true,"href":"https:\/\/pdt-rj.org.br\/index.php\/wp-json\/wp\/v2\/tags?post=78006"}],"curies":[{"name":"wp","href":"https:\/\/api.w.org\/{rel}","templated":true}]}}