{"id":77997,"date":"2021-05-15T01:44:14","date_gmt":"2021-05-15T04:44:14","guid":{"rendered":"http:\/\/pdt-rj.org.br\/?p=77997"},"modified":"2021-05-15T01:44:14","modified_gmt":"2021-05-15T04:44:14","slug":"jesus-tapia-aposta-na-integracao-progressista-para-mudar-realidade-da-america-latina","status":"publish","type":"post","link":"https:\/\/pdt-rj.org.br\/index.php\/jesus-tapia-aposta-na-integracao-progressista-para-mudar-realidade-da-america-latina\/","title":{"rendered":"Jes\u00fas Tapia aposta na integra\u00e7\u00e3o progressista para mudar realidade da Am\u00e9rica Latina"},"content":{"rendered":"<p class=\"yiv5920367510MsoNormal\"><em><strong>Venezuelano disputar\u00e1, em junho, a presid\u00eancia da Uni\u00e3o Internacional da Juventude Socialista\u00a0<\/strong><\/em><\/p>\n<p class=\"yiv5920367510MsoNormal\">\n<p class=\"yiv5920367510MsoNormal\">O vice-presidente da Uni\u00e3o Internacional da Juventude Socialista (IUSY) e secret\u00e1rio-geral da juventude do Movimiento al Socialismo (MAS), da Venezuela, Jes\u00fas Tapia, abordou a import\u00e2ncia da \u201cintegra\u00e7\u00e3o da esquerda\u201d para mudar a realidade da Am\u00e9rica Lantina.<\/p>\n<p class=\"yiv5920367510MsoNormal\">Candidato a presidente da IUSY, no pleito virtual programado para junho, o venezuelano mostrou, ao longo da entrevista promovida nesta semana, por email, pela Juventude Socialista, que faz oposi\u00e7\u00e3o ao atual \u201cregime venezuelano\u201d e prioriza, como princ\u00edpio\u00a0b\u00e1sico, a \u201cdefesa da justi\u00e7a social, da democracia e da igualdade para todos\u201d.<\/p>\n<p class=\"yiv5920367510MsoNormal\"><b>Jesus, para come\u00e7ar gostar\u00edamos de te dar as boas-vindas ao Brasil, atrav\u00e9s das redes do PDT e da Juventude Socialista. Por favor, se apresente.<\/b><\/p>\n<p class=\"yiv5920367510MsoNormal\">Muito obrigado, queridos colegas. Jes\u00fas Tapia, secret\u00e1rio-geral da Juventude do MAS, da Venezuela, e vice-presidente mundial da IUSY.<\/p>\n<p class=\"yiv5920367510MsoNormal\"><b>Como ser um jovem de esquerda na Venezuela e n\u00e3o ser chavista?<\/b><\/p>\n<p class=\"yiv5920367510MsoNormal\">Um jovem, com princ\u00edpios e valores claros de socialismo democr\u00e1tico, n\u00e3o se encaixa na ideia de um regime que mant\u00e9m o sonho da juventude venezuelana sequestrado e a democracia rompida. O regime venezuelano \u00e9 tudo, menos socialista.<\/p>\n<p class=\"yiv5920367510MsoNormal\"><b>Na sua vis\u00e3o de mundo, qual o papel e a import\u00e2ncia da integra\u00e7\u00e3o e solidariedade internacional entre partidos e organiza\u00e7\u00f5es pol\u00edticas.<\/b><\/p>\n<p class=\"yiv5920367510MsoNormal\">O internacionalismo \u00e9 fundamental nestes tempos. Quero referir, especialmente, a import\u00e2ncia que tem para que os setores progressistas mundiais possam ser unificados numa \u00fanica plataforma e, assim, definir estrat\u00e9gias conjuntas que permitam enfrentar as grandes desigualdades que atravessam as nossas sociedades, bem como a firme defesa da justi\u00e7a social, da democracia e da igualdade para todos.<\/p>\n<p class=\"yiv5920367510MsoNormal\"><b>Os \u00faltimos dez anos foram de avan\u00e7os e retrocessos na Am\u00e9rica latina. Como destacado l\u00edder regional acredita que o exemplo da Frente Ampla do Uruguai pode prevalecer no Brasil?<\/b><\/p>\n<p class=\"yiv5920367510MsoNormal\">Como mencionei, os setores de esquerda devem unir esfor\u00e7os se realmente queremos grandes mudan\u00e7as em nossos pa\u00edses. H\u00e1 experi\u00eancias que nos permitem ver a import\u00e2ncia de trabalharmos juntos por um objetivo claro, que deve ser sempre o bem comum dos nossos povos. A integra\u00e7\u00e3o da esquerda \u00e9 uma tarefa pendente na Am\u00e9rica Latina. N\u00f3s, jovens, n\u00e3o podemos descansar at\u00e9 vermos essa integra\u00e7\u00e3o poss\u00edvel.<\/p>\n<p class=\"yiv5920367510MsoNormal\"><b>Gostar\u00edamos de ouvir um pouco das suas propostas e pensamentos gerais como candidato a presidente da IUSY.<\/b><\/p>\n<p class=\"yiv5920367510MsoNormal\">Durante os \u00faltimos cinco anos, pude exercer uma grande responsabilidade na IUSY, como vice-presidente, e tamb\u00e9m como coordenador do comit\u00ea americano, experi\u00eancia que tamb\u00e9m me permitiu crescer e me preparar para, hoje, me apresentar para presidir uma importante organiza\u00e7\u00e3o juvenil.<\/p>\n<p class=\"yiv5920367510MsoNormal\">IUSY deve se tornar parte das solu\u00e7\u00f5es para os conflitos de nosso tempo. A obra da juventude de esquerda deve ser repensada e reformulada em todo o panorama das a\u00e7\u00f5es da atualidade. Quanto maior for a for\u00e7a, a unidade, a equidade e a democracia de nossas organiza\u00e7\u00f5es, maiores ser\u00e3o as transforma\u00e7\u00f5es que poderemos promover.<\/p>\n<p class=\"yiv5920367510MsoNormal\">Promoveremos a cria\u00e7\u00e3o de reuni\u00f5es regionais al\u00e9m do comit\u00ea; que servem para a integra\u00e7\u00e3o, forma\u00e7\u00e3o e acompanhamento dos jovens; assumiremos as bandeiras de defesa dos jovens deslocados obrigados a cruzar fronteiras na busca de garantir as necessidades b\u00e1sicas, inclusive a prote\u00e7\u00e3o de suas vidas; abordaremos urgentemente os desafios que nossos jovens enfrentam: emprego, sa\u00fade, igualdade de g\u00eanero e acesso \u00e0 educa\u00e7\u00e3o e faremos a amplia\u00e7\u00e3o e o fortalecimento das campanhas pelos novos direitos (casamento igual, descriminaliza\u00e7\u00e3o do aborto e legaliza\u00e7\u00e3o da maconha).<\/p>\n<p class=\"yiv5920367510MsoNormal\">Estou convencido de que todos n\u00f3s podemos fazer da IUSY uma organiza\u00e7\u00e3o com maior impacto global. Aspiro ter o apoio de todas as organiza\u00e7\u00f5es para assumir esta importante posi\u00e7\u00e3o.<\/p>\n<p class=\"yiv5920367510MsoNormal\"><b>Uma mensagem final para os militantes do PDT, da JS, bem como ao povo brasileiro em geral.<\/b><\/p>\n<p class=\"yiv5920367510MsoNormal\">Caros colegas, mantenhamo-nos firmes na luta pela justi\u00e7a social, pela democracia e pela solidariedade. Apostamos na integra\u00e7\u00e3o de setores progressistas e na concretiza\u00e7\u00e3o das mudan\u00e7as que almejamos no Brasil, na Am\u00e9rica Latina e no mundo.<\/p>\n<!-- AddThis Advanced Settings generic via filter on the_content --><!-- AddThis Share Buttons generic via filter on the_content -->","protected":false},"excerpt":{"rendered":"<p>Venezuelano disputar\u00e1, em junho, a presid\u00eancia da Uni\u00e3o Internacional da Juventude Socialista\u00a0 O vice-presidente da Uni\u00e3o Internacional da Juventude Socialista (IUSY) e secret\u00e1rio-geral da juventude do Movimiento al Socialismo (MAS), da Venezuela, Jes\u00fas Tapia, abordou a import\u00e2ncia da \u201cintegra\u00e7\u00e3o da esquerda\u201d para mudar a realidade da Am\u00e9rica Lantina. Candidato a presidente da IUSY, no pleito&#8230;<!-- AddThis Advanced Settings generic via filter on wp_trim_excerpt --><!-- AddThis Share Buttons generic via filter on wp_trim_excerpt --><\/p>\n","protected":false},"author":17,"featured_media":77998,"comment_status":"closed","ping_status":"closed","sticky":false,"template":"","format":"standard","meta":{"_monsterinsights_skip_tracking":false,"_monsterinsights_sitenote_active":false,"_monsterinsights_sitenote_note":"","_monsterinsights_sitenote_category":0,"_uf_show_specific_survey":0,"_uf_disable_surveys":false,"footnotes":""},"categories":[1390,1400,3030,1586,1397],"tags":[4791,4790,4789,949],"class_list":["post-77997","post","type-post","status-publish","format-standard","has-post-thumbnail","hentry","category-editorias","category-entrevistas","category-internacional","category-juventude-socialista","category-movimentos","tag-integracao-progressista","tag-jesus-tapia","tag-uniao-internacional-da-juventude-socialista","tag-venezuela"],"acf":[],"_links":{"self":[{"href":"https:\/\/pdt-rj.org.br\/index.php\/wp-json\/wp\/v2\/posts\/77997","targetHints":{"allow":["GET"]}}],"collection":[{"href":"https:\/\/pdt-rj.org.br\/index.php\/wp-json\/wp\/v2\/posts"}],"about":[{"href":"https:\/\/pdt-rj.org.br\/index.php\/wp-json\/wp\/v2\/types\/post"}],"author":[{"embeddable":true,"href":"https:\/\/pdt-rj.org.br\/index.php\/wp-json\/wp\/v2\/users\/17"}],"replies":[{"embeddable":true,"href":"https:\/\/pdt-rj.org.br\/index.php\/wp-json\/wp\/v2\/comments?post=77997"}],"version-history":[{"count":1,"href":"https:\/\/pdt-rj.org.br\/index.php\/wp-json\/wp\/v2\/posts\/77997\/revisions"}],"predecessor-version":[{"id":77999,"href":"https:\/\/pdt-rj.org.br\/index.php\/wp-json\/wp\/v2\/posts\/77997\/revisions\/77999"}],"wp:featuredmedia":[{"embeddable":true,"href":"https:\/\/pdt-rj.org.br\/index.php\/wp-json\/wp\/v2\/media\/77998"}],"wp:attachment":[{"href":"https:\/\/pdt-rj.org.br\/index.php\/wp-json\/wp\/v2\/media?parent=77997"}],"wp:term":[{"taxonomy":"category","embeddable":true,"href":"https:\/\/pdt-rj.org.br\/index.php\/wp-json\/wp\/v2\/categories?post=77997"},{"taxonomy":"post_tag","embeddable":true,"href":"https:\/\/pdt-rj.org.br\/index.php\/wp-json\/wp\/v2\/tags?post=77997"}],"curies":[{"name":"wp","href":"https:\/\/api.w.org\/{rel}","templated":true}]}}