{"id":77994,"date":"2021-05-13T15:31:26","date_gmt":"2021-05-13T18:31:26","guid":{"rendered":"http:\/\/pdt-rj.org.br\/?p=77994"},"modified":"2021-05-15T01:38:13","modified_gmt":"2021-05-15T04:38:13","slug":"racismo-nao-e-um-problema-apenas-de-cor-da-pele-disse-abdias-nascimento-no-senado","status":"publish","type":"post","link":"https:\/\/pdt-rj.org.br\/index.php\/racismo-nao-e-um-problema-apenas-de-cor-da-pele-disse-abdias-nascimento-no-senado\/","title":{"rendered":"\u201cRacismo n\u00e3o \u00e9 um problema apenas de cor da pele\u201d, disse Abdias Nascimento no Senado"},"content":{"rendered":"<p class=\"yiv6200169289gmail-MsoNoSpacing\"><em><b>Em refer\u00eancia \u00e0 Lei \u00c1urea, o pedetista fez um incisivo e contestador discurso na tribuna<\/b><\/em><\/p>\n<p class=\"yiv6200169289gmail-MsoNoSpacing\">Com um discurso firme, contestador e incisivo, o ent\u00e3o senador da Rep\u00fablica pelo PDT, Abdias Nascimento, ocupou a tribuna, em 13 de maio de 1998, para manifestar sua opini\u00e3o sobre a persist\u00eancia da desigualdade racial no Brasil. A data marcava, de forma emblem\u00e1tica, os 110 anos da Lei \u00c1urea, que determinou, legalmente, a\u00a0aboli\u00e7\u00e3o da escravatura. \u201cO racismo n\u00e3o \u00e9 um problema apenas de cor da pele\u201d, disse, em um plen\u00e1rio pouco miscigenado.<\/p>\n<p class=\"yiv6200169289gmail-MsoNoSpacing\">\u201cChegamos ao 13 de maio de 1888, quando negros de todo o Pa\u00eds &#8211; pelo menos nas regi\u00f5es atingidas pelo tel\u00e9grafo &#8211; puderam comemorar com euforia a liberdade rec\u00e9m-adquirida, apenas para acordar no dia 14 com a enorme ressaca produzida por uma d\u00favida atroz: o que fazer com esse tipo de liberdade? Para muitos, a resposta seria permanecer nas mesmas fazendas, realizando o mesmo trabalho, agora sob piores condi\u00e7\u00f5es: n\u00e3o sendo mais um investimento, e sem qualquer prote\u00e7\u00e3o na esfera das leis, o negro agora era livre para escolher a ponte sob a qual preferia morrer\u201d, relatou.<\/p>\n<p class=\"yiv6200169289gmail-MsoNoSpacing\">Ao contextualizar a realidade da \u00e9poca, onde inexistia terras acess\u00edveis para cultivo ou oportunidades dignas de trabalho, o pedetista afirma que \u201cos brasileiros descendentes de africanos entraram numa nova etapa de sua via crucis\u201d.<\/p>\n<p class=\"yiv6200169289gmail-MsoNoSpacing\">\u201cDe escravos passaram a favelados, meninos de rua, v\u00edtimas preferenciais da viol\u00eancia policial, discriminados nas esferas da justi\u00e7a e do mercado de trabalho, invisibilizados nos meios de comunica\u00e7\u00e3o, negados nos seus valores, na sua religi\u00e3o e na sua cultura. Cidad\u00e3os de uma curiosa &#8220;democracia racial&#8221; em que ocupam, predominantemente, lugar de destaque em todas as estat\u00edsticas que mapeiam a mis\u00e9ria e a destitui\u00e7\u00e3o\u201d, exp\u00f5e.<\/p>\n<p class=\"yiv6200169289gmail-MsoNoSpacing\">O senador, que tamb\u00e9m exerceu mandato na C\u00e2mara dos Deputados, questionou, portanto, a \u201cpropaganda oficial\u201d sobre o evento hist\u00f3rico centralizado na Princesa Isabel, que promulgou a lei. Para ele, \u00e9 \u201cum de seus maiores argumentos em defesa da suposta toler\u00e2ncia dos portugueses e dos brasileiros brancos em rela\u00e7\u00e3o aos negros\u201d.<\/p>\n<p class=\"yiv6200169289gmail-MsoNoSpacing\">\u201cApresentando a aboli\u00e7\u00e3o da escravatura como fruto da bondade e do humanitarismo de uma princesa. Como se a hist\u00f3ria se fizesse por des\u00edgnios individuais, e n\u00e3o pelas ambi\u00e7\u00f5es coletivas dos detentores do poder ou pela for\u00e7a inexor\u00e1vel das necessidades e aspira\u00e7\u00f5es de um povo\u201d, divergiu.<\/p>\n<p class=\"yiv6200169289gmail-MsoNoSpacing\">\u201cNa verdade, o processo que resultou na aboli\u00e7\u00e3o da escravatura pouco tem a ver com as raz\u00f5es humanit\u00e1rias &#8211; embora essas, \u00e9 claro, tamb\u00e9m se fizessem presentes. O que de fato empurrou a Coroa imperial a libertar os escravos foram, em primeiro lugar, as for\u00e7as econ\u00f4micas subjacentes \u00e0 Revolu\u00e7\u00e3o Industrial, capitaneadas por uma Inglaterra \u00e1vida de mercados para os seus produtos manufaturados\u201d, acrescentou.<\/p>\n<p class=\"yiv6200169289gmail-MsoNoSpacing\">Trecho, em v\u00eddeo, do discurso:\u00a0<a href=\"https:\/\/www.youtube.com\/watch?v=pwmibmGStPE\" target=\"_blank\" rel=\"nofollow noopener noreferrer\">https:\/\/www.youtube.com\/watch?v=pwmibmGStPE<\/a><\/p>\n<p class=\"yiv6200169289gmail-MsoNoSpacing\">Para conferir a \u00edntegra, em texto, clique\u00a0<a href=\"https:\/\/www25.senado.leg.br\/web\/atividade\/pronunciamentos\/-\/p\/texto\/226669\" target=\"_blank\" rel=\"nofollow noopener noreferrer\">aqui<\/a>.<\/p>\n<!-- AddThis Advanced Settings generic via filter on the_content --><!-- AddThis Share Buttons generic via filter on the_content -->","protected":false},"excerpt":{"rendered":"<p>Em refer\u00eancia \u00e0 Lei \u00c1urea, o pedetista fez um incisivo e contestador discurso na tribuna Com um discurso firme, contestador e incisivo, o ent\u00e3o senador da Rep\u00fablica pelo PDT, Abdias Nascimento, ocupou a tribuna, em 13 de maio de 1998, para manifestar sua opini\u00e3o sobre a persist\u00eancia da desigualdade racial no Brasil. A data marcava,&#8230;<!-- AddThis Advanced Settings generic via filter on wp_trim_excerpt --><!-- AddThis Share Buttons generic via filter on wp_trim_excerpt --><\/p>\n","protected":false},"author":17,"featured_media":77995,"comment_status":"closed","ping_status":"closed","sticky":false,"template":"","format":"standard","meta":{"_monsterinsights_skip_tracking":false,"_monsterinsights_sitenote_active":false,"_monsterinsights_sitenote_note":"","_monsterinsights_sitenote_category":0,"_uf_show_specific_survey":0,"_uf_disable_surveys":false,"footnotes":""},"categories":[1390,4549],"tags":[1940,4788],"class_list":["post-77994","post","type-post","status-publish","format-standard","has-post-thumbnail","hentry","category-editorias","category-memoria","tag-abdias-nascimento","tag-lei-aurea"],"acf":[],"_links":{"self":[{"href":"https:\/\/pdt-rj.org.br\/index.php\/wp-json\/wp\/v2\/posts\/77994","targetHints":{"allow":["GET"]}}],"collection":[{"href":"https:\/\/pdt-rj.org.br\/index.php\/wp-json\/wp\/v2\/posts"}],"about":[{"href":"https:\/\/pdt-rj.org.br\/index.php\/wp-json\/wp\/v2\/types\/post"}],"author":[{"embeddable":true,"href":"https:\/\/pdt-rj.org.br\/index.php\/wp-json\/wp\/v2\/users\/17"}],"replies":[{"embeddable":true,"href":"https:\/\/pdt-rj.org.br\/index.php\/wp-json\/wp\/v2\/comments?post=77994"}],"version-history":[{"count":1,"href":"https:\/\/pdt-rj.org.br\/index.php\/wp-json\/wp\/v2\/posts\/77994\/revisions"}],"predecessor-version":[{"id":77996,"href":"https:\/\/pdt-rj.org.br\/index.php\/wp-json\/wp\/v2\/posts\/77994\/revisions\/77996"}],"wp:featuredmedia":[{"embeddable":true,"href":"https:\/\/pdt-rj.org.br\/index.php\/wp-json\/wp\/v2\/media\/77995"}],"wp:attachment":[{"href":"https:\/\/pdt-rj.org.br\/index.php\/wp-json\/wp\/v2\/media?parent=77994"}],"wp:term":[{"taxonomy":"category","embeddable":true,"href":"https:\/\/pdt-rj.org.br\/index.php\/wp-json\/wp\/v2\/categories?post=77994"},{"taxonomy":"post_tag","embeddable":true,"href":"https:\/\/pdt-rj.org.br\/index.php\/wp-json\/wp\/v2\/tags?post=77994"}],"curies":[{"name":"wp","href":"https:\/\/api.w.org\/{rel}","templated":true}]}}