{"id":77989,"date":"2021-05-14T23:25:13","date_gmt":"2021-05-15T02:25:13","guid":{"rendered":"http:\/\/pdt-rj.org.br\/?p=77989"},"modified":"2021-05-15T23:06:34","modified_gmt":"2021-05-16T02:06:34","slug":"aumento-da-pobreza-ratifica-posicao-de-ciro-pela-transferencia-de-renda","status":"publish","type":"post","link":"https:\/\/pdt-rj.org.br\/index.php\/aumento-da-pobreza-ratifica-posicao-de-ciro-pela-transferencia-de-renda\/","title":{"rendered":"Aumento da pobreza ratifica posi\u00e7\u00e3o de Ciro pela transfer\u00eancia de renda"},"content":{"rendered":"<div class=\"msg-body P_wpofO mq_AS\" data-test-id=\"message-view-body-content\">\n<div class=\"jb_0 X_6MGW N_6Fd5\">\n<div id=\"yiv8484689357\">\n<div dir=\"ltr\">\n<p class=\"yiv8484689357MsoNormal\"><em><strong>No Projeto Nacional de Desenvolvimento, pedetista prop\u00f5e medidas mais eficientes para erradicar a fome<\/strong><\/em><\/p>\n<p class=\"yiv8484689357MsoNormal\">O Brasil dever\u00e1 alcan\u00e7ar, em 2021, a soma de mais de 80 milh\u00f5es de pessoas vivendo com severa ou total restri\u00e7\u00e3o de acesso \u00e0 alimenta\u00e7\u00e3o b\u00e1sica, sendo 61,1 milh\u00f5es na pobreza e 19,3 milh\u00f5es na extrema pobreza. Perante dados como os da Universidade de S\u00e3o Paulo (USP), o pr\u00e9-candidato a presidente da Rep\u00fablica pelo PDT, Ciro Gomes, defende o imediato e constante suporte social do Estado.<\/p>\n<p class=\"yiv8484689357MsoNormal\">\u201c\u00c9 s\u00f3 andar por a\u00ed para ver o crescimento da mis\u00e9ria e da fome. Hoje, 19 milh\u00f5es de brasileiros n\u00e3o t\u00eam o que comer. Precisa dizer mais? Vamos mudar isso?\u201d, disse, em novo\u00a0<a href=\"https:\/\/www.facebook.com\/cirogomesoficial\/videos\/487627129237269\" target=\"_blank\" rel=\"nofollow noopener noreferrer\">v\u00eddeo<\/a>, considerando a realidade que atinge, predominantemente, as mulheres e a popula\u00e7\u00e3o negra.<\/p>\n<p class=\"yiv8484689357MsoNormal\">Na pandemia, a crescente perda de renda da popula\u00e7\u00e3o mais pobre \u00e9 potencializada pela redu\u00e7\u00e3o da abrang\u00eancia e do valor do aux\u00edlio emergencial promovida pelo governo Bolsonaro, que n\u00e3o conta com uma pol\u00edtica sistematizada que inverta a negativa tend\u00eancia estabelecida.<\/p>\n<p class=\"yiv8484689357MsoNormal\"><strong>Alternativa<\/strong><\/p>\n<p class=\"yiv8484689357MsoNormal\">Contrastando com a atual gest\u00e3o federal, Ciro prop\u00f5e a cria\u00e7\u00e3o, a partir do Projeto Nacional de Desenvolvimento (PND), de programas mais eficientes de transfer\u00eancia de renda, em associa\u00e7\u00e3o\u00a0aos abordados pelo presidente dos Estados Unidos, Joe Biden, desde 2020.<\/p>\n<p class=\"yiv8484689357MsoNormal\">Em\u00a0<a href=\"https:\/\/www.facebook.com\/cirogomesoficial\/videos\/230967932136148\" target=\"_blank\" rel=\"nofollow noopener noreferrer\">cap\u00edtulo<\/a>\u00a0adicional da campanha de comunica\u00e7\u00e3o do partido, o ex-governador do Cear\u00e1 indicou que a proje\u00e7\u00e3o permitir\u00e1 a erradica\u00e7\u00e3o da fome e da extrema pobreza.<\/p>\n<\/div>\n<\/div>\n<\/div>\n<\/div>\n<div class=\"jb_0 X_6MGW N_6Fd5\">\n<div class=\"P_0 je_fq7\"><\/div>\n<\/div>\n<!-- AddThis Advanced Settings generic via filter on the_content --><!-- AddThis Share Buttons generic via filter on the_content -->","protected":false},"excerpt":{"rendered":"<p>No Projeto Nacional de Desenvolvimento, pedetista prop\u00f5e medidas mais eficientes para erradicar a fome O Brasil dever\u00e1 alcan\u00e7ar, em 2021, a soma de mais de 80 milh\u00f5es de pessoas vivendo com severa ou total restri\u00e7\u00e3o de acesso \u00e0 alimenta\u00e7\u00e3o b\u00e1sica, sendo 61,1 milh\u00f5es na pobreza e 19,3 milh\u00f5es na extrema pobreza. Perante dados como os&#8230;<!-- AddThis Advanced Settings generic via filter on wp_trim_excerpt --><!-- AddThis Share Buttons generic via filter on wp_trim_excerpt --><\/p>\n","protected":false},"author":17,"featured_media":77990,"comment_status":"closed","ping_status":"closed","sticky":false,"template":"","format":"standard","meta":{"_monsterinsights_skip_tracking":false,"_monsterinsights_sitenote_active":false,"_monsterinsights_sitenote_note":"","_monsterinsights_sitenote_category":0,"_uf_show_specific_survey":0,"_uf_disable_surveys":false,"footnotes":""},"categories":[1390,1401],"tags":[201,220,4118,1541],"class_list":["post-77989","post","type-post","status-publish","format-standard","has-post-thumbnail","hentry","category-editorias","category-nacional","tag-ceara","tag-ciro-gomes","tag-joe-biden","tag-projeto-nacional-de-desenvolvimento"],"acf":[],"_links":{"self":[{"href":"https:\/\/pdt-rj.org.br\/index.php\/wp-json\/wp\/v2\/posts\/77989","targetHints":{"allow":["GET"]}}],"collection":[{"href":"https:\/\/pdt-rj.org.br\/index.php\/wp-json\/wp\/v2\/posts"}],"about":[{"href":"https:\/\/pdt-rj.org.br\/index.php\/wp-json\/wp\/v2\/types\/post"}],"author":[{"embeddable":true,"href":"https:\/\/pdt-rj.org.br\/index.php\/wp-json\/wp\/v2\/users\/17"}],"replies":[{"embeddable":true,"href":"https:\/\/pdt-rj.org.br\/index.php\/wp-json\/wp\/v2\/comments?post=77989"}],"version-history":[{"count":1,"href":"https:\/\/pdt-rj.org.br\/index.php\/wp-json\/wp\/v2\/posts\/77989\/revisions"}],"predecessor-version":[{"id":77991,"href":"https:\/\/pdt-rj.org.br\/index.php\/wp-json\/wp\/v2\/posts\/77989\/revisions\/77991"}],"wp:featuredmedia":[{"embeddable":true,"href":"https:\/\/pdt-rj.org.br\/index.php\/wp-json\/wp\/v2\/media\/77990"}],"wp:attachment":[{"href":"https:\/\/pdt-rj.org.br\/index.php\/wp-json\/wp\/v2\/media?parent=77989"}],"wp:term":[{"taxonomy":"category","embeddable":true,"href":"https:\/\/pdt-rj.org.br\/index.php\/wp-json\/wp\/v2\/categories?post=77989"},{"taxonomy":"post_tag","embeddable":true,"href":"https:\/\/pdt-rj.org.br\/index.php\/wp-json\/wp\/v2\/tags?post=77989"}],"curies":[{"name":"wp","href":"https:\/\/api.w.org\/{rel}","templated":true}]}}