{"id":77982,"date":"2021-05-14T23:06:06","date_gmt":"2021-05-15T02:06:06","guid":{"rendered":"http:\/\/pdt-rj.org.br\/?p=77982"},"modified":"2021-05-14T23:15:44","modified_gmt":"2021-05-15T02:15:44","slug":"camara-de-vereadores-aprova-projeto-da-prefeitura-de-niteroi-rj-que-homenageia-ator-paulo-gustavo","status":"publish","type":"post","link":"https:\/\/pdt-rj.org.br\/index.php\/camara-de-vereadores-aprova-projeto-da-prefeitura-de-niteroi-rj-que-homenageia-ator-paulo-gustavo\/","title":{"rendered":"C\u00e2mara de Vereadores aprova projeto da Prefeitura de Niter\u00f3i (RJ) que homenageia ator Paulo Gustavo"},"content":{"rendered":"<p class=\"yiv8332924491MsoNormal\"><em><strong>Mais de 31 mil cidad\u00e3os votaram a favor de altera\u00e7\u00e3o do nome de rua em Icara\u00ed, na Zona Sul da cidade<\/strong><\/em><\/p>\n<p>Ap\u00f3s consulta p\u00fablica realizada pela Prefeitura de Niter\u00f3i, com mais de 34 mil participantes, a C\u00e2mara de Vereadores aprovou, nessa quarta-feira (13), homenagem ao ator Paulo Gustavo, na principal rua de Icara\u00ed. O\u00a0 humorista morreu na noite do \u00faltimo dia 4 por complica\u00e7\u00f5es da Covid-19, ap\u00f3s 52 dias internado. Nos pr\u00f3ximos dias, o projeto de lei ser\u00e1 sancionado pelo prefeito Axel Grael (PDT).<\/p>\n<p>Na vota\u00e7\u00e3o virtual, que teve resultado divulgado no \u00faltimo s\u00e1bado (8), mais de 31 mil niteroienses votaram a favor de alterar para Rua Ator Paulo Gustavo o nome da atual Rua Coronel Moreira C\u00e9sar, em Icara\u00ed, Zona Sul de Niter\u00f3i. Cerca de 90,2% dos participantes responderam \u201csim\u201d \u00e0 pergunta \u201cVoc\u00ea concorda com a substitui\u00e7\u00e3o do nome do Coronel Moreira C\u00e9sar, em Icara\u00ed, pela Rua Ator Paulo Gustavo?\u201d.<\/p>\n<p>Nascido e criado em Niter\u00f3i, Paulo Gustavo sempre exaltou a cidade e a usou como cen\u00e1rio em seus trabalhos. Belos locais como a Praia de Boa Viagem, o Campo de S\u00e3o Bento e Icara\u00ed ganharam todo o Pa\u00eds. Por diversas vezes, o ator se mostrou preocupado e engajado na luta contra o coronav\u00edrus e no apoio aos mais vulner\u00e1veis.<\/p>\n<p>\u201cFiquei muito feliz com a aprova\u00e7\u00e3o, agora h\u00e1 pouco, na C\u00e2mara de Vereadores de Niter\u00f3i, por 18 votos a 3, da mensagem que encaminhei propondo a mudan\u00e7a do nome da Rua Coronel Moreira C\u00e9sar para Rua Ator Paulo Gustavo. Com esta homenagem, Niter\u00f3i demonstra carinho, admira\u00e7\u00e3o e respeito por este artista que, em toda a sua trajet\u00f3ria, enalteceu nossa cidade com sua genialidade e talento\u201d, disse Grael.<\/p>\n<p>Nenhum dos processos municipais relativos \u00e0 altera\u00e7\u00e3o do nome da rua, como alvar\u00e1s, certid\u00e3o de logradouro e averba\u00e7\u00e3o do novo nome, t\u00eam custos para moradores ou lojistas. Grande parte das solicita\u00e7\u00f5es poder\u00e1 ser feita online. De acordo com a Associa\u00e7\u00e3o dos Not\u00e1rios e Registradores do Estado do Rio de Janeiro, os cart\u00f3rios n\u00e3o participam, em nenhum momento, da modifica\u00e7\u00e3o do nome de rua e n\u00e3o haver\u00e1 necessidade de troca ou substitui\u00e7\u00e3o no cart\u00f3rio.<\/p>\n<!-- AddThis Advanced Settings generic via filter on the_content --><!-- AddThis Share Buttons generic via filter on the_content -->","protected":false},"excerpt":{"rendered":"<p>Mais de 31 mil cidad\u00e3os votaram a favor de altera\u00e7\u00e3o do nome de rua em Icara\u00ed, na Zona Sul da cidade Ap\u00f3s consulta p\u00fablica realizada pela Prefeitura de Niter\u00f3i, com mais de 34 mil participantes, a C\u00e2mara de Vereadores aprovou, nessa quarta-feira (13), homenagem ao ator Paulo Gustavo, na principal rua de Icara\u00ed. O\u00a0 humorista&#8230;<!-- AddThis Advanced Settings generic via filter on wp_trim_excerpt --><!-- AddThis Share Buttons generic via filter on wp_trim_excerpt --><\/p>\n","protected":false},"author":17,"featured_media":77983,"comment_status":"closed","ping_status":"closed","sticky":false,"template":"","format":"standard","meta":{"_monsterinsights_skip_tracking":false,"_monsterinsights_sitenote_active":false,"_monsterinsights_sitenote_note":"","_monsterinsights_sitenote_category":0,"_uf_show_specific_survey":0,"_uf_disable_surveys":false,"footnotes":""},"categories":[1390],"tags":[4025,3316,3348,2463,4787],"class_list":["post-77982","post","type-post","status-publish","format-standard","has-post-thumbnail","hentry","category-editorias","tag-axel-grael","tag-coronavirus","tag-covid-19","tag-niteroi-rj","tag-paulo-gustavo"],"acf":[],"_links":{"self":[{"href":"https:\/\/pdt-rj.org.br\/index.php\/wp-json\/wp\/v2\/posts\/77982","targetHints":{"allow":["GET"]}}],"collection":[{"href":"https:\/\/pdt-rj.org.br\/index.php\/wp-json\/wp\/v2\/posts"}],"about":[{"href":"https:\/\/pdt-rj.org.br\/index.php\/wp-json\/wp\/v2\/types\/post"}],"author":[{"embeddable":true,"href":"https:\/\/pdt-rj.org.br\/index.php\/wp-json\/wp\/v2\/users\/17"}],"replies":[{"embeddable":true,"href":"https:\/\/pdt-rj.org.br\/index.php\/wp-json\/wp\/v2\/comments?post=77982"}],"version-history":[{"count":5,"href":"https:\/\/pdt-rj.org.br\/index.php\/wp-json\/wp\/v2\/posts\/77982\/revisions"}],"predecessor-version":[{"id":77988,"href":"https:\/\/pdt-rj.org.br\/index.php\/wp-json\/wp\/v2\/posts\/77982\/revisions\/77988"}],"wp:featuredmedia":[{"embeddable":true,"href":"https:\/\/pdt-rj.org.br\/index.php\/wp-json\/wp\/v2\/media\/77983"}],"wp:attachment":[{"href":"https:\/\/pdt-rj.org.br\/index.php\/wp-json\/wp\/v2\/media?parent=77982"}],"wp:term":[{"taxonomy":"category","embeddable":true,"href":"https:\/\/pdt-rj.org.br\/index.php\/wp-json\/wp\/v2\/categories?post=77982"},{"taxonomy":"post_tag","embeddable":true,"href":"https:\/\/pdt-rj.org.br\/index.php\/wp-json\/wp\/v2\/tags?post=77982"}],"curies":[{"name":"wp","href":"https:\/\/api.w.org\/{rel}","templated":true}]}}