{"id":77960,"date":"2021-05-14T12:21:54","date_gmt":"2021-05-14T15:21:54","guid":{"rendered":"http:\/\/pdt-rj.org.br\/?p=77960"},"modified":"2021-05-14T12:22:54","modified_gmt":"2021-05-14T15:22:54","slug":"cid-gomes-vota-a-favor-de-projeto-que-proibe-aumento-no-preco-de-medicamentos","status":"publish","type":"post","link":"https:\/\/pdt-rj.org.br\/index.php\/cid-gomes-vota-a-favor-de-projeto-que-proibe-aumento-no-preco-de-medicamentos\/","title":{"rendered":"Cid Gomes vota a favor de projeto que pro\u00edbe aumento no pre\u00e7o de medicamentos"},"content":{"rendered":"<p>O senador Cid Gomes (PDT-CE) votou a favor do projeto de lei que pro\u00edbe o aumento do pre\u00e7o de medicamentos durante per\u00edodos de emerg\u00eancia de sa\u00fade no Brasil. O projeto n\u00ba 939\/21, de autoria do senador Lasier Martins (Podemos\/RS), foi aprovado durante a sess\u00e3o do Senado Federal nessa quinta-feira (13), e os senadores esperam que a mat\u00e9ria seja apreciada e aprovada tamb\u00e9m pela C\u00e2mara dos Deputados. \u201cMomentos excepcionais exigem medidas excepcionais\u201d, argumentou Cid Gomes sobre a aprova\u00e7\u00e3o da proposta.<\/p>\n<p>Cid ressaltou que n\u00e3o se trata de o estado querer interferir no mercado ou regrar a economia, mas lembrou que o setor de medicamentos \u00e9 essencial e j\u00e1 \u00e9 regulado constitucionalmente pelo estado.<\/p>\n<p>\u201cTrata-se de um setor essencial, que \u00e9 a sa\u00fade, e estamos em um per\u00edodo excepcional, tenho certeza de que todos compreender\u00e3o que durante o per\u00edodo de vig\u00eancia dessa emerg\u00eancia sanit\u00e1ria devemos deixar a popula\u00e7\u00e3o livre de ter ainda mais acrescido ao seu sofrimento o aumento dos rem\u00e9dios\u201d, defendeu o senador.<\/p>\n<p>O projeto determina n\u00e3o s\u00f3 que os pre\u00e7os dos rem\u00e9dios n\u00e3o poder\u00e3o ser reajustados enquanto durar a pandemia, assim como susta qualquer reajuste que tenha sido efetivado em 2021. Apesar disso, a proposta n\u00e3o prev\u00ea ressarcimento aos consumidores que compraram com valores eventualmente reajustados.<\/p>\n<!-- AddThis Advanced Settings generic via filter on the_content --><!-- AddThis Share Buttons generic via filter on the_content -->","protected":false},"excerpt":{"rendered":"<p>O senador Cid Gomes (PDT-CE) votou a favor do projeto de lei que pro\u00edbe o aumento do pre\u00e7o de medicamentos durante per\u00edodos de emerg\u00eancia de sa\u00fade no Brasil. O projeto n\u00ba 939\/21, de autoria do senador Lasier Martins (Podemos\/RS), foi aprovado durante a sess\u00e3o do Senado Federal nessa quinta-feira (13), e os senadores esperam que&#8230;<!-- AddThis Advanced Settings generic via filter on wp_trim_excerpt --><!-- AddThis Share Buttons generic via filter on wp_trim_excerpt --><\/p>\n","protected":false},"author":17,"featured_media":77963,"comment_status":"closed","ping_status":"closed","sticky":false,"template":"","format":"standard","meta":{"_monsterinsights_skip_tracking":false,"_monsterinsights_sitenote_active":false,"_monsterinsights_sitenote_note":"","_monsterinsights_sitenote_category":0,"_uf_show_specific_survey":0,"_uf_disable_surveys":false,"footnotes":""},"categories":[1390,1459],"tags":[4778,211,4779,4780,870],"class_list":["post-77960","post","type-post","status-publish","format-standard","has-post-thumbnail","hentry","category-editorias","category-congresso","tag-aumento-do-preco-de-medicamentos","tag-cid-gomes","tag-emergencia-de-saude-no-brasil","tag-precos-dos-remedios-nao-serao-reajustados","tag-senado-federal"],"acf":[],"_links":{"self":[{"href":"https:\/\/pdt-rj.org.br\/index.php\/wp-json\/wp\/v2\/posts\/77960","targetHints":{"allow":["GET"]}}],"collection":[{"href":"https:\/\/pdt-rj.org.br\/index.php\/wp-json\/wp\/v2\/posts"}],"about":[{"href":"https:\/\/pdt-rj.org.br\/index.php\/wp-json\/wp\/v2\/types\/post"}],"author":[{"embeddable":true,"href":"https:\/\/pdt-rj.org.br\/index.php\/wp-json\/wp\/v2\/users\/17"}],"replies":[{"embeddable":true,"href":"https:\/\/pdt-rj.org.br\/index.php\/wp-json\/wp\/v2\/comments?post=77960"}],"version-history":[{"count":4,"href":"https:\/\/pdt-rj.org.br\/index.php\/wp-json\/wp\/v2\/posts\/77960\/revisions"}],"predecessor-version":[{"id":77965,"href":"https:\/\/pdt-rj.org.br\/index.php\/wp-json\/wp\/v2\/posts\/77960\/revisions\/77965"}],"wp:featuredmedia":[{"embeddable":true,"href":"https:\/\/pdt-rj.org.br\/index.php\/wp-json\/wp\/v2\/media\/77963"}],"wp:attachment":[{"href":"https:\/\/pdt-rj.org.br\/index.php\/wp-json\/wp\/v2\/media?parent=77960"}],"wp:term":[{"taxonomy":"category","embeddable":true,"href":"https:\/\/pdt-rj.org.br\/index.php\/wp-json\/wp\/v2\/categories?post=77960"},{"taxonomy":"post_tag","embeddable":true,"href":"https:\/\/pdt-rj.org.br\/index.php\/wp-json\/wp\/v2\/tags?post=77960"}],"curies":[{"name":"wp","href":"https:\/\/api.w.org\/{rel}","templated":true}]}}