{"id":77948,"date":"2021-05-13T16:26:54","date_gmt":"2021-05-13T19:26:54","guid":{"rendered":"http:\/\/pdt-rj.org.br\/?p=77948"},"modified":"2021-05-13T16:31:14","modified_gmt":"2021-05-13T19:31:14","slug":"wolney-queiroz-lider-do-pdt-na-camara-declara-voto-contrario-ao-projeto-que-muda-o-regimento-interno-da-camara-dos-deputados","status":"publish","type":"post","link":"https:\/\/pdt-rj.org.br\/index.php\/wolney-queiroz-lider-do-pdt-na-camara-declara-voto-contrario-ao-projeto-que-muda-o-regimento-interno-da-camara-dos-deputados\/","title":{"rendered":"Wolney Queiroz, l\u00edder do PDT na C\u00e2mara, declara voto contr\u00e1rio ao projeto que muda o Regimento Interno da C\u00e2mara dos Deputados"},"content":{"rendered":"<p>O l\u00edder do PDT na C\u00e2mara, Wolney Queiroz (PE), declarou o posicionamento contr\u00e1rio do partido ao Projeto de Resolu\u00e7\u00e3o 84\/19. J\u00e1 aprovado na C\u00e2mara dos Deputados, por 337 votos a 110, nesta quarta-feira (12), o PL muda o Regimento Interno da casa para reduzir os requerimentos protelat\u00f3rios e aumentar o tempo de debate de m\u00e9rito das mat\u00e9rias na fase de discuss\u00e3o em Plen\u00e1rio. A proposta foi promulgada e come\u00e7a a valer a partir de hoje (13).<\/p>\n<p>Em pronunciamento na tribuna, o pedetista afirma que o Regimento da Casa \u201c\u00e9 fator de equil\u00edbrio entre Maioria e Minoria\u201d.<\/p>\n<p>O pedetista tamb\u00e9m destacou que a C\u00e2mara \u00e9 um dos parlamentos que mais produz no mundo, apesar das ferramentas regimentais de obstru\u00e7\u00e3o. Para ele, a busca de mais \u201cefici\u00eancia\u201d do Plen\u00e1rio \u00e9 um argumento falacioso.<\/p>\n<p>\u201cNos \u00faltimos quatro anos, a m\u00e9dia de aprova\u00e7\u00e3o no Brasil \u00e9 muito superior aos demais parlamentos do mundo. Produzimos muito mais do que o parlamento da Argentina, do Canad\u00e1 e da Austr\u00e1lia\u201d, afirmou o pedetista.<\/p>\n<p>Wolney alertou, ainda, que essas mudan\u00e7as abrem precedentes para que sempre que houver maioria na Casa, o regimento venha a ser modificado para \u201catender a maioria circunstancial\u201d.<\/p>\n<p>\u201c\u00c9 um projeto que diminui o espa\u00e7o da Oposi\u00e7\u00e3o, portanto diminui o debate, diminui o contradit\u00f3rio. N\u00f3s lamentamos\u201d, declarou o l\u00edder.<\/p>\n<!-- AddThis Advanced Settings generic via filter on the_content --><!-- AddThis Share Buttons generic via filter on the_content -->","protected":false},"excerpt":{"rendered":"<p>O l\u00edder do PDT na C\u00e2mara, Wolney Queiroz (PE), declarou o posicionamento contr\u00e1rio do partido ao Projeto de Resolu\u00e7\u00e3o 84\/19. J\u00e1 aprovado na C\u00e2mara dos Deputados, por 337 votos a 110, nesta quarta-feira (12), o PL muda o Regimento Interno da casa para reduzir os requerimentos protelat\u00f3rios e aumentar o tempo de debate de m\u00e9rito&#8230;<!-- AddThis Advanced Settings generic via filter on wp_trim_excerpt --><!-- AddThis Share Buttons generic via filter on wp_trim_excerpt --><\/p>\n","protected":false},"author":17,"featured_media":77955,"comment_status":"closed","ping_status":"closed","sticky":false,"template":"","format":"standard","meta":{"_monsterinsights_skip_tracking":false,"_monsterinsights_sitenote_active":false,"_monsterinsights_sitenote_note":"","_monsterinsights_sitenote_category":0,"_uf_show_specific_survey":0,"_uf_disable_surveys":false,"footnotes":""},"categories":[1390,1459],"tags":[],"class_list":["post-77948","post","type-post","status-publish","format-standard","has-post-thumbnail","hentry","category-editorias","category-congresso"],"acf":[],"_links":{"self":[{"href":"https:\/\/pdt-rj.org.br\/index.php\/wp-json\/wp\/v2\/posts\/77948","targetHints":{"allow":["GET"]}}],"collection":[{"href":"https:\/\/pdt-rj.org.br\/index.php\/wp-json\/wp\/v2\/posts"}],"about":[{"href":"https:\/\/pdt-rj.org.br\/index.php\/wp-json\/wp\/v2\/types\/post"}],"author":[{"embeddable":true,"href":"https:\/\/pdt-rj.org.br\/index.php\/wp-json\/wp\/v2\/users\/17"}],"replies":[{"embeddable":true,"href":"https:\/\/pdt-rj.org.br\/index.php\/wp-json\/wp\/v2\/comments?post=77948"}],"version-history":[{"count":1,"href":"https:\/\/pdt-rj.org.br\/index.php\/wp-json\/wp\/v2\/posts\/77948\/revisions"}],"predecessor-version":[{"id":77953,"href":"https:\/\/pdt-rj.org.br\/index.php\/wp-json\/wp\/v2\/posts\/77948\/revisions\/77953"}],"wp:featuredmedia":[{"embeddable":true,"href":"https:\/\/pdt-rj.org.br\/index.php\/wp-json\/wp\/v2\/media\/77955"}],"wp:attachment":[{"href":"https:\/\/pdt-rj.org.br\/index.php\/wp-json\/wp\/v2\/media?parent=77948"}],"wp:term":[{"taxonomy":"category","embeddable":true,"href":"https:\/\/pdt-rj.org.br\/index.php\/wp-json\/wp\/v2\/categories?post=77948"},{"taxonomy":"post_tag","embeddable":true,"href":"https:\/\/pdt-rj.org.br\/index.php\/wp-json\/wp\/v2\/tags?post=77948"}],"curies":[{"name":"wp","href":"https:\/\/api.w.org\/{rel}","templated":true}]}}