{"id":77946,"date":"2021-05-13T16:12:59","date_gmt":"2021-05-13T19:12:59","guid":{"rendered":"http:\/\/pdt-rj.org.br\/?p=77946"},"modified":"2021-05-13T16:12:59","modified_gmt":"2021-05-13T19:12:59","slug":"movimento-cristaos-trabalhistas-trata-de-sua-formalizacao-com-lupi-e-manoel-dias","status":"publish","type":"post","link":"https:\/\/pdt-rj.org.br\/index.php\/movimento-cristaos-trabalhistas-trata-de-sua-formalizacao-com-lupi-e-manoel-dias\/","title":{"rendered":"Movimento Crist\u00e3os Trabalhistas trata de sua formaliza\u00e7\u00e3o com Lupi e Manoel Dias"},"content":{"rendered":"<p class=\"yiv3279558899MsoNormal\"><em><strong>Lideran\u00e7as nacionais destacaram relev\u00e2ncia da nova organiza\u00e7\u00e3o em segmento fundamental da sociedade<\/strong><\/em><\/p>\n<p class=\"yiv3279558899MsoNormal\">\n<p class=\"yiv3279558899MsoNormal\">A dire\u00e7\u00e3o provis\u00f3ria do Movimento Crist\u00e3os Trabalhistas encaminhou, nesta quinta-feira (13), a documenta\u00e7\u00e3o para sua formaliza\u00e7\u00e3o no PDT. O ato ocorreu durante encontro virtual com o presidente e o secret\u00e1rio-geral nacionais do partido, Carlos Lupi e Manoel Dias, respectivamente.<\/p>\n<p class=\"yiv3279558899MsoNormal\">Lupi indicou que, na pr\u00f3xima semana, a homologa\u00e7\u00e3o entrar\u00e1 na pauta da reuni\u00e3o da Executiva Nacional, conforme determina o estatuto. Ao destacar a import\u00e2ncia da organiza\u00e7\u00e3o, a lideran\u00e7a pedetista ressaltou a necessidade de refor\u00e7ar o di\u00e1logo com camadas fundamentais da popula\u00e7\u00e3o.<\/p>\n<p class=\"yiv3279558899MsoNormal\">\u201cVoc\u00eas est\u00e3o tendo a coragem e a ousadia para falar com o segmento. Fomos o primeiro partido a ter um comit\u00ea evang\u00e9lico. A iniciativa ocorreu nas elei\u00e7\u00f5es presidenciais de 1989, quando Leonel Brizola concorreu\u201d, relatou.<\/p>\n<p class=\"yiv3279558899MsoNormal\">\u201cA b\u00edblia \u00e9 instrumento de liberta\u00e7\u00e3o e fonte de sabedoria. O nosso Cristo \u00e9 do perd\u00e3o e do amor, diferente do presente no discurso do presidente da Rep\u00fablica, Jair Bolsonaro. Temos que ter coragem para denunciar para a sociedade\u201d, acrescentou, ao criticar o governo federal.<\/p>\n<p class=\"yiv3279558899MsoNormal\">Ao citar o atendimento aos crit\u00e9rios estatut\u00e1rios, como o apoio de 700 filiados em 21 estados da federa\u00e7\u00e3o, minuta de Regimento Interno e plano de trabalho para o pr\u00f3ximo bi\u00eanio, o presidente do movimento, Alexandre Gon\u00e7alves, citou a integra\u00e7\u00e3o de quadros para servir de \u201cponte para aproximar\u201d o \u201cmeio crist\u00e3o\u201d.<\/p>\n<p class=\"yiv3279558899MsoNormal\">\u201cA gente tem uma mistura de militantes hist\u00f3ricos, no partido, com pessoas novas. \u00c9 salutar essa unidade\u201d, afirmou, ao buscar contribui\u00e7\u00f5es cont\u00ednuas no campo progressista.<\/p>\n<p class=\"yiv3279558899MsoNormal\">\u201cN\u00f3s temos lugar de fala. Vamos conversar com os nossos irm\u00e3os para recuperar o nosso pa\u00eds e permitir que ele possa ser solid\u00e1rio. E tamb\u00e9m seremos a voz que vai se contrapor \u00e0s maluquices de Bolsonaro\u201d, acrescentou, ao destacar a presen\u00e7a nas redes sociais, incluindo o Twitter (@cristaostrabpdt).<\/p>\n<!-- AddThis Advanced Settings generic via filter on the_content --><!-- AddThis Share Buttons generic via filter on the_content -->","protected":false},"excerpt":{"rendered":"<p>Lideran\u00e7as nacionais destacaram relev\u00e2ncia da nova organiza\u00e7\u00e3o em segmento fundamental da sociedade A dire\u00e7\u00e3o provis\u00f3ria do Movimento Crist\u00e3os Trabalhistas encaminhou, nesta quinta-feira (13), a documenta\u00e7\u00e3o para sua formaliza\u00e7\u00e3o no PDT. O ato ocorreu durante encontro virtual com o presidente e o secret\u00e1rio-geral nacionais do partido, Carlos Lupi e Manoel Dias, respectivamente. Lupi indicou que, na&#8230;<!-- AddThis Advanced Settings generic via filter on wp_trim_excerpt --><!-- AddThis Share Buttons generic via filter on wp_trim_excerpt --><\/p>\n","protected":false},"author":17,"featured_media":77949,"comment_status":"closed","ping_status":"closed","sticky":false,"template":"","format":"standard","meta":{"_monsterinsights_skip_tracking":false,"_monsterinsights_sitenote_active":false,"_monsterinsights_sitenote_note":"","_monsterinsights_sitenote_category":0,"_uf_show_specific_survey":0,"_uf_disable_surveys":false,"footnotes":""},"categories":[1390,4077],"tags":[196,591,4028],"class_list":["post-77946","post","type-post","status-publish","format-standard","has-post-thumbnail","hentry","category-editorias","category-movimento-cristaos-trabalhistas","tag-carlos-lupi","tag-manoel-dias","tag-movimento-cristaos-trabalhistas"],"acf":[],"_links":{"self":[{"href":"https:\/\/pdt-rj.org.br\/index.php\/wp-json\/wp\/v2\/posts\/77946","targetHints":{"allow":["GET"]}}],"collection":[{"href":"https:\/\/pdt-rj.org.br\/index.php\/wp-json\/wp\/v2\/posts"}],"about":[{"href":"https:\/\/pdt-rj.org.br\/index.php\/wp-json\/wp\/v2\/types\/post"}],"author":[{"embeddable":true,"href":"https:\/\/pdt-rj.org.br\/index.php\/wp-json\/wp\/v2\/users\/17"}],"replies":[{"embeddable":true,"href":"https:\/\/pdt-rj.org.br\/index.php\/wp-json\/wp\/v2\/comments?post=77946"}],"version-history":[{"count":1,"href":"https:\/\/pdt-rj.org.br\/index.php\/wp-json\/wp\/v2\/posts\/77946\/revisions"}],"predecessor-version":[{"id":77950,"href":"https:\/\/pdt-rj.org.br\/index.php\/wp-json\/wp\/v2\/posts\/77946\/revisions\/77950"}],"wp:featuredmedia":[{"embeddable":true,"href":"https:\/\/pdt-rj.org.br\/index.php\/wp-json\/wp\/v2\/media\/77949"}],"wp:attachment":[{"href":"https:\/\/pdt-rj.org.br\/index.php\/wp-json\/wp\/v2\/media?parent=77946"}],"wp:term":[{"taxonomy":"category","embeddable":true,"href":"https:\/\/pdt-rj.org.br\/index.php\/wp-json\/wp\/v2\/categories?post=77946"},{"taxonomy":"post_tag","embeddable":true,"href":"https:\/\/pdt-rj.org.br\/index.php\/wp-json\/wp\/v2\/tags?post=77946"}],"curies":[{"name":"wp","href":"https:\/\/api.w.org\/{rel}","templated":true}]}}