{"id":77929,"date":"2021-05-13T15:57:41","date_gmt":"2021-05-13T18:57:41","guid":{"rendered":"http:\/\/pdt-rj.org.br\/?p=77929"},"modified":"2021-05-17T18:55:42","modified_gmt":"2021-05-17T21:55:42","slug":"ministra-rosa-weber-envia-a-pgr-noticia-crime-do-pdt-contra-bolsonaro-por-indicar-cloroquina-como-medida-de-prevencao-a-covid-19","status":"publish","type":"post","link":"https:\/\/pdt-rj.org.br\/index.php\/ministra-rosa-weber-envia-a-pgr-noticia-crime-do-pdt-contra-bolsonaro-por-indicar-cloroquina-como-medida-de-prevencao-a-covid-19\/","title":{"rendered":"Ministra Rosa Weber envia \u00e0 PGR not\u00edcia-crime do PDT contra Bolsonaro por indicar Cloroquina como medida de preven\u00e7\u00e3o \u00e0 Covid-19"},"content":{"rendered":"<p>A ministra Rosa Weber, do Supremo Tribunal Federal (STF), enviou, nessa quarta-feira (12), \u00e0 Procuradoria Geral da Rep\u00fablica (PGR), not\u00edcia-crime protocolada pelo PDT, em que acusa Jair Bolsonaro de indicar e divulgar o uso da Cloroquina como tratamento precoce da Covid-19. Na pe\u00e7a, o presidente \u00e9 acusado de colocar em risco a vida dos brasileiros.<\/p>\n<p>No despacho (<a href=\"http:\/\/portal.stf.jus.br\/processos\/detalhe.asp?incidente=6172071\">PET 942<\/a>), a ministra pede a abertura de vista dos autos pela PGR, \u201ca quem cabe a forma\u00e7\u00e3o da\u00a0<em>opinio delicti<\/em>\u00a0em feitos de compet\u00eancia desta Suprema Corte, para manifesta\u00e7\u00e3o no prazo regimental\u201d.<\/p>\n<p>No documento do PDT, s\u00e3o enumerados argumentos que responsabilizam Bolsonaro por prov\u00e1veis ilegalidades no gasto do dinheiro p\u00fablico, al\u00e9m do crime cometido quando prescreveu \u201ctratamento precoce\u201d juntamente com o Minist\u00e9rio da Sa\u00fade, diante a crise no Amazonas com escassez de oxig\u00eanio.<\/p>\n<p>Ainda segundo a pe\u00e7a, Bolsonaro tamb\u00e9m praticou o crime de charlatanismo, tipificados no art. 283 do C\u00f3digo Penal, quando anunciou a cura infal\u00edvel da Covid-19.<\/p>\n<!-- AddThis Advanced Settings generic via filter on the_content --><!-- AddThis Share Buttons generic via filter on the_content -->","protected":false},"excerpt":{"rendered":"<p>A ministra Rosa Weber, do Supremo Tribunal Federal (STF), enviou, nessa quarta-feira (12), \u00e0 Procuradoria Geral da Rep\u00fablica (PGR), not\u00edcia-crime protocolada pelo PDT, em que acusa Jair Bolsonaro de indicar e divulgar o uso da Cloroquina como tratamento precoce da Covid-19. Na pe\u00e7a, o presidente \u00e9 acusado de colocar em risco a vida dos brasileiros&#8230;.<!-- AddThis Advanced Settings generic via filter on wp_trim_excerpt --><!-- AddThis Share Buttons generic via filter on wp_trim_excerpt --><\/p>\n","protected":false},"author":17,"featured_media":77993,"comment_status":"closed","ping_status":"closed","sticky":false,"template":"","format":"standard","meta":{"_monsterinsights_skip_tracking":false,"_monsterinsights_sitenote_active":false,"_monsterinsights_sitenote_note":"","_monsterinsights_sitenote_category":0,"_uf_show_specific_survey":0,"_uf_disable_surveys":false,"footnotes":""},"categories":[1390,975,1401,976],"tags":[3348,4751,623,4775,3595],"class_list":["post-77929","post","type-post","status-publish","format-standard","has-post-thumbnail","hentry","category-editorias","category-manchete","category-nacional","category-noticias-em-destaque","tag-covid-19","tag-ilegalidades-no-gasto-do-dinheiro-publico","tag-ministerio-da-saude","tag-noticia-crime-do-pdt","tag-procuradoria-geral-da-republica"],"acf":[],"_links":{"self":[{"href":"https:\/\/pdt-rj.org.br\/index.php\/wp-json\/wp\/v2\/posts\/77929","targetHints":{"allow":["GET"]}}],"collection":[{"href":"https:\/\/pdt-rj.org.br\/index.php\/wp-json\/wp\/v2\/posts"}],"about":[{"href":"https:\/\/pdt-rj.org.br\/index.php\/wp-json\/wp\/v2\/types\/post"}],"author":[{"embeddable":true,"href":"https:\/\/pdt-rj.org.br\/index.php\/wp-json\/wp\/v2\/users\/17"}],"replies":[{"embeddable":true,"href":"https:\/\/pdt-rj.org.br\/index.php\/wp-json\/wp\/v2\/comments?post=77929"}],"version-history":[{"count":5,"href":"https:\/\/pdt-rj.org.br\/index.php\/wp-json\/wp\/v2\/posts\/77929\/revisions"}],"predecessor-version":[{"id":77992,"href":"https:\/\/pdt-rj.org.br\/index.php\/wp-json\/wp\/v2\/posts\/77929\/revisions\/77992"}],"wp:featuredmedia":[{"embeddable":true,"href":"https:\/\/pdt-rj.org.br\/index.php\/wp-json\/wp\/v2\/media\/77993"}],"wp:attachment":[{"href":"https:\/\/pdt-rj.org.br\/index.php\/wp-json\/wp\/v2\/media?parent=77929"}],"wp:term":[{"taxonomy":"category","embeddable":true,"href":"https:\/\/pdt-rj.org.br\/index.php\/wp-json\/wp\/v2\/categories?post=77929"},{"taxonomy":"post_tag","embeddable":true,"href":"https:\/\/pdt-rj.org.br\/index.php\/wp-json\/wp\/v2\/tags?post=77929"}],"curies":[{"name":"wp","href":"https:\/\/api.w.org\/{rel}","templated":true}]}}