{"id":77919,"date":"2021-05-12T20:42:07","date_gmt":"2021-05-12T23:42:07","guid":{"rendered":"http:\/\/pdt-rj.org.br\/?p=77919"},"modified":"2021-05-12T20:42:07","modified_gmt":"2021-05-12T23:42:07","slug":"ligia-doutel-de-andrade-desenvolvimento-e-liberdade-sao-componentes-harmonicos","status":"publish","type":"post","link":"https:\/\/pdt-rj.org.br\/index.php\/ligia-doutel-de-andrade-desenvolvimento-e-liberdade-sao-componentes-harmonicos\/","title":{"rendered":"L\u00edgia Doutel de Andrade: \u201cDesenvolvimento e liberdade s\u00e3o componentes harm\u00f4nicos\u201d"},"content":{"rendered":"<p class=\"yiv4510144476MsoNormal\"><em><b>Ex-deputada federal representou uma voz de resist\u00eancia ap\u00f3s o golpe militar que afastou Jo\u00e3o Goulart<\/b><\/em><\/p>\n<p class=\"yiv4510144476MsoNormal\">\n<p class=\"yiv4510144476MsoNormal\">No discurso de posse como deputada federal, em 12 de maio de 1967, L\u00edgia Doutel de Andrade manifestou o valor intr\u00ednseco da democracia com o desenvolvimento e a liberdade. A manifesta\u00e7\u00e3o foi resgatada na nova edi\u00e7\u00e3o do podcast \u201cA Voz Trabalhista\u201d, que foi lan\u00e7ado, nesta quarta-feira (12), pelo Centro de Mem\u00f3ria Trabalhista (CMT).<\/p>\n<p class=\"yiv4510144476MsoNormal\">\u201cUma democracia para o desenvolvimento \u2013 eis, em s\u00edntese, a defini\u00e7\u00e3o que encerra todo um programa de vasta e fecunda atua\u00e7\u00e3o, suscet\u00edvel de apontar solu\u00e7\u00f5es corretas para os m\u00faltiplos problemas brasileiros, desde a agress\u00e3o aos direitos individuais \u00e0s sufocantes condi\u00e7\u00f5es de vida\u201d, relatou. Na foto, ela (esq.) aparece, em 2019, ao lado da deputada estadual, Martha Rocha (PDT-RJ).<\/p>\n<p class=\"yiv4510144476MsoNormal\">\u201cDesenvolvimento e liberdade s\u00e3o componentes harm\u00f4nicos de um todo, que se interligam e completam. Uma n\u00e3o podendo subsistir sem a outra \u2013 e ambas constituindo a aspira\u00e7\u00e3o maior de uma Na\u00e7\u00e3o que desejar sair do carrascal em que a mergulharam\u201d, acrescentou.<\/p>\n<p class=\"yiv4510144476MsoNormal\">Eleita pelo antigo MDB, em 1966, com mais de 45 mil votos, a esposa de Doutel de Andrade se tornou, na \u00e9poca, a mais votada de Santa Catarina em um movimento de sucess\u00e3o, pois o trabalhista passou a ocupar o cargo de vice-governador ap\u00f3s dois anos de mandato na C\u00e2mara. A marcante parceria sempre foi reconhecida por ambos os lados.<\/p>\n<p class=\"yiv4510144476MsoNormal\">\u201cAl\u00e9m da admira\u00e7\u00e3o que lhe devoto como sua mulher, admiro-o tamb\u00e9m na minha qualidade de cidad\u00e3 brasileira, que v\u00ea em Doutel de Andrade um dos grandes l\u00edderes desde pa\u00eds que soube honrar esta Casa, conduzindo a Oposi\u00e7\u00e3o com coragem, com altivez e com desassombro num instante dos mais terr\u00edveis e mais dif\u00edceis para esta Na\u00e7\u00e3o\u201d, comentou.<\/p>\n<p class=\"yiv4510144476MsoNormal\"><strong>Combativa<\/strong><\/p>\n<p class=\"yiv4510144476MsoNormal\">Por ser defensora das bandeiras potencializadas por Get\u00falio Vargas, Leonel Brizola e Jo\u00e3o Goulart, bem como cr\u00edtica dos presidentes militares, L\u00edgia foi perseguida pela ditadura e, em 1968, foi cassada. Com o Ato Institucional n\u00ba 5 (AI-5), foi tamb\u00e9m banida da pol\u00edtica por dez anos.<\/p>\n<p class=\"yiv4510144476MsoNormal\">\u201cN\u00e3o \u00e9 preciso muito esfor\u00e7o, senhor presidente, nem s\u00e3o necess\u00e1rios grandes conhecimentos especializados para se chegar \u00e0 conclus\u00e3o de que realmente fracassou a quartelada de abril de 1964\u201d, afirmou, ao completar: \u201cO desastre est\u00e1 claramente exposto numa publica\u00e7\u00e3o insuspeita, que \u00e9 o Estudo Econ\u00f4mico do CEPAL, ou seja, da ONU para a Am\u00e9rica Latina\u201d.<\/p>\n<p class=\"yiv4510144476MsoNormal\"><strong>Redemocratiza\u00e7\u00e3o<\/strong><\/p>\n<p class=\"yiv4510144476MsoNormal\">J\u00e1 na d\u00e9cada de 80, como uma das fundadoras do PDT no processo de reabertura do Brasil, integrou a Internacional Socialista de Mulheres, onde exerceu, por dois anos consecutivos, o cargo de vice-presidente para a regi\u00e3o Brasil-Paraguai.<\/p>\n<p class=\"yiv4510144476MsoNormal\">A\u00a0<a href=\"http:\/\/pdt-rj.org.br\/index.php\/ligia-doutel-de-andrade-representacao-da-significancia-da-mulher-no-pais\/\" target=\"_blank\" rel=\"nofollow noopener noreferrer\">retomada do mandato<\/a>\u00a0s\u00f3 ocorreu ap\u00f3s 44 anos, durante cerim\u00f4nia no Congresso Nacional, em 6 de dezembro de 2012.\u00a0Na ocasi\u00e3o, resgatou a trajet\u00f3ria contra abusos acumulados por militares.<\/p>\n<p class=\"yiv4510144476MsoNormal\">\u201cMuitas pagaram com a pr\u00f3pria vida a fidelidade aos seus ideais. Outras tantas foram v\u00edtimas de violenta repress\u00e3o e outras mais sofreram a morte ou o desaparecimento de filhos, maridos, companheiros, pais e irm\u00e3os. Mesmo assim, n\u00e3o renunciaram \u00e0s suas convic\u00e7\u00f5es e prosseguiram dando contribui\u00e7\u00e3o valiosa \u00e0 causa da democracia e da liberdade\u201d, explicou, ao receber novamente o diploma h\u00e1 nove anos.<\/p>\n<p class=\"yiv4510144476MsoNormal\">Acompanhe a \u00edntegra do novo epis\u00f3dio\u00a0<a href=\"https:\/\/anchor.fm\/memoria-trabalhista\/episodes\/EP59-Posse-de-Lgia-Doutel-de-Andrade-como-deputada-federal-e10mcii\" target=\"_blank\" rel=\"nofollow noopener noreferrer\">aqui<\/a>.<\/p>\n<!-- AddThis Advanced Settings generic via filter on the_content --><!-- AddThis Share Buttons generic via filter on the_content -->","protected":false},"excerpt":{"rendered":"<p>Ex-deputada federal representou uma voz de resist\u00eancia ap\u00f3s o golpe militar que afastou Jo\u00e3o Goulart No discurso de posse como deputada federal, em 12 de maio de 1967, L\u00edgia Doutel de Andrade manifestou o valor intr\u00ednseco da democracia com o desenvolvimento e a liberdade. A manifesta\u00e7\u00e3o foi resgatada na nova edi\u00e7\u00e3o do podcast \u201cA Voz&#8230;<!-- AddThis Advanced Settings generic via filter on wp_trim_excerpt --><!-- AddThis Share Buttons generic via filter on wp_trim_excerpt --><\/p>\n","protected":false},"author":17,"featured_media":77920,"comment_status":"closed","ping_status":"closed","sticky":false,"template":"","format":"standard","meta":{"_monsterinsights_skip_tracking":false,"_monsterinsights_sitenote_active":false,"_monsterinsights_sitenote_note":"","_monsterinsights_sitenote_category":0,"_uf_show_specific_survey":0,"_uf_disable_surveys":false,"footnotes":""},"categories":[1390],"tags":[3891,437,4772,514,565,4773,67,38],"class_list":["post-77919","post","type-post","status-publish","format-standard","has-post-thumbnail","hentry","category-editorias","tag-a-voz-trabalhista","tag-getulio-vargas","tag-internacional-socialista-de-mulheres","tag-joao-goulart","tag-leonel-brizola","tag-ligia-doutel-de-andrade","tag-onu","tag-pdt"],"acf":[],"_links":{"self":[{"href":"https:\/\/pdt-rj.org.br\/index.php\/wp-json\/wp\/v2\/posts\/77919","targetHints":{"allow":["GET"]}}],"collection":[{"href":"https:\/\/pdt-rj.org.br\/index.php\/wp-json\/wp\/v2\/posts"}],"about":[{"href":"https:\/\/pdt-rj.org.br\/index.php\/wp-json\/wp\/v2\/types\/post"}],"author":[{"embeddable":true,"href":"https:\/\/pdt-rj.org.br\/index.php\/wp-json\/wp\/v2\/users\/17"}],"replies":[{"embeddable":true,"href":"https:\/\/pdt-rj.org.br\/index.php\/wp-json\/wp\/v2\/comments?post=77919"}],"version-history":[{"count":1,"href":"https:\/\/pdt-rj.org.br\/index.php\/wp-json\/wp\/v2\/posts\/77919\/revisions"}],"predecessor-version":[{"id":77921,"href":"https:\/\/pdt-rj.org.br\/index.php\/wp-json\/wp\/v2\/posts\/77919\/revisions\/77921"}],"wp:featuredmedia":[{"embeddable":true,"href":"https:\/\/pdt-rj.org.br\/index.php\/wp-json\/wp\/v2\/media\/77920"}],"wp:attachment":[{"href":"https:\/\/pdt-rj.org.br\/index.php\/wp-json\/wp\/v2\/media?parent=77919"}],"wp:term":[{"taxonomy":"category","embeddable":true,"href":"https:\/\/pdt-rj.org.br\/index.php\/wp-json\/wp\/v2\/categories?post=77919"},{"taxonomy":"post_tag","embeddable":true,"href":"https:\/\/pdt-rj.org.br\/index.php\/wp-json\/wp\/v2\/tags?post=77919"}],"curies":[{"name":"wp","href":"https:\/\/api.w.org\/{rel}","templated":true}]}}