{"id":77907,"date":"2021-05-12T14:39:46","date_gmt":"2021-05-12T17:39:46","guid":{"rendered":"http:\/\/pdt-rj.org.br\/?p=77907"},"modified":"2021-05-13T16:06:52","modified_gmt":"2021-05-13T19:06:52","slug":"lupi-mobiliza-bancada-do-pdt-contra-fechamento-de-universidades-publicas","status":"publish","type":"post","link":"https:\/\/pdt-rj.org.br\/index.php\/lupi-mobiliza-bancada-do-pdt-contra-fechamento-de-universidades-publicas\/","title":{"rendered":"Lupi mobiliza bancada do PDT contra fechamento de universidades p\u00fablicas"},"content":{"rendered":"<div class=\"msg-body P_wpofO mq_AS\" data-test-id=\"message-view-body-content\">\n<div class=\"jb_0 X_6MGW N_6Fd5\">\n<div id=\"yiv0700188024\">\n<div dir=\"ltr\">\n<p class=\"yiv0700188024MsoNormal\"><em><b>Em todo o Brasil, entidades educacionais tiveram seus or\u00e7amentos cortados pelo governo Bolsonaro<\/b><\/em><\/p>\n<p class=\"yiv0700188024MsoNormal\">O presidente nacional do PDT, Carlos Lupi, anunciou que, em conjunto com a bancada do partido no Congresso Nacional, iniciou uma mobiliza\u00e7\u00e3o emergencial, nesta quarta-feira (12), para impedir o fechamento das universidades p\u00fablicas pelo governo Bolsonaro. Em destaque, a poss\u00edvel paralisa\u00e7\u00e3o da Universidade Federal do Rio de Janeiro (UFRJ), em julho, por falta de verbas.<\/p>\n<p class=\"yiv0700188024MsoNormal\">\u201cAqui, em Bras\u00edlia, lutando pelas nossas universidades federais, principalmente a do Rio de Janeiro. [&#8230;] Com a bancada do PDT, lutando para manter a UFRJ funcionando com a excel\u00eancia que sempre entregou ao Brasil\u201d, disse, ao mencionar reuni\u00f5es sobre o tema com os presidentes da C\u00e2mara e do Senado, Arthur Lira e Rodrigo Pacheco, respectivamente.<\/p>\n<p class=\"yiv0700188024MsoNormal\">Em fun\u00e7\u00e3o do or\u00e7amento indicado pela gest\u00e3o federal em 2021, o funcionamento de unidades, como na capital fluminense, ficar\u00e1 inviabilizada at\u00e9 para sustentar as despesas b\u00e1sicas, como limpeza, seguran\u00e7a e ilumina\u00e7\u00e3o.<\/p>\n<p class=\"yiv0700188024MsoNormal\">Conforme determina\u00e7\u00e3o do Minist\u00e9rio da Educa\u00e7\u00e3o (MEC), a redu\u00e7\u00e3o nas despesas discricion\u00e1rias alcan\u00e7ou o patamar de 37%, se comparadas \u00e0s ofertadas em 2010 e considerando a corre\u00e7\u00e3o pela infla\u00e7\u00e3o.<\/p>\n<p class=\"yiv0700188024MsoNormal\">\u201cUm absurdo o que o governo do profeta da ignor\u00e2ncia faz. E agora, cortando as verbas, [&#8230;] ele est\u00e1 impedindo-as de trabalhar\u201d, criticou.<\/p>\n<p class=\"yiv0700188024MsoNormal\">\u201cPodem ter certeza: n\u00f3s vamos lutar, e muito, para que a Universidade do Rio de Janeiro seja mantida com os recursos necess\u00e1rios para continuar essa pioneira luta de educar o nosso povo e a nossa gente\u201d, acrescentou.<\/p>\n<p class=\"yiv0700188024MsoNormal\">Veja o v\u00eddeo com a manifesta\u00e7\u00e3o, na \u00edntegra,\u00a0<a href=\"https:\/\/www.facebook.com\/LupiPDT\/videos\/1089471938129262\" target=\"_blank\" rel=\"noopener noreferrer\">aqui<\/a>.<\/p>\n<\/div>\n<\/div>\n<\/div>\n<\/div>\n<!-- AddThis Advanced Settings generic via filter on the_content --><!-- AddThis Share Buttons generic via filter on the_content -->","protected":false},"excerpt":{"rendered":"<p>Em todo o Brasil, entidades educacionais tiveram seus or\u00e7amentos cortados pelo governo Bolsonaro O presidente nacional do PDT, Carlos Lupi, anunciou que, em conjunto com a bancada do partido no Congresso Nacional, iniciou uma mobiliza\u00e7\u00e3o emergencial, nesta quarta-feira (12), para impedir o fechamento das universidades p\u00fablicas pelo governo Bolsonaro. Em destaque, a poss\u00edvel paralisa\u00e7\u00e3o da&#8230;<!-- AddThis Advanced Settings generic via filter on wp_trim_excerpt --><!-- AddThis Share Buttons generic via filter on wp_trim_excerpt --><\/p>\n","protected":false},"author":17,"featured_media":77908,"comment_status":"closed","ping_status":"closed","sticky":false,"template":"","format":"standard","meta":{"_monsterinsights_skip_tracking":false,"_monsterinsights_sitenote_active":false,"_monsterinsights_sitenote_note":"","_monsterinsights_sitenote_category":0,"_uf_show_specific_survey":0,"_uf_disable_surveys":false,"footnotes":""},"categories":[1401,976],"tags":[22,196,4769],"class_list":["post-77907","post","type-post","status-publish","format-standard","has-post-thumbnail","hentry","category-nacional","category-noticias-em-destaque","tag-brasil","tag-carlos-lupi","tag-universidade-federal-do-rio-de-janeiro"],"acf":[],"_links":{"self":[{"href":"https:\/\/pdt-rj.org.br\/index.php\/wp-json\/wp\/v2\/posts\/77907","targetHints":{"allow":["GET"]}}],"collection":[{"href":"https:\/\/pdt-rj.org.br\/index.php\/wp-json\/wp\/v2\/posts"}],"about":[{"href":"https:\/\/pdt-rj.org.br\/index.php\/wp-json\/wp\/v2\/types\/post"}],"author":[{"embeddable":true,"href":"https:\/\/pdt-rj.org.br\/index.php\/wp-json\/wp\/v2\/users\/17"}],"replies":[{"embeddable":true,"href":"https:\/\/pdt-rj.org.br\/index.php\/wp-json\/wp\/v2\/comments?post=77907"}],"version-history":[{"count":2,"href":"https:\/\/pdt-rj.org.br\/index.php\/wp-json\/wp\/v2\/posts\/77907\/revisions"}],"predecessor-version":[{"id":77947,"href":"https:\/\/pdt-rj.org.br\/index.php\/wp-json\/wp\/v2\/posts\/77907\/revisions\/77947"}],"wp:featuredmedia":[{"embeddable":true,"href":"https:\/\/pdt-rj.org.br\/index.php\/wp-json\/wp\/v2\/media\/77908"}],"wp:attachment":[{"href":"https:\/\/pdt-rj.org.br\/index.php\/wp-json\/wp\/v2\/media?parent=77907"}],"wp:term":[{"taxonomy":"category","embeddable":true,"href":"https:\/\/pdt-rj.org.br\/index.php\/wp-json\/wp\/v2\/categories?post=77907"},{"taxonomy":"post_tag","embeddable":true,"href":"https:\/\/pdt-rj.org.br\/index.php\/wp-json\/wp\/v2\/tags?post=77907"}],"curies":[{"name":"wp","href":"https:\/\/api.w.org\/{rel}","templated":true}]}}