{"id":77857,"date":"2021-05-10T15:14:25","date_gmt":"2021-05-10T18:14:25","guid":{"rendered":"http:\/\/pdt-rj.org.br\/?p=77857"},"modified":"2021-05-12T15:31:58","modified_gmt":"2021-05-12T18:31:58","slug":"um-pais-dividido-pelo-odio-define-ciro-sobre-polarizacao-politica-no-brasil","status":"publish","type":"post","link":"https:\/\/pdt-rj.org.br\/index.php\/um-pais-dividido-pelo-odio-define-ciro-sobre-polarizacao-politica-no-brasil\/","title":{"rendered":"&#8220;Um pa\u00eds dividido pelo \u00f3dio&#8221;, define Ciro sobre polariza\u00e7\u00e3o pol\u00edtica no Brasil"},"content":{"rendered":"<p class=\"yiv3836776106MsoNormal\"><b>Pedetista relembra que o pa\u00eds estava acostumado com uma realidade baseada na paz e harmonia<\/b><\/p>\n<p class=\"yiv3836776106MsoNormal\">No novo v\u00eddeo da campanha de comunica\u00e7\u00e3o do PDT, que foi lan\u00e7ado nesta segunda-feira (10), nas redes sociais, o pr\u00e9-candidato a presidente da Rep\u00fablica, Ciro Gomes, exp\u00f4s que a polariza\u00e7\u00e3o radical entre elos da direita e da esquerda fez o Brasil entrar em uma crise democr\u00e1tica.<\/p>\n<p class=\"yiv3836776106MsoNormal\">\u201cO Brasil era um pa\u00eds que costumava viver em paz e harmonia. Com a polariza\u00e7\u00e3o entre petistas e bolsonaristas, se tornou um pa\u00eds dividido pelo \u00f3dio\u201d,\u00a0disse, ao conectar\u00a0o cen\u00e1rio com as consequ\u00eancias negativas para a democracia e para a sociedade nos \u00faltimos tr\u00eas anos.<\/p>\n<p class=\"yiv3836776106MsoNormal\">Posicionado como uma alternativa vi\u00e1vel para 2022, o ex-governador do Cear\u00e1 reitera, ao longo da s\u00e9rie, o diferencial para an\u00e1lise dos brasileiros: um novo modelo de gest\u00e3o que pense no futuro sem replicar o passado inadequado.<\/p>\n<p class=\"yiv3836776106MsoNormal\">Nesse caminho, o pedetista ratifica o aprimoramento do Projeto Nacional de Desenvolvimento (PND), que foi constru\u00eddo coletivamente na campanha de 2018.<\/p>\n<p class=\"yiv3836776106MsoNormal\">\u201cPrecisa dizer mais? Vamos mudar isso?\u201d, indaga Ciro, ao encerrar o epis\u00f3dio.<\/p>\n<p class=\"yiv3836776106MsoNormal\">Para assistir, clique\u00a0<a href=\"https:\/\/www.facebook.com\/cirogomesoficial\/videos\/205717784513865\" target=\"_blank\" rel=\"nofollow noopener noreferrer\">aqui<\/a>.<\/p>\n<!-- AddThis Advanced Settings generic via filter on the_content --><!-- AddThis Share Buttons generic via filter on the_content -->","protected":false},"excerpt":{"rendered":"<p>Pedetista relembra que o pa\u00eds estava acostumado com uma realidade baseada na paz e harmonia No novo v\u00eddeo da campanha de comunica\u00e7\u00e3o do PDT, que foi lan\u00e7ado nesta segunda-feira (10), nas redes sociais, o pr\u00e9-candidato a presidente da Rep\u00fablica, Ciro Gomes, exp\u00f4s que a polariza\u00e7\u00e3o radical entre elos da direita e da esquerda fez o&#8230;<!-- AddThis Advanced Settings generic via filter on wp_trim_excerpt --><!-- AddThis Share Buttons generic via filter on wp_trim_excerpt --><\/p>\n","protected":false},"author":17,"featured_media":77858,"comment_status":"closed","ping_status":"closed","sticky":false,"template":"","format":"standard","meta":{"_monsterinsights_skip_tracking":false,"_monsterinsights_sitenote_active":false,"_monsterinsights_sitenote_note":"","_monsterinsights_sitenote_category":0,"_uf_show_specific_survey":0,"_uf_disable_surveys":false,"footnotes":""},"categories":[1390,975,976],"tags":[220,4763,1541],"class_list":["post-77857","post","type-post","status-publish","format-standard","has-post-thumbnail","hentry","category-editorias","category-manchete","category-noticias-em-destaque","tag-ciro-gomes","tag-paz","tag-projeto-nacional-de-desenvolvimento"],"acf":[],"_links":{"self":[{"href":"https:\/\/pdt-rj.org.br\/index.php\/wp-json\/wp\/v2\/posts\/77857","targetHints":{"allow":["GET"]}}],"collection":[{"href":"https:\/\/pdt-rj.org.br\/index.php\/wp-json\/wp\/v2\/posts"}],"about":[{"href":"https:\/\/pdt-rj.org.br\/index.php\/wp-json\/wp\/v2\/types\/post"}],"author":[{"embeddable":true,"href":"https:\/\/pdt-rj.org.br\/index.php\/wp-json\/wp\/v2\/users\/17"}],"replies":[{"embeddable":true,"href":"https:\/\/pdt-rj.org.br\/index.php\/wp-json\/wp\/v2\/comments?post=77857"}],"version-history":[{"count":6,"href":"https:\/\/pdt-rj.org.br\/index.php\/wp-json\/wp\/v2\/posts\/77857\/revisions"}],"predecessor-version":[{"id":77884,"href":"https:\/\/pdt-rj.org.br\/index.php\/wp-json\/wp\/v2\/posts\/77857\/revisions\/77884"}],"wp:featuredmedia":[{"embeddable":true,"href":"https:\/\/pdt-rj.org.br\/index.php\/wp-json\/wp\/v2\/media\/77858"}],"wp:attachment":[{"href":"https:\/\/pdt-rj.org.br\/index.php\/wp-json\/wp\/v2\/media?parent=77857"}],"wp:term":[{"taxonomy":"category","embeddable":true,"href":"https:\/\/pdt-rj.org.br\/index.php\/wp-json\/wp\/v2\/categories?post=77857"},{"taxonomy":"post_tag","embeddable":true,"href":"https:\/\/pdt-rj.org.br\/index.php\/wp-json\/wp\/v2\/tags?post=77857"}],"curies":[{"name":"wp","href":"https:\/\/api.w.org\/{rel}","templated":true}]}}