{"id":77843,"date":"2021-05-09T12:33:53","date_gmt":"2021-05-09T15:33:53","guid":{"rendered":"http:\/\/pdt-rj.org.br\/?p=77843"},"modified":"2022-04-18T15:57:26","modified_gmt":"2022-04-18T18:57:26","slug":"geram-o-futuro-da-nacao-exalta-carlos-lupi-no-dia-das-maes","status":"publish","type":"post","link":"https:\/\/pdt-rj.org.br\/index.php\/geram-o-futuro-da-nacao-exalta-carlos-lupi-no-dia-das-maes\/","title":{"rendered":"\u201cGeram o futuro da na\u00e7\u00e3o\u201d, exalta Carlos Lupi no Dia das M\u00e3es"},"content":{"rendered":"<p class=\"yiv0870186000MsoNormal\"><em><b>Presidente nacional do PDT homenageou as mulheres em v\u00eddeo publicado nas redes sociais<\/b><\/em><\/p>\n<p class=\"yiv0870186000MsoNormal\">O presidente nacional do PDT, Carlos Lupi, exaltou a representatividade das m\u00e3es na constru\u00e7\u00e3o de um cen\u00e1rio democr\u00e1tico e justo em uma na\u00e7\u00e3o acolhedora. \u201cDia das m\u00e3es da p\u00e1tria. Daquelas que geram o futuro da na\u00e7\u00e3o\u201d, disse, em v\u00eddeo publicado neste domingo (9), nas redes sociais.<\/p>\n<p class=\"yiv0870186000MsoNormal\">\u201cDia da nossa p\u00e1tria m\u00e3e, que ultimamente est\u00e1 sofrendo muito com a perda dos seus filhos\u201d, afirmou, ao citar o impacto dos problemas sociais na realidade das mulheres, principalmente em situa\u00e7\u00e3o de vulnerabilidade.<\/p>\n<p class=\"yiv0870186000MsoNormal\">Sobre a simbologia da data, o pedetista listou caracter\u00edsticas que marcam um elo fundamental da sociedade brasileira e, por isso, devem ser valorizadas na plenitude.<\/p>\n<p class=\"yiv0870186000MsoNormal\">\u201c\u00c9 especial para quem tem cora\u00e7\u00e3o, gratid\u00e3o e que sabem reconhecer n\u00e3o s\u00f3 que nos deu a vida, mas quem nos d\u00e1 car\u00e1ter, forma\u00e7\u00e3o, intelig\u00eancia e sensibilidade\u201d, avaliou.<\/p>\n<p class=\"yiv0870186000MsoNormal\">\u201cM\u00e3e \u00e9 sentimento, que nunca morre. Sempre estar\u00e1 nos nossos cora\u00e7\u00f5es. Feliz Dia das M\u00e3es\u201d, encerrou, em refer\u00eancia p\u00f3stuma \u00e0 Carmelita Lupi, que faleceu em 2019.<\/p>\n<p class=\"yiv0870186000MsoNormal\">Confira, na \u00edntegra,\u00a0<a href=\"https:\/\/www.facebook.com\/LupiPDT\" target=\"_blank\" rel=\"nofollow noopener noreferrer\">aqui<\/a>.<\/p>\n<!-- AddThis Advanced Settings generic via filter on the_content --><!-- AddThis Share Buttons generic via filter on the_content -->","protected":false},"excerpt":{"rendered":"<p>Presidente nacional do PDT homenageou as mulheres em v\u00eddeo publicado nas redes sociais O presidente nacional do PDT, Carlos Lupi, exaltou a representatividade das m\u00e3es na constru\u00e7\u00e3o de um cen\u00e1rio democr\u00e1tico e justo em uma na\u00e7\u00e3o acolhedora. \u201cDia das m\u00e3es da p\u00e1tria. Daquelas que geram o futuro da na\u00e7\u00e3o\u201d, disse, em v\u00eddeo publicado neste domingo&#8230;<!-- AddThis Advanced Settings generic via filter on wp_trim_excerpt --><!-- AddThis Share Buttons generic via filter on wp_trim_excerpt --><\/p>\n","protected":false},"author":17,"featured_media":77844,"comment_status":"closed","ping_status":"closed","sticky":false,"template":"","format":"standard","meta":{"_monsterinsights_skip_tracking":false,"_monsterinsights_sitenote_active":false,"_monsterinsights_sitenote_note":"","_monsterinsights_sitenote_category":0,"_uf_show_specific_survey":0,"_uf_disable_surveys":false,"footnotes":""},"categories":[1390,5417,1401],"tags":[196,4761,4762],"class_list":["post-77843","post","type-post","status-publish","format-standard","has-post-thumbnail","hentry","category-editorias","category-carlos-lupi","category-nacional","tag-carlos-lupi","tag-dias-das-maes","tag-futuro-da-nacao"],"acf":[],"_links":{"self":[{"href":"https:\/\/pdt-rj.org.br\/index.php\/wp-json\/wp\/v2\/posts\/77843","targetHints":{"allow":["GET"]}}],"collection":[{"href":"https:\/\/pdt-rj.org.br\/index.php\/wp-json\/wp\/v2\/posts"}],"about":[{"href":"https:\/\/pdt-rj.org.br\/index.php\/wp-json\/wp\/v2\/types\/post"}],"author":[{"embeddable":true,"href":"https:\/\/pdt-rj.org.br\/index.php\/wp-json\/wp\/v2\/users\/17"}],"replies":[{"embeddable":true,"href":"https:\/\/pdt-rj.org.br\/index.php\/wp-json\/wp\/v2\/comments?post=77843"}],"version-history":[{"count":2,"href":"https:\/\/pdt-rj.org.br\/index.php\/wp-json\/wp\/v2\/posts\/77843\/revisions"}],"predecessor-version":[{"id":77846,"href":"https:\/\/pdt-rj.org.br\/index.php\/wp-json\/wp\/v2\/posts\/77843\/revisions\/77846"}],"wp:featuredmedia":[{"embeddable":true,"href":"https:\/\/pdt-rj.org.br\/index.php\/wp-json\/wp\/v2\/media\/77844"}],"wp:attachment":[{"href":"https:\/\/pdt-rj.org.br\/index.php\/wp-json\/wp\/v2\/media?parent=77843"}],"wp:term":[{"taxonomy":"category","embeddable":true,"href":"https:\/\/pdt-rj.org.br\/index.php\/wp-json\/wp\/v2\/categories?post=77843"},{"taxonomy":"post_tag","embeddable":true,"href":"https:\/\/pdt-rj.org.br\/index.php\/wp-json\/wp\/v2\/tags?post=77843"}],"curies":[{"name":"wp","href":"https:\/\/api.w.org\/{rel}","templated":true}]}}