{"id":77785,"date":"2021-05-06T15:31:06","date_gmt":"2021-05-06T18:31:06","guid":{"rendered":"http:\/\/pdt-rj.org.br\/?p=77785"},"modified":"2021-05-08T13:45:35","modified_gmt":"2021-05-08T16:45:35","slug":"pdt-protocola-noticia-crime-contra-bolsonaro-por-indicar-cloroquina-como-medida-de-prevencao-a-covid-19","status":"publish","type":"post","link":"https:\/\/pdt-rj.org.br\/index.php\/pdt-protocola-noticia-crime-contra-bolsonaro-por-indicar-cloroquina-como-medida-de-prevencao-a-covid-19\/","title":{"rendered":"PDT protocola not\u00edcia-crime contra Bolsonaro por indicar Cloroquina como medida de preven\u00e7\u00e3o \u00e0 Covid-19"},"content":{"rendered":"<p>O PDT protocolou, nesta quinta-feira (06), not\u00edcia-crime no Supremo Tribunal Federal (STF), contra o presidente da Rep\u00fablica, Jair Bolsonaro. A a\u00e7\u00e3o acusa o chefe do executivo de colocar em perigo a vida dos brasileiros ao indicar e fazer ampla divulga\u00e7\u00e3o para o uso da Cloroquina como tratamento precoce da Covid-19.<\/p>\n<p>Desde o in\u00edcio da pandemia, o governo Bolsonaro defende, insistentemente, a prescri\u00e7\u00e3o da Cloroquina \u2013 medida que vai contra todas as recomenda\u00e7\u00f5es da Organiza\u00e7\u00e3o Mundial da Sa\u00fade (OMS) \u2013, distribuindo aos estados brasileiros 2,8 milh\u00f5es de comprimidos produzidos por laborat\u00f3rios do Ex\u00e9rcito e da Marinha, al\u00e9m de promover campanhas publicit\u00e1rias para disseminar a utiliza\u00e7\u00e3o de tratamento precoce com o \u201cKit-covid\u201d.<\/p>\n<p>No documento, o PDT enumera uma s\u00e9rie de argumentos que responsabilizam Bolsonaro por prov\u00e1veis ilegalidades no gasto do dinheiro p\u00fablico, al\u00e9m do crime cometido quando prescreveu \u201ctratamento precoce\u201d juntamente com o Minist\u00e9rio da Sa\u00fade, diante a crise no Amazonas com escassez de oxig\u00eanio.<\/p>\n<p>\u201cO Senhor Jair Messias Bolsonaro praticou o crime descrito no art. 132 do C\u00f3digo Penal Brasileiro, a saber: expor a vida ou a sa\u00fade de outrem a perigo direto e iminente [&#8230;] Isso porque ao prescrever medicamento sem indica\u00e7\u00e3o cient\u00edfica para a doen\u00e7a, o Senhor Jair Messias Bolsonaro p\u00f5e em perigo a vida dos brasileiros que ingeriram uma droga contraindicada em diversos casos cl\u00ednicos\u201d, afirma o documento.<\/p>\n<p>Ainda segundo a pe\u00e7a apresentada pelo PDT, Jair Bolsonaro tamb\u00e9m praticou o crime de charlatanismo, tipificados no art. 283 do C\u00f3digo Penal, quando anunciou a cura infal\u00edvel da Covid-19.<\/p>\n<p>\u201cO Presidente da Rep\u00fablica est\u00e1 a p\u00f4r a vida da popula\u00e7\u00e3o brasileira em perigo, com a pr\u00e1tica evidente do crime de charlatanismo (art. 283 do C\u00f3digo Penal) e do delito tipificado no art. 132 da C\u00e1rtula Punitiva.\u201d, declara o documento.<\/p>\n<p>\u201cRaz\u00e3o pela qual faz-se necess\u00e1rio a instaura\u00e7\u00e3o de inqu\u00e9rito para apura\u00e7\u00e3o das condutas delituosas em apre\u00e7o, com a posterior deflagra\u00e7\u00e3o de a\u00e7\u00e3o penal\u201d, diz o documento.<\/p>\n<p>Abaixo, confira a peti\u00e7\u00e3o na \u00edntegra<\/p>\n<p><a href=\"http:\/\/pdt-rj.org.br\/wp-content\/uploads\/2021\/05\/PETICAO.INICIAL-Assinado.pdf\">PETICAO.INICIAL<\/a><\/p>\n<!-- AddThis Advanced Settings generic via filter on the_content --><!-- AddThis Share Buttons generic via filter on the_content -->","protected":false},"excerpt":{"rendered":"<p>O PDT protocolou, nesta quinta-feira (06), not\u00edcia-crime no Supremo Tribunal Federal (STF), contra o presidente da Rep\u00fablica, Jair Bolsonaro. A a\u00e7\u00e3o acusa o chefe do executivo de colocar em perigo a vida dos brasileiros ao indicar e fazer ampla divulga\u00e7\u00e3o para o uso da Cloroquina como tratamento precoce da Covid-19. Desde o in\u00edcio da pandemia,&#8230;<!-- AddThis Advanced Settings generic via filter on wp_trim_excerpt --><!-- AddThis Share Buttons generic via filter on wp_trim_excerpt --><\/p>\n","protected":false},"author":17,"featured_media":77786,"comment_status":"closed","ping_status":"closed","sticky":false,"template":"","format":"standard","meta":{"_monsterinsights_skip_tracking":false,"_monsterinsights_sitenote_active":false,"_monsterinsights_sitenote_note":"","_monsterinsights_sitenote_category":0,"_uf_show_specific_survey":0,"_uf_disable_surveys":false,"footnotes":""},"categories":[1390,1401],"tags":[3348,4751,4226,3317,899],"class_list":["post-77785","post","type-post","status-publish","format-standard","has-post-thumbnail","hentry","category-editorias","category-nacional","tag-covid-19","tag-ilegalidades-no-gasto-do-dinheiro-publico","tag-noticia-crime-contra-bolsonaro","tag-organizacao-mundial-da-saude","tag-supremo-tribunal-federal"],"acf":[],"_links":{"self":[{"href":"https:\/\/pdt-rj.org.br\/index.php\/wp-json\/wp\/v2\/posts\/77785","targetHints":{"allow":["GET"]}}],"collection":[{"href":"https:\/\/pdt-rj.org.br\/index.php\/wp-json\/wp\/v2\/posts"}],"about":[{"href":"https:\/\/pdt-rj.org.br\/index.php\/wp-json\/wp\/v2\/types\/post"}],"author":[{"embeddable":true,"href":"https:\/\/pdt-rj.org.br\/index.php\/wp-json\/wp\/v2\/users\/17"}],"replies":[{"embeddable":true,"href":"https:\/\/pdt-rj.org.br\/index.php\/wp-json\/wp\/v2\/comments?post=77785"}],"version-history":[{"count":5,"href":"https:\/\/pdt-rj.org.br\/index.php\/wp-json\/wp\/v2\/posts\/77785\/revisions"}],"predecessor-version":[{"id":77841,"href":"https:\/\/pdt-rj.org.br\/index.php\/wp-json\/wp\/v2\/posts\/77785\/revisions\/77841"}],"wp:featuredmedia":[{"embeddable":true,"href":"https:\/\/pdt-rj.org.br\/index.php\/wp-json\/wp\/v2\/media\/77786"}],"wp:attachment":[{"href":"https:\/\/pdt-rj.org.br\/index.php\/wp-json\/wp\/v2\/media?parent=77785"}],"wp:term":[{"taxonomy":"category","embeddable":true,"href":"https:\/\/pdt-rj.org.br\/index.php\/wp-json\/wp\/v2\/categories?post=77785"},{"taxonomy":"post_tag","embeddable":true,"href":"https:\/\/pdt-rj.org.br\/index.php\/wp-json\/wp\/v2\/tags?post=77785"}],"curies":[{"name":"wp","href":"https:\/\/api.w.org\/{rel}","templated":true}]}}