{"id":77779,"date":"2021-05-06T01:59:58","date_gmt":"2021-05-06T04:59:58","guid":{"rendered":"http:\/\/pdt-rj.org.br\/?p=77779"},"modified":"2021-05-07T18:46:18","modified_gmt":"2021-05-07T21:46:18","slug":"pdt-aponta-combate-popular-como-vies-decisivo-contra-guerras-hibridas-na-petrobras","status":"publish","type":"post","link":"https:\/\/pdt-rj.org.br\/index.php\/pdt-aponta-combate-popular-como-vies-decisivo-contra-guerras-hibridas-na-petrobras\/","title":{"rendered":"PDT aponta combate popular como vi\u00e9s decisivo contra guerras h\u00edbridas na Petrobras"},"content":{"rendered":"<p class=\"yiv4667309380MsoNormal\"><em><b>Encerramento do semin\u00e1rio \u201cLegados Trabalhistas\u201d enalteceu conquistas de Get\u00falio Vargas<\/b><\/em><\/p>\n<p class=\"yiv4667309380MsoNormal\">O combate popular contra a vig\u00eancia da Petrobras como um dos principais focos de guerras h\u00edbridas no Brasil, h\u00e1 mais de 60 anos, permeou o encerramento, nesta quarta-feira (5), do semin\u00e1rio virtual \u201cLegados Trabalhistas\u201d do PDT e da Funda\u00e7\u00e3o Leonel Brizola \u2013 Alberto Pasqualini (FLB-AP).<\/p>\n<p class=\"yiv4667309380MsoNormal\">Mediado pelo secret\u00e1rio-geral nacional do partido e presidente nacional da FLB-AP, Manoel Dias, o terceiro painel do evento organizado pelo Centro de Mem\u00f3ria Trabalhista (CMT) contou com as interven\u00e7\u00f5es do ex-ministro das Rela\u00e7\u00f5es Exteriores e da Defesa, Celso Amorim, do presidente da Associa\u00e7\u00e3o dos Engenheiros da Petrobras (AEPET), Pedro Pinho, e do jornalista Beto Almeida.<\/p>\n<p class=\"yiv4667309380MsoNormal\">Para Dias, o pa\u00eds tem, na sua hist\u00f3ria, diversos exemplos de interven\u00e7\u00f5es, inclusive de pa\u00edses da centralidade do poder mundial, para explorar setores estrat\u00e9gicos e vulner\u00e1veis de modo n\u00e3o-convencional. Desde o governo trabalhista de Get\u00falio Vargas em 1930, quando foi processada a pol\u00edtica nacionalista do petr\u00f3leo, sucessivos ataques, segundo o pedetista catarinense, marcaram afrontas \u00e0 soberania por meio de um alvo: a maior companhia nacional.<\/p>\n<p class=\"yiv4667309380MsoNormal\">\u201cCriada em 1953, a Petrobr\u00e1s fomentou a luta travada, desde a campanha do \u2018O petr\u00f3leo \u00e9 nosso\u201d, contra a entrada do capital estrangeiro e a consequente defesa dos interesses da na\u00e7\u00e3o\u201d, salientou, em um paralelo com o ex-presidente da Rep\u00fablica, Jo\u00e3o Goulart, que foi deposto por um golpe militar, em 1964, fomentado pelos Estados Unidos em um projeto de desestabiliza\u00e7\u00e3o do governo.<\/p>\n<p class=\"yiv4667309380MsoNormal\">\u201cAgora, esse governo [de Jair Bolsonaro] tenta diluir as empresas estatais para entrega, quase que uma doa\u00e7\u00e3o, dos ativos. Contrariando, assim, o grande interesse da popula\u00e7\u00e3o brasileira\u201d, acrescentou, em refer\u00eancia ao plano de desinvestimento executado pelo governo federal h\u00e1 dois anos.<\/p>\n<p class=\"yiv4667309380MsoNormal\">O pedetista projeta que a sa\u00edda passa pela mobiliza\u00e7\u00e3o progressista por um novo Projeto Nacional de Desenvolvimento que recoloque a nacionalidade e a soberania nos patamares priorit\u00e1rios.<\/p>\n<p class=\"yiv4667309380MsoNormal\">\u201cEssa \u00e9 a ess\u00eancia do trabalhismo, que sustenta as bandeiras das causas populares na luta por uma na\u00e7\u00e3o mais justa, igual e democr\u00e1tica\u201d, garantiu.<\/p>\n<p class=\"yiv4667309380MsoNormal\"><strong>Valor<\/strong><\/p>\n<p class=\"yiv4667309380MsoNormal\">Ao afirmar que n\u00e3o existe uma \u201cvis\u00e3o de Brasil\u201d em Bolsonaro, Celso Amorim relata uma ant\u00edtese entre a gest\u00e3o federal atual e a Era Vargas, al\u00e9m da dificuldade para repara\u00e7\u00e3o dos danos acumulados pelas privatiza\u00e7\u00f5es.<\/p>\n<p class=\"yiv4667309380MsoNormal\">\u201cEssa heran\u00e7a que vem do Get\u00falio, se expande com Celso Furtado, pelos projetos de desenvolvimento. Projetos de Brasil que voc\u00ea poderia discordar de uns e concordar com outros. O que a gente sente, hoje, \u00e9 uma total aus\u00eancia disso, sobretudo nas pessoas que est\u00e3o no atual governo\u201d, relatou, ao homenagear Leonel Brizola ap\u00f3s a men\u00e7\u00e3o \u00e0 \u201cCampanha da Legalidade\u201d.<\/p>\n<p class=\"yiv4667309380MsoNormal\">\u201cA explora\u00e7\u00e3o soberana do petr\u00f3leo \u00e9, sem d\u00favida alguma, umas das raz\u00f5es pelas quais a guerra h\u00edbrida se desencadeou contra a Petrobr\u00e1s, que j\u00e1 havia [outras], mas tamb\u00e9m contra um projeto progressista, no Brasil, de uma maneira mais ampla\u201d, complementou, diante do contexto diplom\u00e1tico e militar.<\/p>\n<p class=\"yiv4667309380MsoNormal\">Pedro Pinho mostrou que o interesse sobre a companhia \u00e9, portanto, proporcionalmente vinculado ao tamanho do capital financeiro, pol\u00edtico e tecnol\u00f3gico desenvolvido pelo corpo t\u00e9cnico, que culminou na descoberta do pr\u00e9-sal h\u00e1 quase duas d\u00e9cadas.<\/p>\n<p class=\"yiv4667309380MsoNormal\">\u201cO poder que est\u00e1 na Petrobr\u00e1s \u00e9 o poder da soberania e do desenvolvimento nacional. \u00c9 a gera\u00e7\u00e3o de energia que a Petrobr\u00e1s domina a tecnologia. Tem a capacidade de trazer para esse pa\u00eds o que \u00e9 fundamental para desenvolver qualquer pa\u00eds\u201d, explica, listando o distanciando dos \u00edndices alcan\u00e7ados por na\u00e7\u00f5es desenvolvidas no quesito de consumo de energia per capita.<\/p>\n<p class=\"yiv4667309380MsoNormal\">\u00c0 luz dos tempos atuais, Beto Almeida destrincha a movimenta\u00e7\u00e3o de for\u00e7as contra o dom\u00ednio constru\u00eddo pela estatal no setor energ\u00e9tico mundial. Como contraponto, ele cita a propaga\u00e7\u00e3o da Opera\u00e7\u00e3o Lava Jato.<\/p>\n<p class=\"yiv4667309380MsoNormal\">\u201cNada mais \u00e9 do que uma guerra pol\u00edtica, combinando fatores de guerra h\u00edbrida com opera\u00e7\u00e3o geopol\u00edtica, judiciais, midi\u00e1ticas e manipula\u00e7\u00e3o de parlamento levassem a um golpe em 2016\u201d, evidenciou.<\/p>\n<p class=\"yiv4667309380MsoNormal\">Acompanhe o painel, na \u00edntegra,\u00a0<a href=\"https:\/\/www.facebook.com\/CentroDeMemoriaTrabalhista\/videos\/432490054853419\" target=\"_blank\" rel=\"nofollow noopener noreferrer\">aqui<\/a>.<\/p>\n<!-- AddThis Advanced Settings generic via filter on the_content --><!-- AddThis Share Buttons generic via filter on the_content -->","protected":false},"excerpt":{"rendered":"<p>Encerramento do semin\u00e1rio \u201cLegados Trabalhistas\u201d enalteceu conquistas de Get\u00falio Vargas O combate popular contra a vig\u00eancia da Petrobras como um dos principais focos de guerras h\u00edbridas no Brasil, h\u00e1 mais de 60 anos, permeou o encerramento, nesta quarta-feira (5), do semin\u00e1rio virtual \u201cLegados Trabalhistas\u201d do PDT e da Funda\u00e7\u00e3o Leonel Brizola \u2013 Alberto Pasqualini (FLB-AP)&#8230;.<!-- AddThis Advanced Settings generic via filter on wp_trim_excerpt --><!-- AddThis Share Buttons generic via filter on wp_trim_excerpt --><\/p>\n","protected":false},"author":17,"featured_media":77780,"comment_status":"closed","ping_status":"closed","sticky":false,"template":"","format":"standard","meta":{"_monsterinsights_skip_tracking":false,"_monsterinsights_sitenote_active":false,"_monsterinsights_sitenote_note":"","_monsterinsights_sitenote_category":0,"_uf_show_specific_survey":0,"_uf_disable_surveys":false,"footnotes":""},"categories":[1390,3328,976],"tags":[220,4739,591,2814],"class_list":["post-77779","post","type-post","status-publish","format-standard","has-post-thumbnail","hentry","category-editorias","category-flb-ap","category-noticias-em-destaque","tag-ciro-gomes","tag-legados-trabalhistas","tag-manoel-dias","tag-novo-projeto-nacional-de-desenvolvimento"],"acf":[],"_links":{"self":[{"href":"https:\/\/pdt-rj.org.br\/index.php\/wp-json\/wp\/v2\/posts\/77779","targetHints":{"allow":["GET"]}}],"collection":[{"href":"https:\/\/pdt-rj.org.br\/index.php\/wp-json\/wp\/v2\/posts"}],"about":[{"href":"https:\/\/pdt-rj.org.br\/index.php\/wp-json\/wp\/v2\/types\/post"}],"author":[{"embeddable":true,"href":"https:\/\/pdt-rj.org.br\/index.php\/wp-json\/wp\/v2\/users\/17"}],"replies":[{"embeddable":true,"href":"https:\/\/pdt-rj.org.br\/index.php\/wp-json\/wp\/v2\/comments?post=77779"}],"version-history":[{"count":3,"href":"https:\/\/pdt-rj.org.br\/index.php\/wp-json\/wp\/v2\/posts\/77779\/revisions"}],"predecessor-version":[{"id":77784,"href":"https:\/\/pdt-rj.org.br\/index.php\/wp-json\/wp\/v2\/posts\/77779\/revisions\/77784"}],"wp:featuredmedia":[{"embeddable":true,"href":"https:\/\/pdt-rj.org.br\/index.php\/wp-json\/wp\/v2\/media\/77780"}],"wp:attachment":[{"href":"https:\/\/pdt-rj.org.br\/index.php\/wp-json\/wp\/v2\/media?parent=77779"}],"wp:term":[{"taxonomy":"category","embeddable":true,"href":"https:\/\/pdt-rj.org.br\/index.php\/wp-json\/wp\/v2\/categories?post=77779"},{"taxonomy":"post_tag","embeddable":true,"href":"https:\/\/pdt-rj.org.br\/index.php\/wp-json\/wp\/v2\/tags?post=77779"}],"curies":[{"name":"wp","href":"https:\/\/api.w.org\/{rel}","templated":true}]}}