{"id":77771,"date":"2021-05-05T19:17:23","date_gmt":"2021-05-05T22:17:23","guid":{"rendered":"http:\/\/pdt-rj.org.br\/?p=77771"},"modified":"2021-05-07T18:33:03","modified_gmt":"2021-05-07T21:33:03","slug":"pdt-comprova-que-bolsonaro-nao-contratou-o-volume-de-vacinas-anunciado","status":"publish","type":"post","link":"https:\/\/pdt-rj.org.br\/index.php\/pdt-comprova-que-bolsonaro-nao-contratou-o-volume-de-vacinas-anunciado\/","title":{"rendered":"PDT comprova que Bolsonaro n\u00e3o contratou o volume de vacinas anunciado"},"content":{"rendered":"<p class=\"yiv3933885791p1\"><em><strong><span class=\"yiv3933885791s2\">Deputado federal Gustavo Fruet conseguiu os dados a partir de requerimento de informa\u00e7\u00f5es na Sa\u00fade\u00a0<\/span><\/strong><\/em><\/p>\n<p>&nbsp;<\/p>\n<p class=\"yiv3933885791p1\"><span class=\"yiv3933885791s2\">O Minist\u00e9rio da Sa\u00fade confirmou que o governo Bolsonaro divulgou uma campanha de publicidade com dados falsos sobre a compra de vacinas contra a Covid-19. Em resposta ao requerimento de informa\u00e7\u00e3o apresentado pelo deputado federal do PDT, Gustavo Fruet (PR), a pasta negou a contrata\u00e7\u00e3o total de 560 milh\u00f5es de doses para o Programa Nacional de Imuniza\u00e7\u00f5es.<\/span><\/p>\n<p class=\"yiv3933885791p1\"><span class=\"yiv3933885791s2\">Contrapondo as pe\u00e7as veiculadas nas redes sociais e em ve\u00edculos impressos de alcance nacional, o governo informou que &#8220;os registros documentais demonstram que foram celebrados acordos para fornecimento de 281.023.470 doses da vacina Covid-19\u201d. O dado representa quase trezentos mil doses a menos do que o propagado.<\/span><\/p>\n<p class=\"yiv3933885791p1\"><span class=\"yiv3933885791s2\">O gabinete do ministro Marcelo Queiroga justifica no of\u00edcio, assinado pelo diretor do Departamento de Imuniza\u00e7\u00e3o e Doen\u00e7as Transmiss\u00edveis do minist\u00e9rio da Sa\u00fade, Lauricio Monteiro Cruz, no dia 12 de abril, que a diferen\u00e7a inclu\u00edda representa &#8220;outras 281.889.400 doses [que] est\u00e3o em fase de negocia\u00e7\u00e3o&#8221;.<\/span><\/p>\n<p class=\"yiv3933885791p1\"><span class=\"yiv3933885791s2\">\u201cO Minist\u00e9rio da Sa\u00fade admite que s\u00f3 contratou metade das doses anunciadas. Grave! N\u00e3o bastasse a forma amadora como enfrenta a pandemia, nosso governo ainda usa recursos p\u00fablicos para enganar a popula\u00e7\u00e3o\u201d, disse Fruet, ao confirmar o encaminhamento do documento ao TCU e \u00e0 CPI da Covid.\u00a0<\/span><\/p>\n<p class=\"yiv3933885791p1\"><span class=\"yiv3933885791s2\">\u201cO governo mentiu na propaganda como se fosse uma coisa normal\u201d, completou.<\/span><\/p>\n<p class=\"yiv3933885791p1\"><strong><span class=\"yiv3933885791s2\">Realidade\u00a0<\/span><\/strong><\/p>\n<p class=\"yiv3933885791p1\"><span class=\"yiv3933885791s2\">Atualmente, o governo contratou cerca de 100 milh\u00f5es de doses da Coronavac, 100 milh\u00f5es da Pfizer, 38 milh\u00f5es da Janssen, 20 milh\u00f5es da Covaxin, 12 milh\u00f5es da Astrazeneca e 10 milh\u00f5es da Sputnik V.<\/span><\/p>\n<p class=\"yiv3933885791p1\"><span class=\"yiv3933885791s2\">Entre as 281 milh\u00f5es de doses ainda em negocia\u00e7\u00e3o, est\u00e3o 210 milh\u00f5es de doses da Oxford\/Astrazeneca, 30 milh\u00f5es da Sinovac, 41 milh\u00f5es da Covax Facility e 13 milh\u00f5es da\u00a0\u00a0Moderna.<\/span><\/p>\n<p class=\"yiv3933885791p1\"><span class=\"yiv3933885791s2\"><strong>Manipula\u00e7\u00e3o<\/strong>\u00a0 \u00a0<\/span><\/p>\n<p class=\"yiv3933885791p1\"><span class=\"yiv3933885791s2\">A pr\u00f3pria pasta da Sa\u00fade publicou, no dia 24 de mar\u00e7o, em sua conta oficial no Twitter, um v\u00eddeo detalhando os dados equivocados.\u00a0<\/span><\/p>\n<p class=\"yiv3933885791p1\"><span class=\"yiv3933885791s2\">\u201cA luta contra a Covid-19 continua:\u00a0foram compradas mais de 560 milh\u00f5es de doses de vacinas. Em abril, a previs\u00e3o \u00e9 vacinar mais de um milh\u00e3o de pessoas por dia. Enquanto isso, os cuidados devem continuar. Brasil imunizado. Somos uma s\u00f3 na\u00e7\u00e3o. Minist\u00e9rio da Sa\u00fade. Governo Federal\u201d, descreveu na postagem do v\u00eddeo.<\/span><\/p>\n<!-- AddThis Advanced Settings generic via filter on the_content --><!-- AddThis Share Buttons generic via filter on the_content -->","protected":false},"excerpt":{"rendered":"<p>Deputado federal Gustavo Fruet conseguiu os dados a partir de requerimento de informa\u00e7\u00f5es na Sa\u00fade\u00a0 &nbsp; O Minist\u00e9rio da Sa\u00fade confirmou que o governo Bolsonaro divulgou uma campanha de publicidade com dados falsos sobre a compra de vacinas contra a Covid-19. Em resposta ao requerimento de informa\u00e7\u00e3o apresentado pelo deputado federal do PDT, Gustavo Fruet&#8230;<!-- AddThis Advanced Settings generic via filter on wp_trim_excerpt --><!-- AddThis Share Buttons generic via filter on wp_trim_excerpt --><\/p>\n","protected":false},"author":17,"featured_media":77772,"comment_status":"closed","ping_status":"closed","sticky":false,"template":"","format":"standard","meta":{"_monsterinsights_skip_tracking":false,"_monsterinsights_sitenote_active":false,"_monsterinsights_sitenote_note":"","_monsterinsights_sitenote_category":0,"_uf_show_specific_survey":0,"_uf_disable_surveys":false,"footnotes":""},"categories":[1390,975,976],"tags":[3348,4747,1225],"class_list":["post-77771","post","type-post","status-publish","format-standard","has-post-thumbnail","hentry","category-editorias","category-manchete","category-noticias-em-destaque","tag-covid-19","tag-cpi-da-covid","tag-gustavo-fruet"],"acf":[],"_links":{"self":[{"href":"https:\/\/pdt-rj.org.br\/index.php\/wp-json\/wp\/v2\/posts\/77771","targetHints":{"allow":["GET"]}}],"collection":[{"href":"https:\/\/pdt-rj.org.br\/index.php\/wp-json\/wp\/v2\/posts"}],"about":[{"href":"https:\/\/pdt-rj.org.br\/index.php\/wp-json\/wp\/v2\/types\/post"}],"author":[{"embeddable":true,"href":"https:\/\/pdt-rj.org.br\/index.php\/wp-json\/wp\/v2\/users\/17"}],"replies":[{"embeddable":true,"href":"https:\/\/pdt-rj.org.br\/index.php\/wp-json\/wp\/v2\/comments?post=77771"}],"version-history":[{"count":1,"href":"https:\/\/pdt-rj.org.br\/index.php\/wp-json\/wp\/v2\/posts\/77771\/revisions"}],"predecessor-version":[{"id":77773,"href":"https:\/\/pdt-rj.org.br\/index.php\/wp-json\/wp\/v2\/posts\/77771\/revisions\/77773"}],"wp:featuredmedia":[{"embeddable":true,"href":"https:\/\/pdt-rj.org.br\/index.php\/wp-json\/wp\/v2\/media\/77772"}],"wp:attachment":[{"href":"https:\/\/pdt-rj.org.br\/index.php\/wp-json\/wp\/v2\/media?parent=77771"}],"wp:term":[{"taxonomy":"category","embeddable":true,"href":"https:\/\/pdt-rj.org.br\/index.php\/wp-json\/wp\/v2\/categories?post=77771"},{"taxonomy":"post_tag","embeddable":true,"href":"https:\/\/pdt-rj.org.br\/index.php\/wp-json\/wp\/v2\/tags?post=77771"}],"curies":[{"name":"wp","href":"https:\/\/api.w.org\/{rel}","templated":true}]}}