{"id":77749,"date":"2021-05-04T22:07:39","date_gmt":"2021-05-05T01:07:39","guid":{"rendered":"http:\/\/pdt-rj.org.br\/?p=77749"},"modified":"2021-05-04T23:52:47","modified_gmt":"2021-05-05T02:52:47","slug":"ciro-poe-petroleo-e-petrobras-como-estrategicos-e-promete-reestatizacao","status":"publish","type":"post","link":"https:\/\/pdt-rj.org.br\/index.php\/ciro-poe-petroleo-e-petrobras-como-estrategicos-e-promete-reestatizacao\/","title":{"rendered":"Ciro p\u00f5e petr\u00f3leo e Petrobras como estrat\u00e9gicos e promete reestatiza\u00e7\u00e3o"},"content":{"rendered":"<p class=\"yiv2459618931MsoNormal\"><em><b>Retomada da soberania brasileira integrou o segundo painel do semin\u00e1rio do PDT e da Funda\u00e7\u00e3o<\/b><\/em><\/p>\n<p>&nbsp;<\/p>\n<p class=\"yiv2459618931MsoNormal\">\u201cSe um dia eu chegar \u00e0 presid\u00eancia do Brasil, toda essa aliena\u00e7\u00e3o do esquartejamento da Petrobr\u00e1s ser\u00e1 nacionalizada novamente\u201d, assegurou o pr\u00e9-candidato ao Pal\u00e1cio do Planalto pelo PDT, Ciro Gomes, ao colocar o petr\u00f3leo como pilar estrat\u00e9gico de um futuro governo soberano. O ex-governador do Cear\u00e1 participou, nesta ter\u00e7a-feira (4), do semin\u00e1rio virtual \u201cLegados Trabalhistas\u201d do PDT e da Funda\u00e7\u00e3o Leonel Brizola \u2013 Alberto Pasqualini (FLB-AP).<\/p>\n<p class=\"yiv2459618931MsoNormal\">\u201cO desenvolvimento \u00e9 absolutamente consequ\u00eancia de alguns fatores estrat\u00e9gicos, um deles \u00e9 a energia. E o petr\u00f3leo \u00e9 essencial\u201d, salientou, ao criticar o atual modelo de abertura e, consequentemente, fragiliza\u00e7\u00e3o dos interesses brasileiros, nas \u00faltimas d\u00e9cadas, com a venda, por exemplo, de ativos da companhia e de po\u00e7os do pr\u00e9-sal.<\/p>\n<p class=\"yiv2459618931MsoNormal\">\u201cNo mundo do petr\u00f3leo, s\u00f3 tem duas coisas: ou \u00e9 estatal, ou pertence a uma corpora\u00e7\u00e3o cartelizada de grandes multinacionais, que se concentram nos pa\u00edses do Atl\u00e2ntico Norte\u201d, disse, ao completar: \u201c80% do petr\u00f3leo, no mundo, pertencem aos Estados nacionais e isso n\u00e3o tem a ver comunismo, socialismo, capitalismo ou social-democracia. \u00c9 uma decis\u00e3o estrat\u00e9gica.\u201d<\/p>\n<p class=\"yiv2459618931MsoNormal\">Durante o segundo painel, que teve a media\u00e7\u00e3o do deputado federal Dr. M\u00e1rio Heringer (PDT-MG) e participa\u00e7\u00e3o da ge\u00f3loga Patricia Laier e do engenheiro Felipe Coutinho, ambos da dire\u00e7\u00e3o da Associa\u00e7\u00e3o dos Engenheiros da Petrobr\u00e1s \u2013 AEPET, o ex-ministro da Fazenda citou o modelo nacionalista formulado pelo ent\u00e3o presidente da Rep\u00fablica, Get\u00falio Vargas, na d\u00e9cada de 50.<\/p>\n<p class=\"yiv2459618931MsoNormal\">Ciro descreve que o gestor trabalhista se diferenciou pela capacidade de implementar uma pol\u00edtica que unia o interesse p\u00fablico, na supera\u00e7\u00e3o da desigualdade social, com as virtudes da iniciativa privada.<\/p>\n<p class=\"yiv2459618931MsoNormal\">\u201cGet\u00falio fez a aposta e cria a Petrobras. Colocou o Brasil na linha dos pa\u00edses que, estrategicamente, compreendiam que o petr\u00f3leo tinha que ser uma riqueza pertencente \u00e0 coletividade, \u00e0 na\u00e7\u00e3o como um todo. E administrada em linha com os interesses estrat\u00e9gicos que ia afirmar um projeto nacional de desenvolvimento frente a comunidade internacional\u201d, enalteceu, descrevendo ainda a excel\u00eancia t\u00e9cnica acumulada pela estatal.<\/p>\n<p class=\"yiv2459618931MsoNormal\">Para ele, o petr\u00f3leo vai al\u00e9m e impacta, portanto, na soberania nacional. Nesse sentido, exp\u00f5e a capacidade do governo de dizer \u201cn\u00e3o\u201d e \u201cmandar no pr\u00f3prio nariz\u201d.<\/p>\n<p class=\"yiv2459618931MsoNormal\">\u201cSe voc\u00ea subtrai a autonomia de um pa\u00eds em mat\u00e9ria de petr\u00f3leo, g\u00e1s e bioenergia, que \u00e9 uma voca\u00e7\u00e3o brasileira, voc\u00ea, simplesmente, n\u00e3o movimenta os tanques de guerra. O petr\u00f3leo \u00e9, portanto, um insumo essencial para a defesa do pa\u00eds\u201d, descreve.<\/p>\n<p class=\"yiv2459618931MsoNormal\"><strong>Presen\u00e7a<\/strong><\/p>\n<p class=\"yiv2459618931MsoNormal\">Ao citar a interdepend\u00eancia da sociedade com o petr\u00f3leo e a vasta lista de seus derivados, Ciro fez quest\u00e3o de enfatizar a interfer\u00eancia direta no pre\u00e7o de qualquer produto ou servi\u00e7o.<\/p>\n<p class=\"yiv2459618931MsoNormal\">\u201cA gente precisa mostrar para o povo todo dia, com exemplos pr\u00e1ticos, a import\u00e2ncia desse assunto com a devida centralidade. N\u00e3o \u00e9 assunto para meia d\u00fazia de pessoas decidirem, em Bras\u00edlia, porque isso consultar o destino e a vida de todos n\u00f3s\u201d, afirmou.<\/p>\n<p class=\"yiv2459618931MsoNormal\">Em um paralelo com o enfrentamento da pandemia do Covid-19, Ciro evidenciou a fragilidade do Brasil na compra de vacinas e insumos, fator gerado pela desestrutura\u00e7\u00e3o das ind\u00fastrias em todas as regi\u00f5es.<\/p>\n<p class=\"yiv2459618931MsoNormal\">\u201cFicamos no \u00faltimo lugar da vacina do coronav\u00edrus porque cometemos a imprud\u00eancia, ao longo dos \u00faltimos anos, de destruir o complexo industrial e tecnol\u00f3gico de sa\u00fade, no Brasil, e passamos a depender at\u00e9 de m\u00e1scaras de prote\u00e7\u00e3o, respiradores e imunizante que est\u00e1 tendo que importar da China\u201d, disse, ao condenar as a\u00e7\u00f5es delet\u00e9rias da fam\u00edlia Bolsonaro na diplomacia com o pa\u00eds asi\u00e1tico.<\/p>\n<p class=\"yiv2459618931MsoNormal\"><strong>Realidade<\/strong><\/p>\n<p class=\"yiv2459618931MsoNormal\">\u201cO que est\u00e3o fazendo com o Brasil, principalmente com a Petrobr\u00e1s, \u00e9 uma desconstru\u00e7\u00e3o sem limites\u201d, alertou M\u00e1rio Heringer, que tamb\u00e9m \u00e9 presidente do PDT em Minas Gerais, diante da pol\u00edtica de desinvestimento do governo Bolsonaro.<\/p>\n<p class=\"yiv2459618931MsoNormal\">\u201cEst\u00e3o esquartejando a Petrobr\u00e1s, acabando com as refinarias, em detrimento do bem estar do brasileiro. Na hora que o refino passa para a m\u00e3o privada, esse dinheiro, esse lucro, n\u00e3o vai ficar mais no Brasil, n\u00e3o vai ser investido no Brasil. N\u00e3o haver\u00e1 essa preocupa\u00e7\u00e3o social\u201d, analisou.<\/p>\n<p class=\"yiv2459618931MsoNormal\">Para o deputado mineiro, a estatal representa um dos maiores ativos da na\u00e7\u00e3o por participar \u201cde todas as atividades da sociedade como alavanca em um processo de crescimento e facilita\u00e7\u00e3o da ind\u00fastria\u201d. Por isso, reiterou, ao longo do debate, a relev\u00e2ncia hist\u00f3rica da maior companhia do pa\u00eds.<\/p>\n<p class=\"yiv2459618931MsoNormal\">Ao mencionar o novo Programa Nacional de Desenvolvimento, por Ciro Gomes, o parlamentar destacou a necessidade de uma alternativa respons\u00e1vel para a reconstru\u00e7\u00e3o do pa\u00eds e a supera\u00e7\u00e3o da crise. No plano de governo pedetista, ele lembra da contempla\u00e7\u00e3o, em um dos seus pilares, do investimento em petr\u00f3leo e g\u00e1s.<\/p>\n<p class=\"yiv2459618931MsoNormal\"><strong>Encerramento<\/strong><\/p>\n<p class=\"yiv2459618931MsoNormal\">Para concluir a s\u00e9rie, o terceiro painel, nessa quarta-feira (5), avaliar\u00e1 a \u201cguerra h\u00edbrida\u201d interligada com a Petrobr\u00e1s. O encerramento contar\u00e1 com contribui\u00e7\u00f5es do secret\u00e1rio-geral nacional do PDT e presidente da FLB-AP, Manoel Dias, como mediador, e o ex-ministro das Rela\u00e7\u00f5es Exteriores e da Defesa, Celso Amorim, e o presidente da AEPET, Pedro Pinho, e o jornalista Beto Almeida, como palestrantes.<\/p>\n<p class=\"yiv2459618931MsoNormal\">Acesse a \u00edntegra do debate\u00a0<a href=\"https:\/\/www.facebook.com\/CentroDeMemoriaTrabalhista\/videos\/339336774330603\" target=\"_blank\" rel=\"nofollow noopener noreferrer\">aqui<\/a>.<\/p>\n<!-- AddThis Advanced Settings generic via filter on the_content --><!-- AddThis Share Buttons generic via filter on the_content -->","protected":false},"excerpt":{"rendered":"<p>Retomada da soberania brasileira integrou o segundo painel do semin\u00e1rio do PDT e da Funda\u00e7\u00e3o &nbsp; \u201cSe um dia eu chegar \u00e0 presid\u00eancia do Brasil, toda essa aliena\u00e7\u00e3o do esquartejamento da Petrobr\u00e1s ser\u00e1 nacionalizada novamente\u201d, assegurou o pr\u00e9-candidato ao Pal\u00e1cio do Planalto pelo PDT, Ciro Gomes, ao colocar o petr\u00f3leo como pilar estrat\u00e9gico de um&#8230;<!-- AddThis Advanced Settings generic via filter on wp_trim_excerpt --><!-- AddThis Share Buttons generic via filter on wp_trim_excerpt --><\/p>\n","protected":false},"author":17,"featured_media":77750,"comment_status":"closed","ping_status":"closed","sticky":false,"template":"","format":"standard","meta":{"_monsterinsights_skip_tracking":false,"_monsterinsights_sitenote_active":false,"_monsterinsights_sitenote_note":"","_monsterinsights_sitenote_category":0,"_uf_show_specific_survey":0,"_uf_disable_surveys":false,"footnotes":""},"categories":[976],"tags":[220,3207,718,4742],"class_list":["post-77749","post","type-post","status-publish","format-standard","has-post-thumbnail","hentry","category-noticias-em-destaque","tag-ciro-gomes","tag-dr-mario-heringer","tag-petrobras","tag-soberania-brasileira"],"acf":[],"_links":{"self":[{"href":"https:\/\/pdt-rj.org.br\/index.php\/wp-json\/wp\/v2\/posts\/77749","targetHints":{"allow":["GET"]}}],"collection":[{"href":"https:\/\/pdt-rj.org.br\/index.php\/wp-json\/wp\/v2\/posts"}],"about":[{"href":"https:\/\/pdt-rj.org.br\/index.php\/wp-json\/wp\/v2\/types\/post"}],"author":[{"embeddable":true,"href":"https:\/\/pdt-rj.org.br\/index.php\/wp-json\/wp\/v2\/users\/17"}],"replies":[{"embeddable":true,"href":"https:\/\/pdt-rj.org.br\/index.php\/wp-json\/wp\/v2\/comments?post=77749"}],"version-history":[{"count":2,"href":"https:\/\/pdt-rj.org.br\/index.php\/wp-json\/wp\/v2\/posts\/77749\/revisions"}],"predecessor-version":[{"id":77755,"href":"https:\/\/pdt-rj.org.br\/index.php\/wp-json\/wp\/v2\/posts\/77749\/revisions\/77755"}],"wp:featuredmedia":[{"embeddable":true,"href":"https:\/\/pdt-rj.org.br\/index.php\/wp-json\/wp\/v2\/media\/77750"}],"wp:attachment":[{"href":"https:\/\/pdt-rj.org.br\/index.php\/wp-json\/wp\/v2\/media?parent=77749"}],"wp:term":[{"taxonomy":"category","embeddable":true,"href":"https:\/\/pdt-rj.org.br\/index.php\/wp-json\/wp\/v2\/categories?post=77749"},{"taxonomy":"post_tag","embeddable":true,"href":"https:\/\/pdt-rj.org.br\/index.php\/wp-json\/wp\/v2\/tags?post=77749"}],"curies":[{"name":"wp","href":"https:\/\/api.w.org\/{rel}","templated":true}]}}