{"id":77736,"date":"2021-05-04T21:52:30","date_gmt":"2021-05-05T00:52:30","guid":{"rendered":"http:\/\/pdt-rj.org.br\/?p=77736"},"modified":"2021-05-05T19:22:13","modified_gmt":"2021-05-05T22:22:13","slug":"ciro-vincula-tragedia-economica-do-pais-aos-governos-dilma-e-bolsonaro","status":"publish","type":"post","link":"https:\/\/pdt-rj.org.br\/index.php\/ciro-vincula-tragedia-economica-do-pais-aos-governos-dilma-e-bolsonaro\/","title":{"rendered":"Ciro vincula \u201ctrag\u00e9dia econ\u00f4mica\u201d do pa\u00eds aos governos Dilma e Bolsonaro"},"content":{"rendered":"<p class=\"yiv0330508694MsoNormal\"><em><b>Com crise cont\u00ednua, Brasil despencou seis posi\u00e7\u00f5es no ranking das maiores economias do mundo<\/b><\/em><\/p>\n<p class=\"yiv0330508694MsoNormal\">A crise da economia brasileira, nos \u00faltimos dez anos, foi uma realidade progressiva nas gest\u00f5es de Dilma Rousseff e Jair Bolsonaro. A avalia\u00e7\u00e3o de \u201ctrag\u00e9dia econ\u00f4mica\u201d \u00e9 do pr\u00e9-candidato a presidente da Rep\u00fablica, Ciro Gomes, e foi manifestada, nesta ter\u00e7a-feira (4), no novo v\u00eddeo da s\u00e9rie elaborada pelo PDT.<\/p>\n<p class=\"yiv0330508694MsoNormal\">Divulgado nas redes sociais, o mais recente epis\u00f3dio da campanha de comunica\u00e7\u00e3o do partido contextualiza o cen\u00e1rio a partir da regress\u00e3o da produ\u00e7\u00e3o nacional. Pelo\u00a0Produto Interno Bruto (PIB), o tombo, em 2020, foi de 4,1%, segundo divulgou o Instituto Brasileiro de Geografia e Estat\u00edstica (IBGE).<\/p>\n<p class=\"yiv0330508694MsoNormal\">Diante do n\u00famero que representa o maior recuo anual da s\u00e9rie iniciada em 1996, o ex-ministro da Fazenda fez uma an\u00e1lise comparativa pelo ranking entre pa\u00edses.<\/p>\n<p class=\"yiv0330508694MsoNormal\">\u201cO Brasil era a sexta maior economia do mundo. Com Dilma, virou a nona. Com Bolsonaro, a d\u00e9cima segunda. Precisa dizer mais?\u201d, questionou.<\/p>\n<p class=\"yiv0330508694MsoNormal\">\u201cVamos mudar isso?\u201d, completou a lideran\u00e7a pedetista, que defende, como alternativa para superar a desindustrializa\u00e7\u00e3o e a estagna\u00e7\u00e3o dos setores produtivos, a altera\u00e7\u00e3o do modelo econ\u00f4mico pelas premissas do Projeto Nacional de Desenvolvimento (PND).<\/p>\n<p>Veja o filme\u00a0<a href=\"https:\/\/www.facebook.com\/cirogomesoficial\/videos\/841728223097055\" target=\"_blank\" rel=\"noopener noreferrer\">aqui<\/a>.<\/p>\n<!-- AddThis Advanced Settings generic via filter on the_content --><!-- AddThis Share Buttons generic via filter on the_content -->","protected":false},"excerpt":{"rendered":"<p>Com crise cont\u00ednua, Brasil despencou seis posi\u00e7\u00f5es no ranking das maiores economias do mundo A crise da economia brasileira, nos \u00faltimos dez anos, foi uma realidade progressiva nas gest\u00f5es de Dilma Rousseff e Jair Bolsonaro. A avalia\u00e7\u00e3o de \u201ctrag\u00e9dia econ\u00f4mica\u201d \u00e9 do pr\u00e9-candidato a presidente da Rep\u00fablica, Ciro Gomes, e foi manifestada, nesta ter\u00e7a-feira (4),&#8230;<!-- AddThis Advanced Settings generic via filter on wp_trim_excerpt --><!-- AddThis Share Buttons generic via filter on wp_trim_excerpt --><\/p>\n","protected":false},"author":17,"featured_media":77745,"comment_status":"closed","ping_status":"closed","sticky":false,"template":"","format":"standard","meta":{"_monsterinsights_skip_tracking":false,"_monsterinsights_sitenote_active":false,"_monsterinsights_sitenote_note":"","_monsterinsights_sitenote_category":0,"_uf_show_specific_survey":0,"_uf_disable_surveys":false,"footnotes":""},"categories":[975,976],"tags":[220,4748],"class_list":["post-77736","post","type-post","status-publish","format-standard","has-post-thumbnail","hentry","category-manchete","category-noticias-em-destaque","tag-ciro-gomes","tag-tragedia-economica-do-pais"],"acf":[],"_links":{"self":[{"href":"https:\/\/pdt-rj.org.br\/index.php\/wp-json\/wp\/v2\/posts\/77736","targetHints":{"allow":["GET"]}}],"collection":[{"href":"https:\/\/pdt-rj.org.br\/index.php\/wp-json\/wp\/v2\/posts"}],"about":[{"href":"https:\/\/pdt-rj.org.br\/index.php\/wp-json\/wp\/v2\/types\/post"}],"author":[{"embeddable":true,"href":"https:\/\/pdt-rj.org.br\/index.php\/wp-json\/wp\/v2\/users\/17"}],"replies":[{"embeddable":true,"href":"https:\/\/pdt-rj.org.br\/index.php\/wp-json\/wp\/v2\/comments?post=77736"}],"version-history":[{"count":3,"href":"https:\/\/pdt-rj.org.br\/index.php\/wp-json\/wp\/v2\/posts\/77736\/revisions"}],"predecessor-version":[{"id":77774,"href":"https:\/\/pdt-rj.org.br\/index.php\/wp-json\/wp\/v2\/posts\/77736\/revisions\/77774"}],"wp:featuredmedia":[{"embeddable":true,"href":"https:\/\/pdt-rj.org.br\/index.php\/wp-json\/wp\/v2\/media\/77745"}],"wp:attachment":[{"href":"https:\/\/pdt-rj.org.br\/index.php\/wp-json\/wp\/v2\/media?parent=77736"}],"wp:term":[{"taxonomy":"category","embeddable":true,"href":"https:\/\/pdt-rj.org.br\/index.php\/wp-json\/wp\/v2\/categories?post=77736"},{"taxonomy":"post_tag","embeddable":true,"href":"https:\/\/pdt-rj.org.br\/index.php\/wp-json\/wp\/v2\/tags?post=77736"}],"curies":[{"name":"wp","href":"https:\/\/api.w.org\/{rel}","templated":true}]}}