{"id":77727,"date":"2021-05-10T12:50:36","date_gmt":"2021-05-10T15:50:36","guid":{"rendered":"http:\/\/pdt-rj.org.br\/?p=77727"},"modified":"2021-05-12T15:32:53","modified_gmt":"2021-05-12T18:32:53","slug":"lupi-e-ciro-abrem-ciclo-de-debates-trabalhistas-da-fundacao-leonel-brizola-do-rio","status":"publish","type":"post","link":"https:\/\/pdt-rj.org.br\/index.php\/lupi-e-ciro-abrem-ciclo-de-debates-trabalhistas-da-fundacao-leonel-brizola-do-rio\/","title":{"rendered":"Lupi e Ciro abrem ciclo de debates trabalhistas da Funda\u00e7\u00e3o Leonel Brizola do Rio de Janeiro"},"content":{"rendered":"<div class=\"msg-body P_wpofO mq_AS\" data-test-id=\"message-view-body-content\">\n<div class=\"jb_0 X_6MGW N_6Fd5\">\n<div id=\"yiv7425360018\">\n<div dir=\"ltr\">\n<p class=\"yiv7425360018MsoNormal\"><em><strong>Encontro de lideran\u00e7as nacionais abordar\u00e1 a constru\u00e7\u00e3o de sa\u00eddas democr\u00e1ticas para a crise brasileira<\/strong><\/em><\/p>\n<p class=\"yiv7425360018MsoNormal\">Carlos Lupi e Ciro Gomes, presidente e vice-presidente nacionais do PDT, respectivamente, abrir\u00e3o no dia 10 de maio, \u00e0s 20h, o ciclo de debates virtuais \u201cO Trabalhismo \u00e9 a sa\u00edda: respostas para a crise brasileira\u201d, que ser\u00e1 promovido pela Funda\u00e7\u00e3o Leonel Brizola \u2013 Alberto Pasqualini (FLB-AP) do Rio de Janeiro.<\/p>\n<p class=\"yiv7425360018MsoNormal\">Com <a href=\"https:\/\/docs.google.com\/forms\/d\/e\/1FAIpQLScDtfpL_2VPnxjtG2TW6vmZGFwdrRAfQUGC8eJUMS8mDDaoiA\/viewform\">inscri\u00e7\u00f5es gratuitas<\/a>, o p\u00fablico poder\u00e1 acompanhar as participa\u00e7\u00f5es de membros do executivo, do legislativo e do terceiro setor em seis pain\u00e9is, entre maio e junho deste ano.<\/p>\n<p class=\"yiv7425360018MsoNormal\">No primeiro painel, Lupi e Ciro \u2013 pr\u00e9-candidato \u00e0 presid\u00eancia da Rep\u00fablica\u2013, analisar\u00e3o \u201cos aspectos jur\u00eddicos e pol\u00edticos dos ataques \u00e0 democracia\u201d e os caminhos para \u201cnormalidade democr\u00e1tica\u201d.\u00a0 A media\u00e7\u00e3o ser\u00e1 feita por representante da dire\u00e7\u00e3o da Funda\u00e7\u00e3o, assim como nas demais mesas subsequentes.<\/p>\n<p class=\"yiv7425360018MsoNormal\">O \u201caux\u00edlio emergencial e pol\u00edticas de combate \u00e0 fome\u201d centralizar\u00e1 a discuss\u00e3o da segunda reuni\u00e3o no dia 17 de maio, \u00e0s 20h. Como convidados, o prefeito de Aracaju, Edvaldo Nogueira, a deputada estadual Martha Rocha (PDT-RJ) e a vice-prefeita de Salvador, Ana Paula Matos.<\/p>\n<p class=\"yiv7425360018MsoNormal\">O secret\u00e1rio-geral do PDT e presidente nacional da FLB-AP, Manoel Dias, estar\u00e1 reunido no dia 24 de maio, \u00e0s 20h, com o ex-prefeito de Fortaleza Roberto Cl\u00e1udio e o coordenador de Trabalho e Renda de Niter\u00f3i (RJ), Brizola Neto, para avaliar o cen\u00e1rio do emprego e da capacita\u00e7\u00e3o profissional no estado e no Brasil.<\/p>\n<p class=\"yiv7425360018MsoNormal\">O ex-prefeito de Niter\u00f3i Rodrigo Neves liderar\u00e1 o debate, no dia 31 de maio, \u00e0s 20h, sobre a relev\u00e2ncia do \u201capoio ao micro e pequeno empres\u00e1rio e ao trabalhador informal\u201d diante do panorama econ\u00f4mico existente. Rodrigo Nogueira, secret\u00e1rio de Desenvolvimento Econ\u00f4mico de Fortaleza (CE), e Felipe Batista, do Instituto da Brasilidade, confirmaram presen\u00e7a.<\/p>\n<p class=\"yiv7425360018MsoNormal\">O pen\u00faltimo painel, no dia 7 de junho, \u00e0s 20h, abordar\u00e1 a \u201creindustrializa\u00e7\u00e3o dentro das perspectivas de desenvolvimento\u201d progressista ao longo dos pr\u00f3ximos anos. A pauta ser\u00e1 exposta pelo presidente do Instituto da Brasilidade, Darc Costa, em parceria com o diretor-executivo da Funda\u00e7\u00e3o Coordena\u00e7\u00e3o de Projetos, Pesquisas e Estudos Tecnol\u00f3gicos (COPPETEC), Fernando Peregrino, e a professora da UERJ Christiane Laidler.<\/p>\n<p class=\"yiv7425360018MsoNormal\">No encerramento, Lupi receber\u00e1 o deputado federal Marcelo Freixo (PSOL-RJ) e o economista Eduardo Moreira para fomentar an\u00e1lises em busca da \u201cconstru\u00e7\u00e3o da unidade popular\u201d. O encontro ocorrer\u00e1 no dia 14 de junho, \u00e0s 20h.<\/p>\n<p class=\"yiv7425360018MsoNormal\"><strong>Cadastro<\/strong><\/p>\n<p class=\"yiv7425360018MsoNormal\">Transmitido pela plataforma Zoom, o conjunto de pain\u00e9is ser\u00e1 voltado para forma\u00e7\u00e3o e desenvolvimento de militantes do campo progressista e permite inscri\u00e7\u00f5es atrav\u00e9s de um canal exclusivo. Para garantir uma vaga, clique\u00a0<a href=\"https:\/\/docs.google.com\/forms\/d\/e\/1FAIpQLScDtfpL_2VPnxjtG2TW6vmZGFwdrRAfQUGC8eJUMS8mDDaoiA\/viewform\" target=\"_blank\" rel=\"nofollow noopener noreferrer\">aqui<\/a>.<\/p>\n<\/div>\n<\/div>\n<\/div>\n<\/div>\n<div class=\"jb_0 X_6MGW N_6Fd5\">\n<div class=\"P_0 je_fq7\"><\/div>\n<\/div>\n<!-- AddThis Advanced Settings generic via filter on the_content --><!-- AddThis Share Buttons generic via filter on the_content -->","protected":false},"excerpt":{"rendered":"<p>Encontro de lideran\u00e7as nacionais abordar\u00e1 a constru\u00e7\u00e3o de sa\u00eddas democr\u00e1ticas para a crise brasileira Carlos Lupi e Ciro Gomes, presidente e vice-presidente nacionais do PDT, respectivamente, abrir\u00e3o no dia 10 de maio, \u00e0s 20h, o ciclo de debates virtuais \u201cO Trabalhismo \u00e9 a sa\u00edda: respostas para a crise brasileira\u201d, que ser\u00e1 promovido pela Funda\u00e7\u00e3o Leonel&#8230;<!-- AddThis Advanced Settings generic via filter on wp_trim_excerpt --><!-- AddThis Share Buttons generic via filter on wp_trim_excerpt --><\/p>\n","protected":false},"author":17,"featured_media":77728,"comment_status":"closed","ping_status":"closed","sticky":false,"template":"","format":"standard","meta":{"_monsterinsights_skip_tracking":false,"_monsterinsights_sitenote_active":false,"_monsterinsights_sitenote_note":"","_monsterinsights_sitenote_category":0,"_uf_show_specific_survey":0,"_uf_disable_surveys":false,"footnotes":""},"categories":[1390,3328,976],"tags":[196,220,426,591,46],"class_list":["post-77727","post","type-post","status-publish","format-standard","has-post-thumbnail","hentry","category-editorias","category-flb-ap","category-noticias-em-destaque","tag-carlos-lupi","tag-ciro-gomes","tag-fundacao-leonel-brizola-alberto-pasqualini","tag-manoel-dias","tag-trabalhismo"],"acf":[],"_links":{"self":[{"href":"https:\/\/pdt-rj.org.br\/index.php\/wp-json\/wp\/v2\/posts\/77727","targetHints":{"allow":["GET"]}}],"collection":[{"href":"https:\/\/pdt-rj.org.br\/index.php\/wp-json\/wp\/v2\/posts"}],"about":[{"href":"https:\/\/pdt-rj.org.br\/index.php\/wp-json\/wp\/v2\/types\/post"}],"author":[{"embeddable":true,"href":"https:\/\/pdt-rj.org.br\/index.php\/wp-json\/wp\/v2\/users\/17"}],"replies":[{"embeddable":true,"href":"https:\/\/pdt-rj.org.br\/index.php\/wp-json\/wp\/v2\/comments?post=77727"}],"version-history":[{"count":3,"href":"https:\/\/pdt-rj.org.br\/index.php\/wp-json\/wp\/v2\/posts\/77727\/revisions"}],"predecessor-version":[{"id":77886,"href":"https:\/\/pdt-rj.org.br\/index.php\/wp-json\/wp\/v2\/posts\/77727\/revisions\/77886"}],"wp:featuredmedia":[{"embeddable":true,"href":"https:\/\/pdt-rj.org.br\/index.php\/wp-json\/wp\/v2\/media\/77728"}],"wp:attachment":[{"href":"https:\/\/pdt-rj.org.br\/index.php\/wp-json\/wp\/v2\/media?parent=77727"}],"wp:term":[{"taxonomy":"category","embeddable":true,"href":"https:\/\/pdt-rj.org.br\/index.php\/wp-json\/wp\/v2\/categories?post=77727"},{"taxonomy":"post_tag","embeddable":true,"href":"https:\/\/pdt-rj.org.br\/index.php\/wp-json\/wp\/v2\/tags?post=77727"}],"curies":[{"name":"wp","href":"https:\/\/api.w.org\/{rel}","templated":true}]}}