{"id":77702,"date":"2021-05-03T12:28:35","date_gmt":"2021-05-03T15:28:35","guid":{"rendered":"http:\/\/pdt-rj.org.br\/?p=77702"},"modified":"2021-05-03T12:29:31","modified_gmt":"2021-05-03T15:29:31","slug":"precisamos-de-um-plano-para-voltar-ao-pleno-emprego-por-weverton-rocha","status":"publish","type":"post","link":"https:\/\/pdt-rj.org.br\/index.php\/precisamos-de-um-plano-para-voltar-ao-pleno-emprego-por-weverton-rocha\/","title":{"rendered":"Precisamos de um plano para voltar ao pleno emprego &#8211; Por Weverton Rocha"},"content":{"rendered":"<p>Os \u00faltimos anos est\u00e3o sendo dif\u00edceis para as trabalhadoras e trabalhadores brasileiros. As reformas trabalhista e previdenci\u00e1ria retiraram direitos com a promessa de gerar empregos, mas n\u00e3o entregaram o prometido. As taxas de desemprego e informalidade continuaram aumentando e foram ainda mais potencializadas pela crise gerada pela pandemia do novo coronav\u00edrus.<\/p>\n<p>Os brasileiros, que s\u00e3o criativos, est\u00e3o improvisando e fazendo da informalidade um meio de sustento, mas h\u00e1 um limite para isso e a pauperiza\u00e7\u00e3o j\u00e1 se torna uma realidade concreta no pa\u00eds. Precisamos planejar uma sa\u00edda para que os trabalhadores possam comemorar com bons motivos o 1\u00ba de maio em 2022.<\/p>\n<p>O primeiro passo \u00e9 enfrentar a Covid-19. Essa \u00e9 uma a\u00e7\u00e3o que embora seja sanit\u00e1ria, tem um impacto direto na economia. Medidas fortes e incisivas, nas horas certas, podem nos tirar da pandemia mais r\u00e1pido. E quanto mais c\u00e9leres formos, mais cedo se dar\u00e1 a recupera\u00e7\u00e3o econ\u00f4mica.<\/p>\n<p>Enquanto navegamos nos mares turbulentos criados por essa doen\u00e7a, \u00e9 necess\u00e1rio tamb\u00e9m adotar medidas emergenciais. Precisamos manter as empresas abertas, gerando empregos, e garantir a sobreviv\u00eancia das pessoas. Infelizmente, isso est\u00e1 acontecendo de forma lenta e insuficiente.<\/p>\n<p>A flexibiliza\u00e7\u00e3o dos contratos de trabalho, que foi importante para as empresas em 2020, s\u00f3 voltou a ter validade na semana que passou, apesar do agravamento da pandemia que obrigou o fechamento tempor\u00e1rio das lojas. O aux\u00edlio emergencial tamb\u00e9m demorou a acontecer em 2021 e ainda veio com valores insatisfat\u00f3rios. Aux\u00edlio menor que R$ 600,00 \u00e9 condenar milhares de fam\u00edlias \u00e0 fome e ao endividamento.<\/p>\n<p>O ministro da economia tem um desempenho sofr\u00edvel e a cada dia demonstra que n\u00e3o tem condi\u00e7\u00f5es de ocupar o cargo, principalmente em um momento de crise profunda como o que estamos vivendo. Sobram declara\u00e7\u00f5es catastr\u00f3ficas, falta projeto de recupera\u00e7\u00e3o consistente.<\/p>\n<p>A exist\u00eancia de um projeto de desenvolvimento e de gera\u00e7\u00e3o de emprego \u00e9 o terceiro e importante passo que precisa ser dado como sinal de esperan\u00e7a para todos os trabalhadores.<\/p>\n<p>No Maranh\u00e3o, por exemplo, h\u00e1 in\u00fameras possibilidades a serem exploradas em todas a regi\u00f5es, do agroneg\u00f3cio, \u00e0 associa\u00e7\u00e3o de pequenos produtores familiares, passando pelo turismo e pela expans\u00e3o da malha ferrovi\u00e1ria, rodovi\u00e1ria e portu\u00e1ria do estado.<\/p>\n<p>A pandemia n\u00e3o vai durar para sempre. Precisamos trabalhar para que ela acabe logo e ter um plano para que, no momento seguinte, o Brasil e o Maranh\u00e3o possam seguir rumo ao pleno emprego e a uma economia pujante, em que todos possam usufruir dos benef\u00edcios e riquezas gerados.<\/p>\n<p><strong><em>*Weverton Rocha, senador e l\u00edder do PDT no Senado<\/em><\/strong><\/p>\n<!-- AddThis Advanced Settings generic via filter on the_content --><!-- AddThis Share Buttons generic via filter on the_content -->","protected":false},"excerpt":{"rendered":"<p>Os \u00faltimos anos est\u00e3o sendo dif\u00edceis para as trabalhadoras e trabalhadores brasileiros. As reformas trabalhista e previdenci\u00e1ria retiraram direitos com a promessa de gerar empregos, mas n\u00e3o entregaram o prometido. As taxas de desemprego e informalidade continuaram aumentando e foram ainda mais potencializadas pela crise gerada pela pandemia do novo coronav\u00edrus. Os brasileiros, que s\u00e3o&#8230;<!-- AddThis Advanced Settings generic via filter on wp_trim_excerpt --><!-- AddThis Share Buttons generic via filter on wp_trim_excerpt --><\/p>\n","protected":false},"author":17,"featured_media":77704,"comment_status":"closed","ping_status":"closed","sticky":false,"template":"","format":"standard","meta":{"_monsterinsights_skip_tracking":false,"_monsterinsights_sitenote_active":false,"_monsterinsights_sitenote_note":"","_monsterinsights_sitenote_category":0,"_uf_show_specific_survey":0,"_uf_disable_surveys":false,"footnotes":""},"categories":[1584,1390,1459],"tags":[4735,4734,4148,4733,962],"class_list":["post-77702","post","type-post","status-publish","format-standard","has-post-thumbnail","hentry","category-artigos","category-editorias","category-congresso","tag-agravamento-da-pandemia","tag-pandemia-do-novo-coronavirus","tag-recuperacao-economica","tag-taxas-de-desemprego","tag-weverton-rocha"],"acf":[],"_links":{"self":[{"href":"https:\/\/pdt-rj.org.br\/index.php\/wp-json\/wp\/v2\/posts\/77702","targetHints":{"allow":["GET"]}}],"collection":[{"href":"https:\/\/pdt-rj.org.br\/index.php\/wp-json\/wp\/v2\/posts"}],"about":[{"href":"https:\/\/pdt-rj.org.br\/index.php\/wp-json\/wp\/v2\/types\/post"}],"author":[{"embeddable":true,"href":"https:\/\/pdt-rj.org.br\/index.php\/wp-json\/wp\/v2\/users\/17"}],"replies":[{"embeddable":true,"href":"https:\/\/pdt-rj.org.br\/index.php\/wp-json\/wp\/v2\/comments?post=77702"}],"version-history":[{"count":3,"href":"https:\/\/pdt-rj.org.br\/index.php\/wp-json\/wp\/v2\/posts\/77702\/revisions"}],"predecessor-version":[{"id":77706,"href":"https:\/\/pdt-rj.org.br\/index.php\/wp-json\/wp\/v2\/posts\/77702\/revisions\/77706"}],"wp:featuredmedia":[{"embeddable":true,"href":"https:\/\/pdt-rj.org.br\/index.php\/wp-json\/wp\/v2\/media\/77704"}],"wp:attachment":[{"href":"https:\/\/pdt-rj.org.br\/index.php\/wp-json\/wp\/v2\/media?parent=77702"}],"wp:term":[{"taxonomy":"category","embeddable":true,"href":"https:\/\/pdt-rj.org.br\/index.php\/wp-json\/wp\/v2\/categories?post=77702"},{"taxonomy":"post_tag","embeddable":true,"href":"https:\/\/pdt-rj.org.br\/index.php\/wp-json\/wp\/v2\/tags?post=77702"}],"curies":[{"name":"wp","href":"https:\/\/api.w.org\/{rel}","templated":true}]}}