{"id":77685,"date":"2021-05-01T14:05:46","date_gmt":"2021-05-01T17:05:46","guid":{"rendered":"http:\/\/pdt-rj.org.br\/?p=77685"},"modified":"2021-05-04T21:56:23","modified_gmt":"2021-05-05T00:56:23","slug":"o-dever-da-esperanca","status":"publish","type":"post","link":"https:\/\/pdt-rj.org.br\/index.php\/o-dever-da-esperanca\/","title":{"rendered":"O Dever da Esperan\u00e7a"},"content":{"rendered":"<p><em><strong>A mudan\u00e7a exige um Projeto Nacional de Desenvolvimento que tenha coragem de mudar o velho modelo econ\u00f4mico<\/strong><\/em><\/p>\n<p>Neste Primeiro de Maio, Dia dos Trabalhadores, o povo brasileiro levanta em mais um dia de luto e luta. J\u00e1 s\u00e3o mais de 400 mil irm\u00e3s e irm\u00e3os que morreram pelo descaso e neglig\u00eancia daqueles que deveriam liderar o enfrentamento \u00e0 mais grave crise sanit\u00e1ria de nossa hist\u00f3ria.<\/p>\n<p>O Brasil quer mudar, quer um novo normal onde as promessas da Constitui\u00e7\u00e3o Cidad\u00e3 sejam cumpridas. Um tempo em que a sonhada democracia inunde as periferias, os sert\u00f5es e os lares mais vulner\u00e1veis com uma educa\u00e7\u00e3o emancipadora, um sistema de sa\u00fade universal e o direito ao trabalho digno.<\/p>\n<p>Nosso povo quer um Brasil que olhe para o futuro para superar a mentira do passado e a trag\u00e9dia do presente que tanto mal fizeram \u00e0 nossa gente. N\u00f3s queremos voltar a sonhar, um direito que foi destru\u00eddo por aqueles que prometeram ilus\u00f5es a um povo que ousou acreditar.<\/p>\n<p>A mudan\u00e7a exige um Projeto Nacional de Desenvolvimento que tenha coragem de mudar o velho modelo econ\u00f4mico, que acredite no nosso povo e que enfrente a velha l\u00f3gica do trocar Jo\u00e3o por Jos\u00e9 e Maria por Ana. O caminho exige um norte, uma b\u00fassola acima de interdi\u00e7\u00f5es ideol\u00f3gicas e simplifica\u00e7\u00f5es populistas.<\/p>\n<p>Queremos que o dia D e a hora H n\u00e3o sejam um futuro sem prazo, mas um presente verdadeiramente digno e justo para todos, independente do CEP, da cor, do credo, do g\u00eanero ou da orienta\u00e7\u00e3o sexual.<\/p>\n<p>O futuro que almejamos passa por uma na\u00e7\u00e3o que respeite o meio ambiente e sua riqueza intr\u00ednseca, que re\u00fana quem trabalha e produz, que garanta aos seus filhos o direito \u00e0 leg\u00edtima organiza\u00e7\u00e3o dos trabalhadores e, sobretudo, que fa\u00e7a valer o direito \u00e0 vida!<\/p>\n<p>&nbsp;<\/p>\n<p><strong><em>*Antonio Neto \u00e9 presidente da Central dos Sindicatos Brasileiros (CSB ) e presidente do PDT na cidade S\u00e3o Paulo (SP)<\/em><\/strong><\/p>\n<!-- AddThis Advanced Settings generic via filter on the_content --><!-- AddThis Share Buttons generic via filter on the_content -->","protected":false},"excerpt":{"rendered":"<p>A mudan\u00e7a exige um Projeto Nacional de Desenvolvimento que tenha coragem de mudar o velho modelo econ\u00f4mico Neste Primeiro de Maio, Dia dos Trabalhadores, o povo brasileiro levanta em mais um dia de luto e luta. J\u00e1 s\u00e3o mais de 400 mil irm\u00e3s e irm\u00e3os que morreram pelo descaso e neglig\u00eancia daqueles que deveriam liderar&#8230;<!-- AddThis Advanced Settings generic via filter on wp_trim_excerpt --><!-- AddThis Share Buttons generic via filter on wp_trim_excerpt --><\/p>\n","protected":false},"author":17,"featured_media":77689,"comment_status":"closed","ping_status":"closed","sticky":false,"template":"","format":"standard","meta":{"_monsterinsights_skip_tracking":false,"_monsterinsights_sitenote_active":false,"_monsterinsights_sitenote_note":"","_monsterinsights_sitenote_category":0,"_uf_show_specific_survey":0,"_uf_disable_surveys":false,"footnotes":""},"categories":[1584,1390,976],"tags":[],"class_list":["post-77685","post","type-post","status-publish","format-standard","has-post-thumbnail","hentry","category-artigos","category-editorias","category-noticias-em-destaque"],"acf":[],"_links":{"self":[{"href":"https:\/\/pdt-rj.org.br\/index.php\/wp-json\/wp\/v2\/posts\/77685","targetHints":{"allow":["GET"]}}],"collection":[{"href":"https:\/\/pdt-rj.org.br\/index.php\/wp-json\/wp\/v2\/posts"}],"about":[{"href":"https:\/\/pdt-rj.org.br\/index.php\/wp-json\/wp\/v2\/types\/post"}],"author":[{"embeddable":true,"href":"https:\/\/pdt-rj.org.br\/index.php\/wp-json\/wp\/v2\/users\/17"}],"replies":[{"embeddable":true,"href":"https:\/\/pdt-rj.org.br\/index.php\/wp-json\/wp\/v2\/comments?post=77685"}],"version-history":[{"count":7,"href":"https:\/\/pdt-rj.org.br\/index.php\/wp-json\/wp\/v2\/posts\/77685\/revisions"}],"predecessor-version":[{"id":77699,"href":"https:\/\/pdt-rj.org.br\/index.php\/wp-json\/wp\/v2\/posts\/77685\/revisions\/77699"}],"wp:featuredmedia":[{"embeddable":true,"href":"https:\/\/pdt-rj.org.br\/index.php\/wp-json\/wp\/v2\/media\/77689"}],"wp:attachment":[{"href":"https:\/\/pdt-rj.org.br\/index.php\/wp-json\/wp\/v2\/media?parent=77685"}],"wp:term":[{"taxonomy":"category","embeddable":true,"href":"https:\/\/pdt-rj.org.br\/index.php\/wp-json\/wp\/v2\/categories?post=77685"},{"taxonomy":"post_tag","embeddable":true,"href":"https:\/\/pdt-rj.org.br\/index.php\/wp-json\/wp\/v2\/tags?post=77685"}],"curies":[{"name":"wp","href":"https:\/\/api.w.org\/{rel}","templated":true}]}}