{"id":77682,"date":"2021-05-01T13:23:06","date_gmt":"2021-05-01T16:23:06","guid":{"rendered":"http:\/\/pdt-rj.org.br\/?p=77682"},"modified":"2021-05-01T13:23:06","modified_gmt":"2021-05-01T16:23:06","slug":"jose-mauricio-coloca-universalizacao-de-servicos-publicos-como-prioridade-de-brizola","status":"publish","type":"post","link":"https:\/\/pdt-rj.org.br\/index.php\/jose-mauricio-coloca-universalizacao-de-servicos-publicos-como-prioridade-de-brizola\/","title":{"rendered":"Jos\u00e9 Maur\u00edcio coloca universaliza\u00e7\u00e3o de servi\u00e7os p\u00fablicos como prioridade de Brizola"},"content":{"rendered":"<p class=\"yiv5357463797MsoNormal\"><em><b>Vis\u00e3o popular do l\u00edder pedetista marcou os dois governos do PDT, no estado do Rio, a partir de 1983<\/b><\/em><\/p>\n<p class=\"yiv5357463797MsoNormal\">\n<p class=\"yiv5357463797MsoNormal\">A universaliza\u00e7\u00e3o de servi\u00e7os p\u00fablicos, nas duas gest\u00f5es de Leonel Brizola como governador do Rio de Janeiro, recebeu destaque do advogado e ex-deputado federal Jos\u00e9 Maur\u00edcio Linhares Barretos na nova edi\u00e7\u00e3o do \u201cTrabalhismo na Hist\u00f3ria\u201d, que foi lan\u00e7ada nessa sexta-feira (29), pelo Centro de Mem\u00f3ria Trabalhista (CMT).<\/p>\n<p class=\"yiv5357463797MsoNormal\">Signat\u00e1rio da Carta de Lisboa e primeiro parlamentar\u00a0com mandato \u2013 eleito por seis vezes \u2013 a aderir ao PDT na funda\u00e7\u00e3o, Jos\u00e9 Maur\u00edcio licenciou-se da C\u00e2mara, em duas oportunidades, para assumir a Secretaria Estadual de Minas de 1983 a 1986 e de 1991 a 1994. E logo na primeira passagem p\u00f4de implementar um marco: o projeto &#8220;Uma Luz na Escurid\u00e3o&#8221;.<\/p>\n<p class=\"yiv5357463797MsoNormal\">Criada em 1986, a a\u00e7\u00e3o integrou o pacote de interven\u00e7\u00f5es do l\u00edder pedetista e levou energia el\u00e9trica para comunidades mais pobres de todas as regi\u00f5es fluminenses. Antes desprezadas pelo poder p\u00fablico, as \u00e1reas passaram a contar tamb\u00e9m com a disponibiliza\u00e7\u00e3o de ensino integral pelos Cieps, regulariza\u00e7\u00e3o fundi\u00e1ria e amplia\u00e7\u00e3o do saneamento b\u00e1sico, dentre outros benef\u00edcios.<\/p>\n<p class=\"yiv5357463797MsoNormal\">\u201cIsso permitiu levar luz para 1 milh\u00e3o de pessoas e 200 mil resid\u00eancias carentes. Alguns casos at\u00e9 de eletrifica\u00e7\u00e3o rural\u201d, destacou, ao citar a retomada da iniciativa, em 1991, ap\u00f3s o retrocesso gerado pelo hiato da gest\u00e3o do governador Moreira Franco, entre 1987 e 1991.<\/p>\n<p class=\"yiv5357463797MsoNormal\">\u201cBrizola se elegeu e desenvolveu um amplo programa de mudan\u00e7as na vida p\u00fablica do estado do Rio de Janeiro. Ele era extremamente leal, generoso e estimulava muito os jovens\u201d, relembrou.<\/p>\n<p class=\"yiv5357463797MsoNormal\">Veja o programa, na \u00edntegra:<\/p>\n<p><iframe loading=\"lazy\" title=\"Entrevista #9 \u2013 Trabalhismo na Hist\u00f3ria com Jos\u00e9 Maur\u00edcio Linhares Barreto.\" width=\"640\" height=\"360\" src=\"https:\/\/www.youtube.com\/embed\/Xn5oTk_2658?feature=oembed\" frameborder=\"0\" allow=\"accelerometer; autoplay; clipboard-write; encrypted-media; gyroscope; picture-in-picture; web-share\" referrerpolicy=\"strict-origin-when-cross-origin\" allowfullscreen><\/iframe><\/p>\n<!-- AddThis Advanced Settings generic via filter on the_content --><!-- AddThis Share Buttons generic via filter on the_content -->","protected":false},"excerpt":{"rendered":"<p>Vis\u00e3o popular do l\u00edder pedetista marcou os dois governos do PDT, no estado do Rio, a partir de 1983 A universaliza\u00e7\u00e3o de servi\u00e7os p\u00fablicos, nas duas gest\u00f5es de Leonel Brizola como governador do Rio de Janeiro, recebeu destaque do advogado e ex-deputado federal Jos\u00e9 Maur\u00edcio Linhares Barretos na nova edi\u00e7\u00e3o do \u201cTrabalhismo na Hist\u00f3ria\u201d, que&#8230;<!-- AddThis Advanced Settings generic via filter on wp_trim_excerpt --><!-- AddThis Share Buttons generic via filter on wp_trim_excerpt --><\/p>\n","protected":false},"author":17,"featured_media":77683,"comment_status":"closed","ping_status":"closed","sticky":false,"template":"","format":"standard","meta":{"_monsterinsights_skip_tracking":false,"_monsterinsights_sitenote_active":false,"_monsterinsights_sitenote_note":"","_monsterinsights_sitenote_category":0,"_uf_show_specific_survey":0,"_uf_disable_surveys":false,"footnotes":""},"categories":[1390,3328],"tags":[],"class_list":["post-77682","post","type-post","status-publish","format-standard","has-post-thumbnail","hentry","category-editorias","category-flb-ap"],"acf":[],"_links":{"self":[{"href":"https:\/\/pdt-rj.org.br\/index.php\/wp-json\/wp\/v2\/posts\/77682","targetHints":{"allow":["GET"]}}],"collection":[{"href":"https:\/\/pdt-rj.org.br\/index.php\/wp-json\/wp\/v2\/posts"}],"about":[{"href":"https:\/\/pdt-rj.org.br\/index.php\/wp-json\/wp\/v2\/types\/post"}],"author":[{"embeddable":true,"href":"https:\/\/pdt-rj.org.br\/index.php\/wp-json\/wp\/v2\/users\/17"}],"replies":[{"embeddable":true,"href":"https:\/\/pdt-rj.org.br\/index.php\/wp-json\/wp\/v2\/comments?post=77682"}],"version-history":[{"count":1,"href":"https:\/\/pdt-rj.org.br\/index.php\/wp-json\/wp\/v2\/posts\/77682\/revisions"}],"predecessor-version":[{"id":77684,"href":"https:\/\/pdt-rj.org.br\/index.php\/wp-json\/wp\/v2\/posts\/77682\/revisions\/77684"}],"wp:featuredmedia":[{"embeddable":true,"href":"https:\/\/pdt-rj.org.br\/index.php\/wp-json\/wp\/v2\/media\/77683"}],"wp:attachment":[{"href":"https:\/\/pdt-rj.org.br\/index.php\/wp-json\/wp\/v2\/media?parent=77682"}],"wp:term":[{"taxonomy":"category","embeddable":true,"href":"https:\/\/pdt-rj.org.br\/index.php\/wp-json\/wp\/v2\/categories?post=77682"},{"taxonomy":"post_tag","embeddable":true,"href":"https:\/\/pdt-rj.org.br\/index.php\/wp-json\/wp\/v2\/tags?post=77682"}],"curies":[{"name":"wp","href":"https:\/\/api.w.org\/{rel}","templated":true}]}}