{"id":77672,"date":"2021-05-01T01:48:48","date_gmt":"2021-05-01T04:48:48","guid":{"rendered":"http:\/\/pdt-rj.org.br\/?p=77672"},"modified":"2021-05-03T22:02:40","modified_gmt":"2021-05-04T01:02:40","slug":"ciro-gomes-mobiliza-liderancas-em-prol-de-projeto-estrategico-de-nacao","status":"publish","type":"post","link":"https:\/\/pdt-rj.org.br\/index.php\/ciro-gomes-mobiliza-liderancas-em-prol-de-projeto-estrategico-de-nacao\/","title":{"rendered":"Ciro Gomes mobiliza lideran\u00e7as em prol de projeto estrat\u00e9gico de na\u00e7\u00e3o"},"content":{"rendered":"<p class=\"yiv7460465403MsoNormal\"><em><b>Encontro da CSB teve a participa\u00e7\u00e3o de M\u00e1rcio Fran\u00e7a, Luiz Henrique Mandetta e Alexandre Kalil<\/b><\/em><\/p>\n<p class=\"yiv7460465403MsoNormal\">Ciro Gomes, pr\u00e9-candidato a presidente da Rep\u00fablica pelo PDT, refor\u00e7ou, nesta sexta-feira (30), o anseio de reunir as for\u00e7as democr\u00e1ticas em torno de um \u201cprojeto estrat\u00e9gico de na\u00e7\u00e3o\u201d que supere os retrocessos do governo Bolsonaro e coloque o Brasil no caminho do progresso econ\u00f4mico socialmente respons\u00e1vel.<\/p>\n<p class=\"yiv7460465403MsoNormal\">Mediado pelo presidente da Central dos Sindicatos Brasileiros (CSB) e do diret\u00f3rio do PDT na capital paulista, Antonio Neto, o debate virtual tamb\u00e9m contou o ex-governador de S\u00e3o Paulo M\u00e1rcio Fran\u00e7a (PSB), o ex-ministro da Sa\u00fade Luiz Henrique Mandetta (DEM) e o prefeito de Belo Horizonte (MG), Alexandre Kalil (PSD).<\/p>\n<p class=\"yiv7460465403MsoNormal\">Na v\u00e9spera do Dia do Trabalhador, pontos que comp\u00f5em a pior crise econ\u00f4mica, social e fiscal da hist\u00f3ria brasileira foram priorizados, incluindo o \u00edndice recorde de desemprego, que atingiu 14,4 milh\u00f5es de pessoas no trimestre encerrado em fevereiro de 2021.<\/p>\n<p class=\"yiv7460465403MsoNormal\">Ao propor um novo Projeto Nacional de Desenvolvimento (PND), conforme explicado no \u00faltimo\u00a0<a href=\"https:\/\/www.facebook.com\/cirogomesoficial\/videos\/1926345384183745\" target=\"_blank\" rel=\"nofollow noopener noreferrer\">v\u00eddeo<\/a>\u00a0da s\u00e9rie lan\u00e7ada pelo PDT nas redes sociais, Ciro refor\u00e7a a urgente necessidade de estimular, organizar e multiplicar as classes produtivas.<\/p>\n<p class=\"yiv7460465403MsoNormal\">Com aten\u00e7\u00e3o especial aos pequenos comerciantes, agricultores e empreendedores,\u00a0o pedetista busca extirpar o colapso das \u00faltimas d\u00e9cadas, que foi potencializado pela atual gest\u00e3o bolsonarista.<\/p>\n<p class=\"yiv7460465403MsoNormal\">\u201cEm linha com as melhores pr\u00e1ticas internacionais, o Brasil deveria assumir um compromisso de R$ 500 a R$ 600 de socorro emergencial para as pessoas e estabelecer uma din\u00e2mica acelerada, sem intermedia\u00e7\u00e3o do setor banc\u00e1rio privado, para socorrer as empresas com cr\u00e9dito\u201d, pontuou.<\/p>\n<p class=\"yiv7460465403MsoNormal\">Em conson\u00e2ncia, Ciro tamb\u00e9m inclui a realiza\u00e7\u00e3o da prote\u00e7\u00e3o imunol\u00f3gica coletiva \u2013 ou de \u201crebanho\u201d \u2013 demandaria cerca de R$ 280 bilh\u00f5es. Para viabiliz\u00e1-la, aponta tr\u00eas medidas poss\u00edveis e prudentes para a Uni\u00e3o.<\/p>\n<p class=\"yiv7460465403MsoNormal\">\u201cEu proponho que um ter\u00e7o seja a contribui\u00e7\u00e3o sobre grandes patrim\u00f4nios, acima de R$ 22 milh\u00f5es, que permitir\u00e1 arrecadar entre R$ 70 e R$ 80 milh\u00f5es de reais. Eu proponho que o Estado brasileiro emita R$ 120 bilh\u00f5es, que \u00e9 menos de 1% da d\u00edvida <p \u00fablica total>, como d\u00edvida pr\u00e9-fixada de longo prazo, 30 anos, e juro pr\u00e9-fixado\u201d, detalhou.<\/p>\n<p class=\"yiv7460465403MsoNormal\">\u201cE fa\u00e7a um pente fino nas ren\u00fancias fiscais, num pa\u00eds que est\u00e1 numa trag\u00e9dia t\u00e3o grande, que hoje \u00e9 da ordem de R$ 300 bilh\u00f5es. Se a gente tirar 20%, tem mais R$ 60 bilh\u00f5es. Portanto, d\u00e1 para fazer aquilo que eu estou propondo. E o cr\u00e9dito \u00e9 simplesmente retorn\u00e1vel, n\u00e3o precisa ser sacado do Tesouro\u201d, acrescentou.<\/p>\n<!-- AddThis Advanced Settings generic via filter on the_content --><!-- AddThis Share Buttons generic via filter on the_content -->","protected":false},"excerpt":{"rendered":"<p>Encontro da CSB teve a participa\u00e7\u00e3o de M\u00e1rcio Fran\u00e7a, Luiz Henrique Mandetta e Alexandre Kalil Ciro Gomes, pr\u00e9-candidato a presidente da Rep\u00fablica pelo PDT, refor\u00e7ou, nesta sexta-feira (30), o anseio de reunir as for\u00e7as democr\u00e1ticas em torno de um \u201cprojeto estrat\u00e9gico de na\u00e7\u00e3o\u201d que supere os retrocessos do governo Bolsonaro e coloque o Brasil no&#8230;<!-- AddThis Advanced Settings generic via filter on wp_trim_excerpt --><!-- AddThis Share Buttons generic via filter on wp_trim_excerpt --><\/p>\n","protected":false},"author":17,"featured_media":77673,"comment_status":"closed","ping_status":"closed","sticky":false,"template":"","format":"standard","meta":{"_monsterinsights_skip_tracking":false,"_monsterinsights_sitenote_active":false,"_monsterinsights_sitenote_note":"","_monsterinsights_sitenote_category":0,"_uf_show_specific_survey":0,"_uf_disable_surveys":false,"footnotes":""},"categories":[1390,975,976],"tags":[220],"class_list":["post-77672","post","type-post","status-publish","format-standard","has-post-thumbnail","hentry","category-editorias","category-manchete","category-noticias-em-destaque","tag-ciro-gomes"],"acf":[],"_links":{"self":[{"href":"https:\/\/pdt-rj.org.br\/index.php\/wp-json\/wp\/v2\/posts\/77672","targetHints":{"allow":["GET"]}}],"collection":[{"href":"https:\/\/pdt-rj.org.br\/index.php\/wp-json\/wp\/v2\/posts"}],"about":[{"href":"https:\/\/pdt-rj.org.br\/index.php\/wp-json\/wp\/v2\/types\/post"}],"author":[{"embeddable":true,"href":"https:\/\/pdt-rj.org.br\/index.php\/wp-json\/wp\/v2\/users\/17"}],"replies":[{"embeddable":true,"href":"https:\/\/pdt-rj.org.br\/index.php\/wp-json\/wp\/v2\/comments?post=77672"}],"version-history":[{"count":2,"href":"https:\/\/pdt-rj.org.br\/index.php\/wp-json\/wp\/v2\/posts\/77672\/revisions"}],"predecessor-version":[{"id":77675,"href":"https:\/\/pdt-rj.org.br\/index.php\/wp-json\/wp\/v2\/posts\/77672\/revisions\/77675"}],"wp:featuredmedia":[{"embeddable":true,"href":"https:\/\/pdt-rj.org.br\/index.php\/wp-json\/wp\/v2\/media\/77673"}],"wp:attachment":[{"href":"https:\/\/pdt-rj.org.br\/index.php\/wp-json\/wp\/v2\/media?parent=77672"}],"wp:term":[{"taxonomy":"category","embeddable":true,"href":"https:\/\/pdt-rj.org.br\/index.php\/wp-json\/wp\/v2\/categories?post=77672"},{"taxonomy":"post_tag","embeddable":true,"href":"https:\/\/pdt-rj.org.br\/index.php\/wp-json\/wp\/v2\/tags?post=77672"}],"curies":[{"name":"wp","href":"https:\/\/api.w.org\/{rel}","templated":true}]}}