{"id":77659,"date":"2021-05-01T01:44:59","date_gmt":"2021-05-01T04:44:59","guid":{"rendered":"http:\/\/pdt-rj.org.br\/?p=77659"},"modified":"2021-05-03T16:57:40","modified_gmt":"2021-05-03T19:57:40","slug":"getulio-vargas-sobre-o-brasil-repele-por-indole-as-solucoes-extremistas","status":"publish","type":"post","link":"https:\/\/pdt-rj.org.br\/index.php\/getulio-vargas-sobre-o-brasil-repele-por-indole-as-solucoes-extremistas\/","title":{"rendered":"Get\u00falio Vargas sobre o Brasil: \u201cRepele, por \u00edndole, as solu\u00e7\u00f5es extremistas\u201d"},"content":{"rendered":"<div class=\"msg-body P_wpofO mq_AS\" data-test-id=\"message-view-body-content\">\n<div class=\"jb_0 X_6MGW N_6Fd5\">\n<div id=\"yiv3885541312\">\n<div dir=\"ltr\">\n<p class=\"yiv3885541312gmail-MsoNoSpacing\"><em><b>Durante o 1\u00ba de Maio de 1940, o presidente trabalhista apontou li\u00e7\u00f5es contra representa\u00e7\u00f5es radicais<\/b><\/em><\/p>\n<p class=\"yiv3885541312gmail-MsoNoSpacing\">\u201cA sociedade brasileira, felizmente, repele, por \u00edndole, as solu\u00e7\u00f5es extremistas\u201d, disse o presidente da Rep\u00fablica, Get\u00falio Vargas, ao repudiar representa\u00e7\u00f5es radicais no discurso pronunciado no est\u00e1dio do Vasco da Gama, no Rio de Janeiro, por ocasi\u00e3o das comemora\u00e7\u00f5es do Dia do Trabalho, no dia 1\u00ba de maio de 1940.<\/p>\n<p class=\"yiv3885541312gmail-MsoNoSpacing\">A hist\u00f3ria mostra, segundo o trabalhista, que exemplos com esse perfil n\u00e3o perduram e s\u00e3o afastados pelas pr\u00f3prias falhas. Ap\u00f3s 80 anos, o pensamento segue atual e \u00e9 captado, de forma progressiva, como tradu\u00e7\u00e3o para a crise federal impetrada pelo atual presidente, Jair Bolsonaro.<\/p>\n<p class=\"yiv3885541312gmail-MsoNoSpacing\">\u201cQuem quer que observe a hist\u00f3ria e a dura li\u00e7\u00e3o sofrida por outros povos ver\u00e1 que os extremismos, mesmo quando logram uma vit\u00f3ria ef\u00eamera, caem logo v\u00edtimas dos pr\u00f3prios erros e das paix\u00f5es que desencadearam\u201d, afirmou.<\/p>\n<p class=\"yiv3885541312gmail-MsoNoSpacing\">Vargas acredita ainda na supera\u00e7\u00e3o de contratempos sist\u00eamicos a partir da corre\u00e7\u00e3o de rumos amparados em medidas que privilegiem o progresso da na\u00e7\u00e3o, bem como combatam ilus\u00f5es \u201cideol\u00f3gicas\u201d.<\/p>\n<p class=\"yiv3885541312gmail-MsoNoSpacing\">\u201cCorrigidos os abusos e imprevid\u00eancias do passado, poderemos encarar o futuro com serenidade, certos de que as utopias ideol\u00f3gicas, na pr\u00e1tica, verdadeiras calamidades sociais, n\u00e3o conseguir\u00e3o afastar-nos das normas de equil\u00edbrio e bom senso em que se processa a evolu\u00e7\u00e3o da nacionalidade\u201d, explicou.<\/p>\n<p class=\"yiv3885541312gmail-MsoNoSpacing\">E um dos diferenciados pilares fomentados pelo governo estadista e popular, no \u00faltimo s\u00e9culo, foi a promo\u00e7\u00e3o das garantias sociais pelo trabalho. Preceito fundamental, portanto, de uma Era que colocou a cidad\u00e3o como prioridade e a na\u00e7\u00e3o como pot\u00eancia mundial.<\/p>\n<p class=\"yiv3885541312gmail-MsoNoSpacing\">\u201cS\u00f3 o trabalho fecundo, dentro da ordem legal que assegura a todos &#8211; patr\u00f5es e oper\u00e1rios, chefes de ind\u00fastrias e prolet\u00e1rios, lavradores, artes\u00e3os, intelectuais &#8211; um regime de justi\u00e7a e de paz, poder\u00e1 fazer a felicidade da P\u00e1tria Brasileira\u201d, exaltou, ao anunciar a assinatura do decreto-lei 2.162\/1940, que instituiu o sal\u00e1rio m\u00ednimo.<\/p>\n<p class=\"yiv3885541312gmail-MsoNoSpacing\">\u201cOs benef\u00edcios da pol\u00edtica trabalhista, empreendida nestes \u00faltimos anos, alcan\u00e7am profundamente todos os grupos sociais, promovendo o melhoramento das condi\u00e7\u00f5es de vida nas v\u00e1rias regi\u00f5es do pa\u00eds e elevando o n\u00edvel de sa\u00fade e de bem-estar geral\u201d, completou.<\/p>\n<p class=\"yiv3885541312gmail-MsoNoSpacing\"><strong>Confira a \u00edntegra do discurso:<\/strong><\/p>\n<p class=\"yiv3885541312gmail-MsoNoSpacing\">\u201cTrabalhadores do Brasil: Aqui estou, como de outras vezes, para compartilhar as vossas comemora\u00e7\u00f5es e testemunhar o apre\u00e7o em que tenho o homem de trabalho como colaborador direto da obra de reconstru\u00e7\u00e3o pol\u00edtica e econ\u00f4mica da P\u00e1tria. N\u00e3o distingo, na valoriza\u00e7\u00e3o do esfor\u00e7o construtivo, o oper\u00e1rio fabril do t\u00e9cnico de dire\u00e7\u00e3o, do engenheiro especializado, do m\u00e9dico, do advogado, do industrial ou do agricultor. O sal\u00e1rio, ou outra forma de remunera\u00e7\u00e3o, n\u00e3o constitui mais do que um meio pr\u00f3prio a um fim, e esse fim \u00e9, objetivamente, a cria\u00e7\u00e3o da riqueza nacional e o surto de maiores possibilidades \u00e0 nossa civiliza\u00e7\u00e3o.<\/p>\n<p class=\"yiv3885541312gmail-MsoNoSpacing\">A despeito da vastid\u00e3o territorial, da abund\u00e2ncia de recursos naturais e da variedade de elementos de vida, o futuro do pa\u00eds repousa, inteiramente, em nossa capacidade de realiza\u00e7\u00e3o. Todo trabalhador, qualquer que seja a sua profiss\u00e3o \u00e9, a este respeito, um patriota que conjuga o seu esfor\u00e7o individual \u00e0 a\u00e7\u00e3o coletiva, em prol da independ\u00eancia econ\u00f4mica da nacionalidade. O nosso progresso n\u00e3o pode ser obra exclusiva do Governo, sim, de toda a Na\u00e7\u00e3o, de todas as classes, de todos os homens e mulheres, que se enobrecem pelo trabalho, valorizando a terra em que nasceram. Constitui preocupa\u00e7\u00e3o constante do regime que adotamos difundir entre os elementos laboriosos a no\u00e7\u00e3o da responsabilidade que lhes cabe no desenvolvimento do pa\u00eds, pois o trabalho bem feito \u00e9 uma alta forma de patriotismo, como a ociosidade uma atitude nociva e reprov\u00e1vel.<\/p>\n<p class=\"yiv3885541312gmail-MsoNoSpacing\">Nas minhas recentes excurs\u00f5es aos Estados do Centro e do Sul, em contato com as mais diversas camadas da popula\u00e7\u00e3o, recebi caloroso acolhimento e manifesta\u00e7\u00f5es que testemunham, de modo inequ\u00edvoco, a confian\u00e7a que os brasileiros, desde os simples oper\u00e1rios expoentes das atividades produtoras, depositam na a\u00e7\u00e3o governamental. Falando em momento como este, diante de uma multid\u00e3o que vibra de exalta\u00e7\u00e3o patri\u00f3tica, n\u00e3o posso deixar de pensar como os nossos governantes permaneceram, durante tanto tempo, indiferentes \u00e0 coopera\u00e7\u00e3o construtiva das classes trabalhadoras.<\/p>\n<p class=\"yiv3885541312gmail-MsoNoSpacing\">Relegados a exist\u00eancia vegetativa, privados de direitos e afastados dos benef\u00edcios da civiliza\u00e7\u00e3o, da cultura e do conforto, os trabalhadores brasileiros nunca obtiveram, sob os governos eleitorais, a menor prote\u00e7\u00e3o, o mais elementar amparo. Para arrancar-lhes os votos, os pol\u00edticos profissionais tinham de mant\u00ea-los desorganizados e sujeitos \u00e0 vassalagem dos cabos eleitorais.<\/p>\n<p class=\"yiv3885541312gmail-MsoNoSpacing\">A obra de repara\u00e7\u00e3o e justi\u00e7a realizada pelo Estado Novo distancia-nos, imensamente, desse passado conden\u00e1vel, que comprometia os nossos sentimentos crist\u00e3os: se tornara obst\u00e1culo insuper\u00e1vel \u00e0 solidariedade nacional. Naquela \u00e9poca, ao aproximar-se o Primeiro de Maio, o ambiente era bem diverso. Generalizavam-se as apreens\u00f5es e abria-se um per\u00edodo de buscas policiais nos n\u00facleos associativos, pondo-se em cust\u00f3dia os suspeitos, dando a todos uma sensa\u00e7\u00e3o de inseguran\u00e7a e exibindo um luxo de for\u00e7a nas ruas e locais de reuni\u00e3o, que, n\u00e3o raro, redundavam em choques e conflitos sangrentos. Atualmente, a data comemorativa dos homens de trabalho \u00e9 festiva e de confraterniza\u00e7\u00e3o.<\/p>\n<p class=\"yiv3885541312gmail-MsoNoSpacing\">Os benef\u00edcios da pol\u00edtica trabalhista, empreendida nestes \u00faltimos anos, alcan\u00e7am profundamente todos os grupos sociais, promovendo o melhoramento das condi\u00e7\u00f5es de vida nas v\u00e1rias regi\u00f5es do pa\u00eds e elevando o n\u00edvel de sa\u00fade e de bem-estar geral. A a\u00e7\u00e3o tutelar e previdente do Estado patenteia-se, de modo constante, na solicitude com que cria os servi\u00e7os de prote\u00e7\u00e3o ao lar oper\u00e1rio, de assist\u00eancia \u00e0 inf\u00e2ncia, de alimenta\u00e7\u00e3o saud\u00e1vel e barata, de postos de sa\u00fade, de creches e maternidades, instituindo o ensino profissional junto \u00e0s f\u00e1bricas e, ultimamente, voltando as suas vistas para a constru\u00e7\u00e3o de vilas oper\u00e1rias e casas populares.<\/p>\n<p class=\"yiv3885541312gmail-MsoNoSpacing\">Na continua\u00e7\u00e3o desse programa renovador, que encontrou no atual Ministro do Trabalho um eficiente e devotado orientador, assinamos, hoje, um ato de incalcul\u00e1vel alcance social e econ\u00f4mico: a lei que fixa o sal\u00e1rio m\u00ednimo para todo o pa\u00eds. Trata-se de antiga aspira\u00e7\u00e3o popular, promessa do movimento revolucion\u00e1rio de 1930, agora transformada em realidade, depois de longos e acurados estudos. Procur\u00e1vamos, por esse meio, assegurar ao trabalhador remunera\u00e7\u00e3o equitativa, capaz de proporcionar-lhe o indispens\u00e1vel para o sustento pr\u00f3prio e da fam\u00edlia. O estabelecimento de um padr\u00e3o m\u00ednimo de vida para a grande maioria da popula\u00e7\u00e3o, aumentando, no decorrer do tempo, os \u00edndices de sa\u00fade e produtividade, auxiliar\u00e1 a solu\u00e7\u00e3o de importantes problemas que retardam a marcha do nosso progresso.<\/p>\n<p class=\"yiv3885541312gmail-MsoNoSpacing\">\u00c0 primeira vista, poder\u00e3o pensar os menos avisados que a medida \u00e9 prematura e unilateral, visto beneficiar, apenas, os trabalhadores assalariados. Tal, por\u00e9m, n\u00e3o ocorre no plano do Governo. A eleva\u00e7\u00e3o do n\u00edvel de vida eleva, igualmente, a capacidade aquisitiva das popula\u00e7\u00f5es e incrementa, por conseguinte, as ind\u00fastrias, a agricultura e o com\u00e9rcio, que ver\u00e3o crescer o consumo geral e o volume da produ\u00e7\u00e3o. As bases da nossa legisla\u00e7\u00e3o social j\u00e1 est\u00e3o solidamente lan\u00e7adas nas leis que regulam a dura\u00e7\u00e3o do trabalho, a higiene industrial, a ocupa\u00e7\u00e3o das mulheres e menores, as aposentadorias e indeniza\u00e7\u00f5es de acidentes, as associa\u00e7\u00f5es profissionais, os conv\u00eanios coletivos e a arbitragem. Ultima-se, agora, a organiza\u00e7\u00e3o da Justi\u00e7a do Trabalho, cuja regulamenta\u00e7\u00e3o est\u00e1 na fase final de estudos e dever\u00e1 ser posta em vigor dentro de pouco.<\/p>\n<p class=\"yiv3885541312gmail-MsoNoSpacing\">\u00c9 uma legisla\u00e7\u00e3o que tende a ampliar-se e a cobrir com a sua prote\u00e7\u00e3o os diversos ramos da economia nacional, da f\u00e1brica aos campos, das oficinas aos estabelecimentos comerciais, empresas de transportes e todos os empregos e ocupa\u00e7\u00f5es. As sugest\u00f5es da experi\u00eancia e as imposi\u00e7\u00f5es da necessidade ir\u00e3o, naturalmente, indicando modifica\u00e7\u00f5es e amplia\u00e7\u00f5es cuidadosas. Chegaremos, assim, a consolidar esse corpo de leis num C\u00f3digo do Trabalho adequado \u00e0s condi\u00e7\u00f5es do nosso progresso. N\u00e3o \u00e9 demais observar, a prop\u00f3sito das nossas conquistas de ordem social, que povos de civiliza\u00e7\u00e3o mais velha, apontados como modelos a copiar, ainda n\u00e3o conseguiram resolver satisfatoriamente as rela\u00e7\u00f5es de trabalho, que continuam sendo, para eles, causa de perturba\u00e7\u00f5es e antagonismos, em vez de for\u00e7as de coopera\u00e7\u00e3o para o bem comum.<\/p>\n<p class=\"yiv3885541312gmail-MsoNoSpacing\">Embora deixados ao abandono, os nossos trabalhadores souberam resistir \u00e0s influ\u00eancias mals\u00e3s dos semeadores de \u00f3dios, a servi\u00e7o de velhas e novas ambi\u00e7\u00f5es de poderio pol\u00edtico, consagrados a envenenar o sentimento brasileiro de fraternidade com o exotismo das lutas de classes. O ambiente nacional tem reagido sadiamente contra esses agentes de perturba\u00e7\u00e3o e desordem. A propaganda insidiosa e dissolvente, apenas, impressionou os pobres de esp\u00edrito e serviu para agitar os mal intencionados.<\/p>\n<p class=\"yiv3885541312gmail-MsoNoSpacing\">Quem quer que observe a hist\u00f3ria e a dura li\u00e7\u00e3o sofrida por outros povos ver\u00e1 que os extremismos, mesmo quando logram uma vit\u00f3ria ef\u00eamera, caem logo v\u00edtimas dos pr\u00f3prios erros e das paix\u00f5es que desencadearam, sacrificando muitas aspira\u00e7\u00f5es justas e leg\u00edtimas, que poderiam ser alcan\u00e7adas pacificamente.<\/p>\n<p class=\"yiv3885541312gmail-MsoNoSpacing\">A sociedade brasileira, felizmente, repele, por \u00edndole, as solu\u00e7\u00f5es extremistas. Corrigidos os abusos e imprevid\u00eancias do passado, poderemos encarar o futuro com serenidade, certos de que as utopias ideol\u00f3gicas, na pr\u00e1tica, verdadeiras calamidades sociais, n\u00e3o conseguir\u00e3o afastar-nos das normas de equil\u00edbrio e bom senso em que se processa a evolu\u00e7\u00e3o da nacionalidade.<\/p>\n<p class=\"yiv3885541312gmail-MsoNoSpacing\">S\u00f3 o trabalho fecundo, dentro da ordem legal que assegura a todos &#8211; patr\u00f5es e oper\u00e1rios, chefes de ind\u00fastrias e prolet\u00e1rios, lavradores, artes\u00e3os, intelectuais &#8211; um regime de justi\u00e7a e de paz, poder\u00e1 fazer a felicidade da P\u00e1tria Brasileira.\u201d<\/p>\n<\/div>\n<\/div>\n<\/div>\n<\/div>\n<!-- AddThis Advanced Settings generic via filter on the_content --><!-- AddThis Share Buttons generic via filter on the_content -->","protected":false},"excerpt":{"rendered":"<p>Durante o 1\u00ba de Maio de 1940, o presidente trabalhista apontou li\u00e7\u00f5es contra representa\u00e7\u00f5es radicais \u201cA sociedade brasileira, felizmente, repele, por \u00edndole, as solu\u00e7\u00f5es extremistas\u201d, disse o presidente da Rep\u00fablica, Get\u00falio Vargas, ao repudiar representa\u00e7\u00f5es radicais no discurso pronunciado no est\u00e1dio do Vasco da Gama, no Rio de Janeiro, por ocasi\u00e3o das comemora\u00e7\u00f5es do Dia&#8230;<!-- AddThis Advanced Settings generic via filter on wp_trim_excerpt --><!-- AddThis Share Buttons generic via filter on wp_trim_excerpt --><\/p>\n","protected":false},"author":17,"featured_media":77660,"comment_status":"closed","ping_status":"closed","sticky":false,"template":"","format":"standard","meta":{"_monsterinsights_skip_tracking":false,"_monsterinsights_sitenote_active":false,"_monsterinsights_sitenote_note":"","_monsterinsights_sitenote_category":0,"_uf_show_specific_survey":0,"_uf_disable_surveys":false,"footnotes":""},"categories":[1390,4549,976],"tags":[1899,437],"class_list":["post-77659","post","type-post","status-publish","format-standard","has-post-thumbnail","hentry","category-editorias","category-memoria","category-noticias-em-destaque","tag-estado-novo","tag-getulio-vargas"],"acf":[],"_links":{"self":[{"href":"https:\/\/pdt-rj.org.br\/index.php\/wp-json\/wp\/v2\/posts\/77659","targetHints":{"allow":["GET"]}}],"collection":[{"href":"https:\/\/pdt-rj.org.br\/index.php\/wp-json\/wp\/v2\/posts"}],"about":[{"href":"https:\/\/pdt-rj.org.br\/index.php\/wp-json\/wp\/v2\/types\/post"}],"author":[{"embeddable":true,"href":"https:\/\/pdt-rj.org.br\/index.php\/wp-json\/wp\/v2\/users\/17"}],"replies":[{"embeddable":true,"href":"https:\/\/pdt-rj.org.br\/index.php\/wp-json\/wp\/v2\/comments?post=77659"}],"version-history":[{"count":2,"href":"https:\/\/pdt-rj.org.br\/index.php\/wp-json\/wp\/v2\/posts\/77659\/revisions"}],"predecessor-version":[{"id":77676,"href":"https:\/\/pdt-rj.org.br\/index.php\/wp-json\/wp\/v2\/posts\/77659\/revisions\/77676"}],"wp:featuredmedia":[{"embeddable":true,"href":"https:\/\/pdt-rj.org.br\/index.php\/wp-json\/wp\/v2\/media\/77660"}],"wp:attachment":[{"href":"https:\/\/pdt-rj.org.br\/index.php\/wp-json\/wp\/v2\/media?parent=77659"}],"wp:term":[{"taxonomy":"category","embeddable":true,"href":"https:\/\/pdt-rj.org.br\/index.php\/wp-json\/wp\/v2\/categories?post=77659"},{"taxonomy":"post_tag","embeddable":true,"href":"https:\/\/pdt-rj.org.br\/index.php\/wp-json\/wp\/v2\/tags?post=77659"}],"curies":[{"name":"wp","href":"https:\/\/api.w.org\/{rel}","templated":true}]}}