{"id":77615,"date":"2021-04-29T16:02:57","date_gmt":"2021-04-29T19:02:57","guid":{"rendered":"http:\/\/pdt-rj.org.br\/?p=77615"},"modified":"2021-04-30T10:29:36","modified_gmt":"2021-04-30T13:29:36","slug":"noticia-crime-movida-pelo-pdt-contra-salles-esta-na-pgr","status":"publish","type":"post","link":"https:\/\/pdt-rj.org.br\/index.php\/noticia-crime-movida-pelo-pdt-contra-salles-esta-na-pgr\/","title":{"rendered":"Not\u00edcia-crime movida pelo PDT contra Salles est\u00e1 na PGR"},"content":{"rendered":"<h3><em>Para a relatora, C\u00e1rmen L\u00facia, motivo exposto pela a\u00e7\u00e3o pedetista \u00e9 \u201cde gravidade incontest\u00e1vel\u201d<\/em><\/h3>\n<p><em>\u00a0<\/em>Not\u00edcia-crime protocolada pelo PDT contra o ministro do Meio Ambiente, Ricardo Salles, foi encaminhada \u00e0 Procuradoria-Geral da Rep\u00fablica (PGR) pela ministra do Supremo Tribunal Federal (STF), C\u00e1rmen L\u00facia, na \u00faltima sexta-feira (23). O instrumento jur\u00eddico usado pelo partido alega que Salles agiu para atrapalhar a apura\u00e7\u00e3o da maior apreens\u00e3o de madeira ilegal do Brasil.<\/p>\n<p>No despacho, dentre outros, a ministra relatora destacou o seguinte trecho da a\u00e7\u00e3o pedetista: \u201cO Senhor Ministro do Meio Ambiente privilegia o lucro do setor privado em detrimento do meio ambiente. Recentemente, o Senhor Ricardo Salles tem empreendido esfor\u00e7os com o cerne de atrapalhar medidas de fiscaliza\u00e7\u00e3o ambiental, especificamente os circunscritos \u00e0 \u2018Opera\u00e7\u00e3o Handroanthus\u2019, da Pol\u00edcia Federal, que foi respons\u00e1vel pela apreens\u00e3o recorde de aproximadamente 200.000 m\u00b3 de madeira em toras extra\u00eddas ilegalmente por organiza\u00e7\u00f5es criminosas\u201d.<\/p>\n<p>Com base na exposi\u00e7\u00e3o jur\u00eddica do PDT, Carmen L\u00facia definiu a peti\u00e7\u00e3o como \u201cnot\u00edcia crime de gravidade incontest\u00e1vel\u201d. A ministra afirmou ainda que: \u201cNo caso aqui apresentado, os fatos s\u00e3o descritos com min\u00facia e objetividade pelo autor da peti\u00e7\u00e3o. Relacionam-se a pr\u00e1ticas sobre tema de significa\u00e7\u00e3o maior para a vida saud\u00e1vel do planeta, como \u00e9 a da quest\u00e3o ambiental\u201d.<\/p>\n<p>De acordo com o PDT, Salles fez o poss\u00edvel para apoiar as diversas empresas alvo da investiga\u00e7\u00e3o, sendo uma delas detentora de 20 autos de infra\u00e7\u00e3o ambiental, cujos valores das multas somam a quantia de R$ 8,3 milh\u00f5es. O partido apontou ainda que o ministro do Meio Ambiente tem pressionado a Pol\u00edcia Federal para concluir os laudos \u00e0s pressas, no prazo de uma semana, o que n\u00e3o condiz com o tempo necess\u00e1rio para an\u00e1lise t\u00e9cnica.<\/p>\n<p>&#8220;Pelo exposto, nos termos do inc. XV do art. 21 do Regimento Interno do Supremo Tribunal Federal, determino que seja a presente peti\u00e7\u00e3o encaminhada para manifesta\u00e7\u00e3o da Procuradoria-Geral da Rep\u00fablica&#8221;, concluiu a ministra C\u00e1rmen L\u00facia em decis\u00e3o.<\/p>\n<p><a href=\"http:\/\/pdt-rj.org.br\/wp-content\/uploads\/2021\/04\/peca_6_Pet_9594.pdf\">Despacho da Min. do STF, C\u00e1rmen L\u00facia<\/a><\/p>\n<!-- AddThis Advanced Settings generic via filter on the_content --><!-- AddThis Share Buttons generic via filter on the_content -->","protected":false},"excerpt":{"rendered":"<p>Para a relatora, C\u00e1rmen L\u00facia, motivo exposto pela a\u00e7\u00e3o pedetista \u00e9 \u201cde gravidade incontest\u00e1vel\u201d \u00a0Not\u00edcia-crime protocolada pelo PDT contra o ministro do Meio Ambiente, Ricardo Salles, foi encaminhada \u00e0 Procuradoria-Geral da Rep\u00fablica (PGR) pela ministra do Supremo Tribunal Federal (STF), C\u00e1rmen L\u00facia, na \u00faltima sexta-feira (23). O instrumento jur\u00eddico usado pelo partido alega que Salles&#8230;<!-- AddThis Advanced Settings generic via filter on wp_trim_excerpt --><!-- AddThis Share Buttons generic via filter on wp_trim_excerpt --><\/p>\n","protected":false},"author":17,"featured_media":76585,"comment_status":"closed","ping_status":"closed","sticky":false,"template":"","format":"standard","meta":{"_monsterinsights_skip_tracking":false,"_monsterinsights_sitenote_active":false,"_monsterinsights_sitenote_note":"","_monsterinsights_sitenote_category":0,"_uf_show_specific_survey":0,"_uf_disable_surveys":false,"footnotes":""},"categories":[1390,1401,976],"tags":[4719,3631,38,3594,4720],"class_list":["post-77615","post","type-post","status-publish","format-standard","has-post-thumbnail","hentry","category-editorias","category-nacional","category-noticias-em-destaque","tag-carmen-lucia","tag-ministerio-do-meio-ambiente","tag-pdt","tag-pgr","tag-ricardo-salles"],"acf":[],"_links":{"self":[{"href":"https:\/\/pdt-rj.org.br\/index.php\/wp-json\/wp\/v2\/posts\/77615","targetHints":{"allow":["GET"]}}],"collection":[{"href":"https:\/\/pdt-rj.org.br\/index.php\/wp-json\/wp\/v2\/posts"}],"about":[{"href":"https:\/\/pdt-rj.org.br\/index.php\/wp-json\/wp\/v2\/types\/post"}],"author":[{"embeddable":true,"href":"https:\/\/pdt-rj.org.br\/index.php\/wp-json\/wp\/v2\/users\/17"}],"replies":[{"embeddable":true,"href":"https:\/\/pdt-rj.org.br\/index.php\/wp-json\/wp\/v2\/comments?post=77615"}],"version-history":[{"count":4,"href":"https:\/\/pdt-rj.org.br\/index.php\/wp-json\/wp\/v2\/posts\/77615\/revisions"}],"predecessor-version":[{"id":77658,"href":"https:\/\/pdt-rj.org.br\/index.php\/wp-json\/wp\/v2\/posts\/77615\/revisions\/77658"}],"wp:featuredmedia":[{"embeddable":true,"href":"https:\/\/pdt-rj.org.br\/index.php\/wp-json\/wp\/v2\/media\/76585"}],"wp:attachment":[{"href":"https:\/\/pdt-rj.org.br\/index.php\/wp-json\/wp\/v2\/media?parent=77615"}],"wp:term":[{"taxonomy":"category","embeddable":true,"href":"https:\/\/pdt-rj.org.br\/index.php\/wp-json\/wp\/v2\/categories?post=77615"},{"taxonomy":"post_tag","embeddable":true,"href":"https:\/\/pdt-rj.org.br\/index.php\/wp-json\/wp\/v2\/tags?post=77615"}],"curies":[{"name":"wp","href":"https:\/\/api.w.org\/{rel}","templated":true}]}}