{"id":77590,"date":"2021-04-28T12:25:04","date_gmt":"2021-04-28T15:25:04","guid":{"rendered":"http:\/\/pdt-rj.org.br\/?p=77590"},"modified":"2021-04-29T22:00:24","modified_gmt":"2021-04-30T01:00:24","slug":"injustica-tributaria-e-concentracao-de-renda-sao-os-novos-alvos-de-ciro","status":"publish","type":"post","link":"https:\/\/pdt-rj.org.br\/index.php\/injustica-tributaria-e-concentracao-de-renda-sao-os-novos-alvos-de-ciro\/","title":{"rendered":"Injusti\u00e7a tribut\u00e1ria e concentra\u00e7\u00e3o de renda s\u00e3o os novos alvos de Ciro"},"content":{"rendered":"<div class=\"msg-body P_wpofO mq_AS\" data-test-id=\"message-view-body-content\">\n<div class=\"jb_0 X_6MGW N_6Fd5\">\n<div id=\"yiv0827641029\">\n<div dir=\"ltr\">\n<p class=\"yiv0827641029MsoNormal\"><em><b>Terceiro v\u00eddeo da s\u00e9rie lan\u00e7ada pelo PDT intensifica o di\u00e1logo com \u201cdesassistidos e inconformados\u201d<\/b><\/em><\/p>\n<p class=\"yiv0827641029MsoNormal\">Em uma mensagem para \u201ctodos os brasileiros\u201d, em especial para os \u201cdesassistidos e inconformados\u201d, o pr\u00e9-candidato a presidente da Rep\u00fablica pelo PDT, Ciro Gomes, defendeu, nesta quarta-feira (28), uma carga tribut\u00e1ria mais equilibrada entre as camadas da popula\u00e7\u00e3o e a redu\u00e7\u00e3o das desigualdades no pa\u00eds.<\/p>\n<p class=\"yiv0827641029MsoNormal\">\u201cEntre os inconformados, est\u00e3o os que n\u00e3o aceitam que o Brasil tenha o sistema de impostos mais injustos do planeta. E os que se envergonham pelo fato de cinco brasileiros terem uma fortuna igual a soma de tudo aquilo que possuem os 100 milh\u00f5es de brasileiros mais pobres\u201d, relata o ex-governador do Cear\u00e1.<\/p>\n<p class=\"yiv0827641029MsoNormal\">Em uma contextualiza\u00e7\u00e3o do tema com outros pontos centrais da campanha de comunica\u00e7\u00e3o do partido, como recupera\u00e7\u00e3o do emprego, garantia de direitos e mudan\u00e7a do modelo econ\u00f4mico nacional, o pedetista intensifica, no terceiro v\u00eddeo da s\u00e9rie, o debate sobre a import\u00e2ncia de uma alternativa efetiva para a na\u00e7\u00e3o.<\/p>\n<p class=\"yiv0827641029MsoNormal\">O movimento passa, necessariamente, pela populariza\u00e7\u00e3o do Projeto Nacional de Desenvolvimento (PND), que prioriza a retomada do progresso em uma realidade trabalhista de desenvolvimento social e econ\u00f4mico a partir de um Estado forte e nacionalista.<\/p>\n<p class=\"yiv0827641029MsoNormal\">\u201cCom novas ideias, trabalho, paz, coragem e liberdade, \u00e9 poss\u00edvel acabar com essa vergonha\u201d, encerra.<\/p>\n<p class=\"yiv0827641029MsoNormal\">Para assistir \u00e0 pe\u00e7a de 39 segundos publicada nas redes sociais do Ciro e do PDT, clique\u00a0<a href=\"https:\/\/www.facebook.com\/cirogomesoficial\/videos\/4023526927682489\" target=\"_blank\" rel=\"nofollow noopener noreferrer\">aqui<\/a>.<\/p>\n<\/div>\n<\/div>\n<\/div>\n<\/div>\n<div class=\"jb_0 X_6MGW N_6Fd5\">\n<div class=\"P_0 je_fq7\"><\/div>\n<\/div>\n<!-- AddThis Advanced Settings generic via filter on the_content --><!-- AddThis Share Buttons generic via filter on the_content -->","protected":false},"excerpt":{"rendered":"<p>Terceiro v\u00eddeo da s\u00e9rie lan\u00e7ada pelo PDT intensifica o di\u00e1logo com \u201cdesassistidos e inconformados\u201d Em uma mensagem para \u201ctodos os brasileiros\u201d, em especial para os \u201cdesassistidos e inconformados\u201d, o pr\u00e9-candidato a presidente da Rep\u00fablica pelo PDT, Ciro Gomes, defendeu, nesta quarta-feira (28), uma carga tribut\u00e1ria mais equilibrada entre as camadas da popula\u00e7\u00e3o e a redu\u00e7\u00e3o&#8230;<!-- AddThis Advanced Settings generic via filter on wp_trim_excerpt --><!-- AddThis Share Buttons generic via filter on wp_trim_excerpt --><\/p>\n","protected":false},"author":17,"featured_media":77591,"comment_status":"closed","ping_status":"closed","sticky":false,"template":"","format":"standard","meta":{"_monsterinsights_skip_tracking":false,"_monsterinsights_sitenote_active":false,"_monsterinsights_sitenote_note":"","_monsterinsights_sitenote_category":0,"_uf_show_specific_survey":0,"_uf_disable_surveys":false,"footnotes":""},"categories":[1390,975,976],"tags":[220],"class_list":["post-77590","post","type-post","status-publish","format-standard","has-post-thumbnail","hentry","category-editorias","category-manchete","category-noticias-em-destaque","tag-ciro-gomes"],"acf":[],"_links":{"self":[{"href":"https:\/\/pdt-rj.org.br\/index.php\/wp-json\/wp\/v2\/posts\/77590","targetHints":{"allow":["GET"]}}],"collection":[{"href":"https:\/\/pdt-rj.org.br\/index.php\/wp-json\/wp\/v2\/posts"}],"about":[{"href":"https:\/\/pdt-rj.org.br\/index.php\/wp-json\/wp\/v2\/types\/post"}],"author":[{"embeddable":true,"href":"https:\/\/pdt-rj.org.br\/index.php\/wp-json\/wp\/v2\/users\/17"}],"replies":[{"embeddable":true,"href":"https:\/\/pdt-rj.org.br\/index.php\/wp-json\/wp\/v2\/comments?post=77590"}],"version-history":[{"count":2,"href":"https:\/\/pdt-rj.org.br\/index.php\/wp-json\/wp\/v2\/posts\/77590\/revisions"}],"predecessor-version":[{"id":77593,"href":"https:\/\/pdt-rj.org.br\/index.php\/wp-json\/wp\/v2\/posts\/77590\/revisions\/77593"}],"wp:featuredmedia":[{"embeddable":true,"href":"https:\/\/pdt-rj.org.br\/index.php\/wp-json\/wp\/v2\/media\/77591"}],"wp:attachment":[{"href":"https:\/\/pdt-rj.org.br\/index.php\/wp-json\/wp\/v2\/media?parent=77590"}],"wp:term":[{"taxonomy":"category","embeddable":true,"href":"https:\/\/pdt-rj.org.br\/index.php\/wp-json\/wp\/v2\/categories?post=77590"},{"taxonomy":"post_tag","embeddable":true,"href":"https:\/\/pdt-rj.org.br\/index.php\/wp-json\/wp\/v2\/tags?post=77590"}],"curies":[{"name":"wp","href":"https:\/\/api.w.org\/{rel}","templated":true}]}}