{"id":77586,"date":"2021-04-27T17:00:10","date_gmt":"2021-04-27T20:00:10","guid":{"rendered":"http:\/\/pdt-rj.org.br\/?p=77586"},"modified":"2021-04-29T18:22:36","modified_gmt":"2021-04-29T21:22:36","slug":"ciro-propoe-troca-de-modelo-economico-de-fhc-lula-dilma-e-bolsonaro","status":"publish","type":"post","link":"https:\/\/pdt-rj.org.br\/index.php\/ciro-propoe-troca-de-modelo-economico-de-fhc-lula-dilma-e-bolsonaro\/","title":{"rendered":"Ciro prop\u00f5e troca de modelo econ\u00f4mico de FHC, Lula, Dilma e Bolsonaro"},"content":{"rendered":"<div><em><b>Em s\u00e9rie, pr\u00e9-candidato a presidente pelo PDT mostra sa\u00edda pelo campo progressista<\/b><\/em><\/div>\n<p class=\"yiv0866598225MsoNormal\">No segundo v\u00eddeo da s\u00e9rie divulgada pelo PDT, na internet, o pr\u00e9-candidato a presidente da Rep\u00fablica, Ciro Gomes, prop\u00f5e a troca do modelo econ\u00f4mico adotado desde 1995, no Brasil, a partir dos governos de Fernando Henrique Cardoso (FHC), Lula, Dilma Rousseff, Michel Temer e Jair Bolsonaro.<\/p>\n<p class=\"yiv0866598225MsoNormal\">\u201cOs graves problemas sociais que a gente vive, hoje, s\u00e3o causados por um mesmo modelo econ\u00f4mico que come\u00e7ou l\u00e1 no governo de Fernando Henrique Cardoso, passou por Lula, Dilma, e chegou ao \u00e1pice no famigerado governo de Bolsonaro\u201d, relatou, durante o filme de 48 segundos.<\/p>\n<p class=\"yiv0866598225MsoNormal\">Para o pedetista, o cen\u00e1rio acumulado nos \u00faltimos 26 anos \u00e9 traduzido em n\u00fameros, principalmente no que remete ao recuo ou estagna\u00e7\u00e3o do Produto Interno Bruto (PIB) \u2013 soma de todos os bens e servi\u00e7os. Em 2020, o \u00edndice ficou negativo em 4,1%.<\/p>\n<p class=\"yiv0866598225MsoNormal\">\u201cN\u00e3o \u00e9 por acaso que foi o per\u00edodo em que o Brasil cresceu menos na sua hist\u00f3ria, teve o maior desemprego e est\u00e1 vendo sua ind\u00fastria ser destru\u00edda\u201d, avaliou, ao ratificar: \u201cPortanto, n\u00e3o adianta simplesmente trocar Z\u00e9 por Chico ou Z\u00e9lia por Maria. \u00c9 preciso algu\u00e9m que mude esse modelo.\u201d.<\/p>\n<p class=\"yiv0866598225MsoNormal\">Assista:\u00a0<a href=\"https:\/\/www.facebook.com\/cirogomesoficial\/videos\/1135685160234342\" target=\"_blank\" rel=\"nofollow noopener noreferrer\">https:\/\/www.facebook.com\/cirogomesoficial\/videos\/1135685160234342<\/a><\/p>\n<p class=\"yiv0866598225MsoNormal\"><strong>Sequ\u00eancia<\/strong><\/p>\n<p class=\"yiv0866598225MsoNormal\">Com propostas do partido para o enfrentamento dos principais problemas nacionais, a campanha de comunica\u00e7\u00e3o liderada pelo ex-governador do Cear\u00e1 foi lan\u00e7ada, nessa segunda-feira (26), com um cap\u00edtulo sobre um tema central: trabalho.<\/p>\n<p class=\"yiv0866598225MsoNormal\">Ciro buscou dialogar, de forma clara e direta, sobre o impacto do desemprego e da informalidade sobre mais de 54 milh\u00f5es de cidad\u00e3os, pois muitos \u201cvivem de bico, ganham uma mis\u00e9ria e n\u00e3o t\u00eam nenhuma garantia.\u201d<\/p>\n<p class=\"yiv0866598225MsoNormal\">Defensor do Projeto Nacional de Desenvolvimento (PND), que \u00e9 estruturado desde a campanha de 2018, o pedetista apresentou uma mensagem de esperan\u00e7a ao estimular a reflex\u00e3o coletiva.<\/p>\n<p class=\"yiv0866598225MsoNormal\">\u201cCom novas ideias, trabalho, paz, coragem e liberdade, vamos reconstruir nosso pa\u00eds das cinzas\u201d, disse.<\/p>\n<p class=\"yiv0866598225MsoNormal\">Na sexta-feira (30), uma miniss\u00e9rie biogr\u00e1fica contar\u00e1, em oito cap\u00edtulos de quatro minutos, hist\u00f3rias dos principais l\u00edderes trabalhistas, incluindo a do fundador do PDT, Leonel Brizola.<\/p>\n<p class=\"yiv0866598225MsoNormal\"><strong>Confira o primeiro epis\u00f3dio:<\/strong><\/p>\n<p class=\"yiv0866598225MsoNormal\"><a href=\"https:\/\/www.facebook.com\/cirogomesoficial\/videos\/1947393275429685\" target=\"_blank\" rel=\"nofollow noopener noreferrer\">https:\/\/www.facebook.com\/cirogomesoficial\/videos\/1947393275429685<\/a><\/p>\n<!-- AddThis Advanced Settings generic via filter on the_content --><!-- AddThis Share Buttons generic via filter on the_content -->","protected":false},"excerpt":{"rendered":"<p>Em s\u00e9rie, pr\u00e9-candidato a presidente pelo PDT mostra sa\u00edda pelo campo progressista No segundo v\u00eddeo da s\u00e9rie divulgada pelo PDT, na internet, o pr\u00e9-candidato a presidente da Rep\u00fablica, Ciro Gomes, prop\u00f5e a troca do modelo econ\u00f4mico adotado desde 1995, no Brasil, a partir dos governos de Fernando Henrique Cardoso (FHC), Lula, Dilma Rousseff, Michel Temer&#8230;<!-- AddThis Advanced Settings generic via filter on wp_trim_excerpt --><!-- AddThis Share Buttons generic via filter on wp_trim_excerpt --><\/p>\n","protected":false},"author":17,"featured_media":77587,"comment_status":"closed","ping_status":"closed","sticky":false,"template":"","format":"standard","meta":{"_monsterinsights_skip_tracking":false,"_monsterinsights_sitenote_active":false,"_monsterinsights_sitenote_note":"","_monsterinsights_sitenote_category":0,"_uf_show_specific_survey":0,"_uf_disable_surveys":false,"footnotes":""},"categories":[975],"tags":[220,565],"class_list":["post-77586","post","type-post","status-publish","format-standard","has-post-thumbnail","hentry","category-manchete","tag-ciro-gomes","tag-leonel-brizola"],"acf":[],"_links":{"self":[{"href":"https:\/\/pdt-rj.org.br\/index.php\/wp-json\/wp\/v2\/posts\/77586","targetHints":{"allow":["GET"]}}],"collection":[{"href":"https:\/\/pdt-rj.org.br\/index.php\/wp-json\/wp\/v2\/posts"}],"about":[{"href":"https:\/\/pdt-rj.org.br\/index.php\/wp-json\/wp\/v2\/types\/post"}],"author":[{"embeddable":true,"href":"https:\/\/pdt-rj.org.br\/index.php\/wp-json\/wp\/v2\/users\/17"}],"replies":[{"embeddable":true,"href":"https:\/\/pdt-rj.org.br\/index.php\/wp-json\/wp\/v2\/comments?post=77586"}],"version-history":[{"count":3,"href":"https:\/\/pdt-rj.org.br\/index.php\/wp-json\/wp\/v2\/posts\/77586\/revisions"}],"predecessor-version":[{"id":77596,"href":"https:\/\/pdt-rj.org.br\/index.php\/wp-json\/wp\/v2\/posts\/77586\/revisions\/77596"}],"wp:featuredmedia":[{"embeddable":true,"href":"https:\/\/pdt-rj.org.br\/index.php\/wp-json\/wp\/v2\/media\/77587"}],"wp:attachment":[{"href":"https:\/\/pdt-rj.org.br\/index.php\/wp-json\/wp\/v2\/media?parent=77586"}],"wp:term":[{"taxonomy":"category","embeddable":true,"href":"https:\/\/pdt-rj.org.br\/index.php\/wp-json\/wp\/v2\/categories?post=77586"},{"taxonomy":"post_tag","embeddable":true,"href":"https:\/\/pdt-rj.org.br\/index.php\/wp-json\/wp\/v2\/tags?post=77586"}],"curies":[{"name":"wp","href":"https:\/\/api.w.org\/{rel}","templated":true}]}}