{"id":77578,"date":"2021-04-27T12:41:34","date_gmt":"2021-04-27T15:41:34","guid":{"rendered":"http:\/\/pdt-rj.org.br\/?p=77578"},"modified":"2021-04-27T12:41:34","modified_gmt":"2021-04-27T15:41:34","slug":"com-jose-bonifacio-cabo-frio-rj-inovou-no-atendimento-de-idosos-durante-pandemia","status":"publish","type":"post","link":"https:\/\/pdt-rj.org.br\/index.php\/com-jose-bonifacio-cabo-frio-rj-inovou-no-atendimento-de-idosos-durante-pandemia\/","title":{"rendered":"Com Jos\u00e9 Bonif\u00e1cio, Cabo Frio (RJ) inovou no atendimento de idosos durante pandemia"},"content":{"rendered":"<p class=\"yiv1961169536gmail-MsoNoSpacing\"><strong><em>Idosos recebem v\u00eddeos semanais com orienta\u00e7\u00f5es de profissionais de <\/em><em>e<\/em><em>duca\u00e7\u00e3o <\/em><em>f<\/em><em>\u00edsica para a realiza\u00e7\u00e3o de atividades<\/em><\/strong><\/p>\n<p class=\"yiv1961169536gmail-MsoNoSpacing\">\n<p class=\"yiv1961169536gmail-MsoNoSpacing\">Como atender os idosos de forma segura em tempos de pandemia? Esse foi um dos desafios que o governo do prefeito Jos\u00e9 Bonif\u00e1cio (PDT) encarou de frente ao assumir a prefeitura de Cabo Frio, em janeiro de 2021. Desde ent\u00e3o, a Secretaria Municipal da Melhor Idade vem buscando formas de manter contato com este p\u00fablico, tirar d\u00favidas e prestar servi\u00e7os de forma totalmente segura. Nos 100 dias de governo, a pasta realizou 569 atendimentos, sendo 314 no primeiro distrito e 255 em Tamoios. Detalhe: tudo de forma online, via Whatsapp.<\/p>\n<p class=\"yiv1961169536gmail-MsoNoSpacing\">De acordo com a secret\u00e1ria respons\u00e1vel pela pasta, Delamar Sant\u2019Anna, muitos idosos j\u00e1 usam o aplicativo para se relacionar com parentes e amigos, ent\u00e3o, aproveitando essa familiaridade, a Secretaria da Melhor Idade, atualizou os dados cadastrais das pessoas assistidas, e criou grupos no Whatsapp, que j\u00e1 contam com 400 participantes.<\/p>\n<p class=\"yiv1961169536gmail-MsoNoSpacing\">\u201cTodos recebem regularmente dois v\u00eddeos semanais realizados por profissionais de Educa\u00e7\u00e3o F\u00edsica, com aulas de alongamento, flexibilidade, equil\u00edbrio e coordena\u00e7\u00e3o motora. Todas essas atividades foram adaptadas para que os idosos desenvolvessem protegidos nas pr\u00f3prias resid\u00eancias, al\u00e9m de se relacionarem por meio dos grupos de Whatsapp. Os exerc\u00edcios visam evitar a perda de massa \u00f3ssea, minimizando o ganho de peso corporal e evitando tamb\u00e9m o agravamento de doen\u00e7as j\u00e1 existentes, al\u00e9m de prevenir les\u00f5es, quedas e depress\u00e3o, uma vez que todos est\u00e3o em isolamento social\u201d, explica Delamar.<\/p>\n<p class=\"yiv1961169536gmail-MsoNoSpacing\">Ainda segundo ela, com o objetivo de preservar a sa\u00fade dos idosos e evitar a exposi\u00e7\u00e3o ao coronav\u00edrus a Secretaria Municipal da Melhor Idade providenciou a reativa\u00e7\u00e3o da linha telef\u00f4nica (22) 3199-9236 para orienta\u00e7\u00f5es, d\u00favidas e encaminhamentos.<\/p>\n<p class=\"yiv1961169536gmail-MsoNoSpacing\">Nos primeiros tr\u00eas meses do governo, em Cabo Frio e Tamoios, a Secretaria da Melhor Idade fez 185 cadastros para a emiss\u00e3o do cart\u00e3o do estacionamento do idoso, dos quais foram entregues 128 novos cart\u00f5es e 14 segundas vias. Ainda segundo Delamar, 43 aguardam a libera\u00e7\u00e3o da Secretaria Municipal de Mobilidade Urbana e em breve ser\u00e3o entregues aos solicitantes.<\/p>\n<p class=\"yiv1961169536gmail-MsoNoSpacing\">\u201cEm 100 dias, as equipes da Melhor Idade de Cabo Frio e Tamoios realizaram 178 atendimentos em que foram solicitadas informa\u00e7\u00f5es sobre direitos dos idosos, benef\u00edcios, oficinas e atividades desenvolvidas pela secretaria, al\u00e9m de orienta\u00e7\u00f5es gerais. Al\u00e9m disso, realizamos 44 encaminhamentos de idosos para a Secretaria Municipal de Sa\u00fade, para o Centro de Refer\u00eancia de Assist\u00eancia Social (CRAS) e para o Centro de Refer\u00eancia Especializado de Assist\u00eancia Social (CREAS). Nossos t\u00e9cnicos atenderam a 65 pessoas, fornecendo orienta\u00e7\u00f5es jur\u00eddicas e de assist\u00eancia social. E via telefone, foram feitos 108 atendimentos\u201d, contabilizou a secret\u00e1ria da Melhor Idade.<\/p>\n<p class=\"yiv1961169536gmail-MsoNoSpacing\"><strong>\u00a0<\/strong><strong>Lar da Cidinha<\/strong><\/p>\n<p class=\"yiv1961169536gmail-MsoNoSpacing\">A Prefeitura de Cabo Frio, desde 17 de dezembro de 2020, passou a administrar a Institui\u00e7\u00e3o de Longa Perman\u00eancia para Idosos (ILPI) Maria de Carvalho Gallo. Com isso, o Lar da Cidinha, como \u00e9 mais conhecido, passou a ser um equipamento da Secretaria Municipal da Melhor Idade. O Lar da Cidinha, desde o ano passado, funciona no pr\u00e9dio novo que fica na Estrada Velha de B\u00fazios, entre os bairros Tangar\u00e1 e Jardim Per\u00f3. Atualmente, a institui\u00e7\u00e3o abriga 18 idosos. Todos eles j\u00e1 foram imunizados contra a Covid-19, assim como os 41 funcion\u00e1rios que trabalham no local.<\/p>\n<p class=\"yiv1961169536gmail-MsoNoSpacing\">\u201c\u00c9 um grande presente trabalhar em conjunto com a Dorinha na administra\u00e7\u00e3o do Lar da Cidinha. Hoje, todos os idosos que moram na institui\u00e7\u00e3o t\u00eam total assist\u00eancia m\u00e9dica, nutricional e psicol\u00f3gica. Eles foram os primeiros a serem imunizados contra a Covid-19, assim como toda a equipe que trabalha na institui\u00e7\u00e3o. A pedido do prefeito Jos\u00e9 Bonif\u00e1cio, estamos sempre trabalhando para melhorar o atendimento no Lar da Cidinha\u201d, finalizou.<\/p>\n<!-- AddThis Advanced Settings generic via filter on the_content --><!-- AddThis Share Buttons generic via filter on the_content -->","protected":false},"excerpt":{"rendered":"<p>Idosos recebem v\u00eddeos semanais com orienta\u00e7\u00f5es de profissionais de educa\u00e7\u00e3o f\u00edsica para a realiza\u00e7\u00e3o de atividades Como atender os idosos de forma segura em tempos de pandemia? Esse foi um dos desafios que o governo do prefeito Jos\u00e9 Bonif\u00e1cio (PDT) encarou de frente ao assumir a prefeitura de Cabo Frio, em janeiro de 2021. Desde&#8230;<!-- AddThis Advanced Settings generic via filter on wp_trim_excerpt --><!-- AddThis Share Buttons generic via filter on wp_trim_excerpt --><\/p>\n","protected":false},"author":17,"featured_media":77579,"comment_status":"closed","ping_status":"closed","sticky":false,"template":"","format":"standard","meta":{"_monsterinsights_skip_tracking":false,"_monsterinsights_sitenote_active":false,"_monsterinsights_sitenote_note":"","_monsterinsights_sitenote_category":0,"_uf_show_specific_survey":0,"_uf_disable_surveys":false,"footnotes":""},"categories":[1390],"tags":[3348,3068,3378],"class_list":["post-77578","post","type-post","status-publish","format-standard","has-post-thumbnail","hentry","category-editorias","tag-covid-19","tag-jose-bonifacio","tag-pandemia"],"acf":[],"_links":{"self":[{"href":"https:\/\/pdt-rj.org.br\/index.php\/wp-json\/wp\/v2\/posts\/77578","targetHints":{"allow":["GET"]}}],"collection":[{"href":"https:\/\/pdt-rj.org.br\/index.php\/wp-json\/wp\/v2\/posts"}],"about":[{"href":"https:\/\/pdt-rj.org.br\/index.php\/wp-json\/wp\/v2\/types\/post"}],"author":[{"embeddable":true,"href":"https:\/\/pdt-rj.org.br\/index.php\/wp-json\/wp\/v2\/users\/17"}],"replies":[{"embeddable":true,"href":"https:\/\/pdt-rj.org.br\/index.php\/wp-json\/wp\/v2\/comments?post=77578"}],"version-history":[{"count":1,"href":"https:\/\/pdt-rj.org.br\/index.php\/wp-json\/wp\/v2\/posts\/77578\/revisions"}],"predecessor-version":[{"id":77580,"href":"https:\/\/pdt-rj.org.br\/index.php\/wp-json\/wp\/v2\/posts\/77578\/revisions\/77580"}],"wp:featuredmedia":[{"embeddable":true,"href":"https:\/\/pdt-rj.org.br\/index.php\/wp-json\/wp\/v2\/media\/77579"}],"wp:attachment":[{"href":"https:\/\/pdt-rj.org.br\/index.php\/wp-json\/wp\/v2\/media?parent=77578"}],"wp:term":[{"taxonomy":"category","embeddable":true,"href":"https:\/\/pdt-rj.org.br\/index.php\/wp-json\/wp\/v2\/categories?post=77578"},{"taxonomy":"post_tag","embeddable":true,"href":"https:\/\/pdt-rj.org.br\/index.php\/wp-json\/wp\/v2\/tags?post=77578"}],"curies":[{"name":"wp","href":"https:\/\/api.w.org\/{rel}","templated":true}]}}