{"id":77571,"date":"2021-04-27T11:53:06","date_gmt":"2021-04-27T14:53:06","guid":{"rendered":"http:\/\/pdt-rj.org.br\/?p=77571"},"modified":"2021-04-27T11:53:06","modified_gmt":"2021-04-27T14:53:06","slug":"axel-grael-destina-r-1-milhao-para-retomada-economica-do-setor-cultural-em-niteroi-rj","status":"publish","type":"post","link":"https:\/\/pdt-rj.org.br\/index.php\/axel-grael-destina-r-1-milhao-para-retomada-economica-do-setor-cultural-em-niteroi-rj\/","title":{"rendered":"Axel Grael destina R$ 1 milh\u00e3o para retomada econ\u00f4mica do setor cultural em Niter\u00f3i (RJ)"},"content":{"rendered":"<p>O prefeito de Niter\u00f3i (RJ), Axel Grael (PDT), e o secret\u00e1rio municipal das Culturas, Leonardo Giordano, se reuniram na \u00faltima sexta-feira (23), de forma virtual, com os 50 representantes dos projetos contemplados no edital de Retomada Econ\u00f4mica do Setor Cultural. Cada um dos projetos selecionados vai receber R$ 20 mil, totalizando R$ 1 milh\u00e3o para a cultura da cidade. A iniciativa tem o objetivo de minimizar o impacto econ\u00f4mico da pandemia para os trabalhadores da cultura.<\/p>\n<p>Foram mais de 800 projetos inscritos. 85% dos bairros de Niter\u00f3i participaram do edital e 21 sendo projetos escolhidos. 58% das empresas selecionadas possuem representantes legais mulheres e 46% possuem representantes legais negros. Al\u00e9m disso, os projetos abrangem 14 tipos diferentes de linguagens culturais (quadrinho, circo, mem\u00f3ria, arte urbana, carnaval, m\u00fasica, teatro, etc).<\/p>\n<p>O prefeito Axel Grael afirmou que, mesmo dentro do contexto da pandemia, \u00e9 preciso manter a atividade cultural vibrante. Ele lembrou que Niter\u00f3i \u00e9 hoje uma das cidades que mais investem em cultura no pa\u00eds.<\/p>\n<p>\u201cEnquanto outras cidades est\u00e3o fechando cinemas e teatros, recentemente abrimos um equipamento importante, que \u00e9 a Sala Nelson Pereira dos Santos. Por isso mesmo, \u00e9 um orgulho ver o resultado desse edital. Os projetos selecionados est\u00e3o distribu\u00eddos por todo o territ\u00f3rio de Niter\u00f3i. E um dos nossos desafios \u00e9 exatamente levar a cultura para toda a cidade. Eu e o secret\u00e1rio Leonardo Giordano estamos empenhados em preparar novos equipamentos na Zona Norte, para que toda a produ\u00e7\u00e3o cultural da cidade esteja distribu\u00edda da forma mais democr\u00e1tica poss\u00edvel\u201d, destacou o prefeito.<\/p>\n<p>O secret\u00e1rio das Culturas de Niter\u00f3i, Leonardo Giordano, antecipou que novos editais est\u00e3o previstos. Ele lembrou que artistas, produtores, t\u00e9cnicos, diversos trabalhadores e espa\u00e7os culturais tiveram suas atividades suspensas por conta da pandemia do coronav\u00edrus.<\/p>\n<p>\u201cTemos muito orgulho do resultado deste edital. Esses investimentos em cultura s\u00e3o uma decis\u00e3o estrat\u00e9gica da Prefeitura de Niter\u00f3i pensando em toda a cadeia produtiva do setor. Estamos animados com esses projetos, pensando tamb\u00e9m no importante impacto que eles ter\u00e3o na popula\u00e7\u00e3o de Niter\u00f3i, especialmente em um momento t\u00e3o dif\u00edcil como o que passamos com a pandemia\u201d, disse o secret\u00e1rio.<\/p>\n<p>Os projetos foram selecionados por uma banca de especialistas de fora da cidade, para evitar o envolvimento dos julgadores com os candidatos e assegurar transpar\u00eancia no processo. Al\u00e9m disso, o sistema disponibilizado pela Secretaria de Planejamento permitiu que os \u00f3rg\u00e3os de controle acompanhassem todas as etapas da sele\u00e7\u00e3o. Os projetos classificados que n\u00e3o foram selecionados v\u00e3o compor a lista de suplentes.<\/p>\n<p>Um dos selecionados, Jos\u00e9 Geraldo Dem\u00e9zio, coordenador geral da Oficina Social de Teatro e da Oficina Social de Produ\u00e7\u00f5es Art\u00edsticas, falou um pouco sobre o projeto que ser\u00e1 desenvolvido com os recursos proporcionados pelo edital.<\/p>\n<p>\u201cN\u00f3s vamos homenagear a atriz, diretora e professora de teatro Erika Ferreira, que morreu em mar\u00e7o de 2020, v\u00edtima da Covid-19. Ela foi colaboradora da Oficina Social de Teatro por dez anos, e ter\u00e1 sua hist\u00f3ria contada atrav\u00e9s de um document\u00e1rio ficcional com a participa\u00e7\u00e3o de tr\u00eas mulheres negras que foram alunas da institui\u00e7\u00e3o e hoje trabalham com cultura em Niter\u00f3i\u201d, explicou.<\/p>\n<p>Para acessar o resultado, com a lista dos projetos selecionados, basta entrar no portal da SMC, no endere\u00e7o\u00a0<a href=\"http:\/\/culturaniteroi.com.br\/chamadas\/\" target=\"_blank\" rel=\"noreferrer noopener\">http:\/\/culturaniteroi.com.br\/chamadas\/<\/a>. Em caso de d\u00favidas, entrar em contato atrav\u00e9s do e-mail\u00a0<a href=\"mailto:retomadaculturalniteroi@gmail.com\" target=\"_blank\" rel=\"noreferrer noopener\">retomadaculturalniteroi@gmail.com<\/a>.<\/p>\n<p><strong>Pr\u00f3ximos editais<\/strong><\/p>\n<p>A Prefeitura de Niter\u00f3i j\u00e1 anunciou cinco novos editais, que ser\u00e3o lan\u00e7ados em breve e v\u00e3o destinar R$ 1,1 milh\u00e3o ao setor. Ser\u00e3o quatro chamadas p\u00fablicas: para projetos in\u00e9ditos de pessoas f\u00edsicas, para consultorias especializadas, que dar\u00e3o apoio aos selecionados, para iniciativas j\u00e1 existentes e para aquisi\u00e7\u00e3o de conte\u00fados produzidos por artistas de Niter\u00f3i. Os investimentos fazem parte do Plano de A\u00e7\u00f5es Emergenciais \u2013 Cultura \u00e9 um Direito, desenvolvido pela Prefeitura de Niter\u00f3i, por meio da Secretaria Municipal das Culturas (SMC). A expectativa \u00e9 que mais de mil trabalhadores de cultura da cidade sejam contemplados por esses editais.<\/p>\n<!-- AddThis Advanced Settings generic via filter on the_content --><!-- AddThis Share Buttons generic via filter on the_content -->","protected":false},"excerpt":{"rendered":"<p>O prefeito de Niter\u00f3i (RJ), Axel Grael (PDT), e o secret\u00e1rio municipal das Culturas, Leonardo Giordano, se reuniram na \u00faltima sexta-feira (23), de forma virtual, com os 50 representantes dos projetos contemplados no edital de Retomada Econ\u00f4mica do Setor Cultural. Cada um dos projetos selecionados vai receber R$ 20 mil, totalizando R$ 1 milh\u00e3o para&#8230;<!-- AddThis Advanced Settings generic via filter on wp_trim_excerpt --><!-- AddThis Share Buttons generic via filter on wp_trim_excerpt --><\/p>\n","protected":false},"author":17,"featured_media":77575,"comment_status":"closed","ping_status":"closed","sticky":false,"template":"","format":"standard","meta":{"_monsterinsights_skip_tracking":false,"_monsterinsights_sitenote_active":false,"_monsterinsights_sitenote_note":"","_monsterinsights_sitenote_category":0,"_uf_show_specific_survey":0,"_uf_disable_surveys":false,"footnotes":""},"categories":[1390,1402],"tags":[4025,4706,4545,4705,4707],"class_list":["post-77571","post","type-post","status-publish","format-standard","has-post-thumbnail","hentry","category-editorias","category-cidades","tag-axel-grael","tag-impacto-economico","tag-prefeitura-de-niteroi-rj","tag-retomada-economica-do-setor-cultural","tag-sala-nelson-pereira-dos-santos"],"acf":[],"_links":{"self":[{"href":"https:\/\/pdt-rj.org.br\/index.php\/wp-json\/wp\/v2\/posts\/77571","targetHints":{"allow":["GET"]}}],"collection":[{"href":"https:\/\/pdt-rj.org.br\/index.php\/wp-json\/wp\/v2\/posts"}],"about":[{"href":"https:\/\/pdt-rj.org.br\/index.php\/wp-json\/wp\/v2\/types\/post"}],"author":[{"embeddable":true,"href":"https:\/\/pdt-rj.org.br\/index.php\/wp-json\/wp\/v2\/users\/17"}],"replies":[{"embeddable":true,"href":"https:\/\/pdt-rj.org.br\/index.php\/wp-json\/wp\/v2\/comments?post=77571"}],"version-history":[{"count":4,"href":"https:\/\/pdt-rj.org.br\/index.php\/wp-json\/wp\/v2\/posts\/77571\/revisions"}],"predecessor-version":[{"id":77576,"href":"https:\/\/pdt-rj.org.br\/index.php\/wp-json\/wp\/v2\/posts\/77571\/revisions\/77576"}],"wp:featuredmedia":[{"embeddable":true,"href":"https:\/\/pdt-rj.org.br\/index.php\/wp-json\/wp\/v2\/media\/77575"}],"wp:attachment":[{"href":"https:\/\/pdt-rj.org.br\/index.php\/wp-json\/wp\/v2\/media?parent=77571"}],"wp:term":[{"taxonomy":"category","embeddable":true,"href":"https:\/\/pdt-rj.org.br\/index.php\/wp-json\/wp\/v2\/categories?post=77571"},{"taxonomy":"post_tag","embeddable":true,"href":"https:\/\/pdt-rj.org.br\/index.php\/wp-json\/wp\/v2\/tags?post=77571"}],"curies":[{"name":"wp","href":"https:\/\/api.w.org\/{rel}","templated":true}]}}