{"id":77563,"date":"2021-04-26T21:28:15","date_gmt":"2021-04-27T00:28:15","guid":{"rendered":"http:\/\/pdt-rj.org.br\/?p=77563"},"modified":"2021-04-29T16:17:54","modified_gmt":"2021-04-29T19:17:54","slug":"ciro-gomes-bolsonaro-e-uma-excrescencia-humana-e-politica-a-ser-banida","status":"publish","type":"post","link":"https:\/\/pdt-rj.org.br\/index.php\/ciro-gomes-bolsonaro-e-uma-excrescencia-humana-e-politica-a-ser-banida\/","title":{"rendered":"Ciro Gomes: \u201cBolsonaro \u00e9 uma excresc\u00eancia humana e pol\u00edtica a ser banida\u201d"},"content":{"rendered":"<p>A pandemia vai passar, muito mais tardia e devastadoramente do que precisava ser entre n\u00f3s, gra\u00e7as ao comportamento genocida e dramaticamente incompetente de Bolsonaro. E a\u00ed? A\u00ed restar\u00e1 o luto pelo mais de meio milh\u00e3o de mortos que choraremos e uma terra arrasada por reconstruir. Quem sabe consigamos estabelecer um debate, sem gritos e interdi\u00e7\u00f5es, para elaborarmos um bom diagn\u00f3stico da nossa crise, condi\u00e7\u00e3o essencial para tentarmos as solu\u00e7\u00f5es nada f\u00e1ceis, mas perfeitamente poss\u00edveis, ainda, para o nosso futuro enquanto na\u00e7\u00e3o.<\/p>\n<p>Alguns n\u00fameros para caracterizar o estado de terra arrasada que Bolsonaro e suas anteced\u00eancias nos impuseram: 14,2% \u00e9 a taxa de desemprego aberto, com o maior n\u00famero de desempregados da hist\u00f3ria. S\u00e3o 34 milh\u00f5es os brasileiros e brasileiras empurrados para a informalidade. Entre novembro de 2020 e janeiro deste ano, 81% das novas ocupa\u00e7\u00f5es eram informais. Menor poder de compra do sal\u00e1rio m\u00ednimo (mensurado em cestas b\u00e1sicas) dos \u00faltimos 12 anos. IGPM (infla\u00e7\u00e3o do atacado) de 31%, um dos maiores desde o Plano Real, que ajudei a consolidar (s\u00f3 \u00e9 menor que a infla\u00e7\u00e3o do in\u00edcio do governo Lula). A economia brasileira caiu da nona posi\u00e7\u00e3o mundial para a 12\u00aa e representa 2,4% do PIB do planeta, praticamente a metade do que representava em 1980 (4,3%) em d\u00f3lar, a moeda de convers\u00e3o internacional.<\/p>\n<p>Mais: o PIB brasileiro caiu 24% no ano passado. A propor\u00e7\u00e3o da perda em d\u00f3lar na Bolsa de Valores foi muito pr\u00f3xima (20%). O real \u00e9 a moeda que mais se desvaloriza no mundo entre as economias organizadas. O investimento \u00e9 um dos menores desde os anos 1960. O d\u00e9ficit nas contas do governo, abstra\u00edda a contabilidade criativa disfar\u00e7ada de \u201cor\u00e7amento de guerra\u201d, PEC emergencial ou lei de or\u00e7amento, que n\u00e3o \u201cprev\u00ea\u201d gastos obrigat\u00f3rios, ou seja, a diferen\u00e7a entre o que entrou no caixa do Tesouro e o que foi gasto nos \u00faltimos 12 meses, se aproxima de 900 bilh\u00f5es de reais. A d\u00edvida p\u00fablica cavalga c\u00e9lere para os assustadores 100% do PIB. Vivemos a maior fuga de capitais da hist\u00f3ria moderna e a maior inadimpl\u00eancia dos indiv\u00edduos (67% das fam\u00edlias ) e das empresas (6 milh\u00f5es no Serasa) da hist\u00f3ria. Ufa\u2026 Desculpe, caro leitor, se parece um exagero. S\u00e3o n\u00fameros. Mas a cole\u00e7\u00e3o macabra aqui exposta ainda n\u00e3o convenceu parte de nossa elite de que o fundo do po\u00e7o chegou.<\/p>\n<p>Considero que Bolsonaro \u00e9 uma excresc\u00eancia humana e pol\u00edtica a ser banida da vida republicana pelos caminhos do Estado de Direito democr\u00e1tico. Luto por seu impeachment pelos continuados crimes de responsabilidade que tem cometido. Se o Congresso n\u00e3o cumprir o seu dever, pretendo derrot\u00e1-lo nas urnas no ano que vem. Para entendermos, entretanto, o tamanho do nosso problema e acharmos o caminho da solu\u00e7\u00e3o \u00e9 necess\u00e1rio que se diga com franqueza: Bolsonaro e Guedes agravam, e muito, o problema, mas este n\u00e3o foi criado por eles. \u00c9 honesto que se entendam as consequ\u00eancias da pandemia sobre esses n\u00fameros, embora, especialmente na pandemia, Bolsonaro tenha abusado de incompet\u00eancia e conduta genocida.<\/p>\n<p>O que quero dizer os n\u00fameros ajudar\u00e3o a entender: o problema brasileiro \u00e9 estrutural e demanda o abandono do modelo de economia pol\u00edtica que adotamos ap\u00f3s a Constitui\u00e7\u00e3o de 1988. N\u00e3o por ela ter anunciado, entre muitas contradi\u00e7\u00f5es, um generoso Estado de Bem-Estar Social nunca entregue. Mas pela rendi\u00e7\u00e3o tosca e mal reflexiva \u00e0 propaganda ideol\u00f3gica neoliberal que nos foi vendida como ci\u00eancia boa e, pior, a vergonhosa prostra\u00e7\u00e3o de todas as for\u00e7as pol\u00edticas brasileiras ao longo das \u00faltimas quatro d\u00e9cadas ao rentismo e \u00e0 agiotagem oficial, viciando a na\u00e7\u00e3o nos juros mais altos do mundo, em detrimento de uma cultura de parcim\u00f4nia, austeridade, trabalho duro e produ\u00e7\u00e3o. Ao povo se ofereceram migalhas de pol\u00edticas sociais compensat\u00f3rias ou r\u00e1pidos ciclos de consumismo ilus\u00f3rio logo seguidos de quebras.<\/p>\n<p>Entre 1945 e 1980, o Brasil cresceu 7,34% ao ano, em m\u00e9dia. Entre 1981, quando o velho modelo foi assassinado pela alta dos juros internacionais, os choques do petr\u00f3leo, a ditadura e o in\u00edcio da acelera\u00e7\u00e3o da estonteante revolu\u00e7\u00e3o tecnol\u00f3gica, e 2010 (elei\u00e7\u00e3o de Dilma Roussef), o Pa\u00eds despencou para 2,7% de crescimento m\u00e9dio anual. Entre 2011 e 2020, o sinal definitivo, outro, do fundo do po\u00e7o: tivemos a pior d\u00e9cada em mat\u00e9ria de crescimento em 120 anos (m\u00e9dia de 0,3% ao ano). Foram seis anos de PT, dois de Temer e dois de Bolsonaro, a demonstrar que o nosso problema n\u00e3o \u00e9 trocar Chico por Man\u00e9 ou Maria.<\/p>\n<p>O tra\u00e7o comum foi o modelo econ\u00f4mico. \u00c9 isto que tem de ser debatido. E mudado. O Brasil traz ao mundo quase 3 milh\u00f5es de beb\u00eas por ano, apesar de estarmos envelhecendo rapidamente, de tanto arrocho. N\u00e3o crescer \u00e9 condenar milhares \u00e0 morte. Crescer de qualquer jeito tamb\u00e9m n\u00e3o interessa, crescer destruindo o planeta, n\u00e3o pode\u2026 Como faz\u00ea-lo? Comecemos por abandonar o \u201cpassado (que) \u00e9 uma roupa que n\u00e3o nos serve mais\u201d. Seguiremos a propor as bases de um novo projeto nacional de desenvolvimento.<\/p>\n<p>&nbsp;<\/p>\n<p><em><b>*Ciro Gomes \u00e9 ex-governador do Cear\u00e1, vice-presidente nacional do PDT e pr\u00e9-candidato a presidente da Rep\u00fablica.<\/b><\/em><\/p>\n<!-- AddThis Advanced Settings generic via filter on the_content --><!-- AddThis Share Buttons generic via filter on the_content -->","protected":false},"excerpt":{"rendered":"<p>A pandemia vai passar, muito mais tardia e devastadoramente do que precisava ser entre n\u00f3s, gra\u00e7as ao comportamento genocida e dramaticamente incompetente de Bolsonaro. E a\u00ed? A\u00ed restar\u00e1 o luto pelo mais de meio milh\u00e3o de mortos que choraremos e uma terra arrasada por reconstruir. Quem sabe consigamos estabelecer um debate, sem gritos e interdi\u00e7\u00f5es,&#8230;<!-- AddThis Advanced Settings generic via filter on wp_trim_excerpt --><!-- AddThis Share Buttons generic via filter on wp_trim_excerpt --><\/p>\n","protected":false},"author":17,"featured_media":77564,"comment_status":"closed","ping_status":"closed","sticky":false,"template":"","format":"standard","meta":{"_monsterinsights_skip_tracking":false,"_monsterinsights_sitenote_active":false,"_monsterinsights_sitenote_note":"","_monsterinsights_sitenote_category":0,"_uf_show_specific_survey":0,"_uf_disable_surveys":false,"footnotes":""},"categories":[1584,1390],"tags":[220],"class_list":["post-77563","post","type-post","status-publish","format-standard","has-post-thumbnail","hentry","category-artigos","category-editorias","tag-ciro-gomes"],"acf":[],"_links":{"self":[{"href":"https:\/\/pdt-rj.org.br\/index.php\/wp-json\/wp\/v2\/posts\/77563","targetHints":{"allow":["GET"]}}],"collection":[{"href":"https:\/\/pdt-rj.org.br\/index.php\/wp-json\/wp\/v2\/posts"}],"about":[{"href":"https:\/\/pdt-rj.org.br\/index.php\/wp-json\/wp\/v2\/types\/post"}],"author":[{"embeddable":true,"href":"https:\/\/pdt-rj.org.br\/index.php\/wp-json\/wp\/v2\/users\/17"}],"replies":[{"embeddable":true,"href":"https:\/\/pdt-rj.org.br\/index.php\/wp-json\/wp\/v2\/comments?post=77563"}],"version-history":[{"count":2,"href":"https:\/\/pdt-rj.org.br\/index.php\/wp-json\/wp\/v2\/posts\/77563\/revisions"}],"predecessor-version":[{"id":77617,"href":"https:\/\/pdt-rj.org.br\/index.php\/wp-json\/wp\/v2\/posts\/77563\/revisions\/77617"}],"wp:featuredmedia":[{"embeddable":true,"href":"https:\/\/pdt-rj.org.br\/index.php\/wp-json\/wp\/v2\/media\/77564"}],"wp:attachment":[{"href":"https:\/\/pdt-rj.org.br\/index.php\/wp-json\/wp\/v2\/media?parent=77563"}],"wp:term":[{"taxonomy":"category","embeddable":true,"href":"https:\/\/pdt-rj.org.br\/index.php\/wp-json\/wp\/v2\/categories?post=77563"},{"taxonomy":"post_tag","embeddable":true,"href":"https:\/\/pdt-rj.org.br\/index.php\/wp-json\/wp\/v2\/tags?post=77563"}],"curies":[{"name":"wp","href":"https:\/\/api.w.org\/{rel}","templated":true}]}}