{"id":77544,"date":"2021-04-24T15:00:13","date_gmt":"2021-04-24T18:00:13","guid":{"rendered":"http:\/\/pdt-rj.org.br\/?p=77544"},"modified":"2021-04-24T15:02:34","modified_gmt":"2021-04-24T18:02:34","slug":"brasil-sem-trabalho","status":"publish","type":"post","link":"https:\/\/pdt-rj.org.br\/index.php\/brasil-sem-trabalho\/","title":{"rendered":"Brasil sem trabalho"},"content":{"rendered":"<h3><em>Caf\u00e9 com Lupi fala sobre desmonte das leis trabalhistas e pior crise do emprego no pa\u00eds<\/em><\/h3>\n<h3><em>\u00a0<\/em><\/h3>\n<p>O coordenador de Trabalho e Renda de Niter\u00f3i e ex-ministro do Trabalho, Brizola Neto, e a deputada federal Fl\u00e1via Morais foram os convidados do Caf\u00e9 com Lupi deste s\u00e1bado (24). Nesta edi\u00e7\u00e3o, o programa liderado por Carlos Lupi, presidente nacional do PDT, abordou do desmonte das leis trabalhistas \u00e0 necess\u00e1ria presen\u00e7a da mulher na pol\u00edtica.<\/p>\n<p>Lupi, que tamb\u00e9m foi ministro do Trabalho e Emprego \u2013 o que mais gerou empregos \u2013, falou sobre o fim do Minist\u00e9rio. De acordo com ele, Bolsonaro extinguiu a pasta com o principal objetivo de entregar ao Minist\u00e9rio da Economia o Fundo de Garantia por Tempo de Servi\u00e7o (FGTS) e o Fundo de Amparo ao Trabalhador (FAT).<\/p>\n<p>\u201cO profeta da ignor\u00e2ncia que est\u00e1 na presid\u00eancia da Rep\u00fablica acabou com o Minist\u00e9rio do Tralho para tirar os dois grandes fundos. O dinheiro do Fundo de Garantia por Tempo de Servi\u00e7o e do Fundo de Amparo ao Trabalhador ficaram nas finan\u00e7as, no sistema econ\u00f4mico, sob o comando do [Paulo] Guedes. \u00c9 a raposa cuidando do galinheiro\u201d, afirmou o presidente nacional do PDT.<\/p>\n<p>Na an\u00e1lise de Brizola Neto, a extin\u00e7\u00e3o do MTE foi crucial para o retrocesso nas leis trabalhistas. O pedetista afirmou ainda que a desidrata\u00e7\u00e3o de pol\u00edticas voltas ao trabalho e emprego \u00e9 tamb\u00e9m um ataque ao legado trabalhista iniciado ainda no governo de Get\u00falio Vargas e resulta na maior crise do emprego j\u00e1 vivida pelo pa\u00eds.<\/p>\n<p>\u201cO desmonte do Minist\u00e9rio do Trabalho \u00e9 mais uma etapa desse processo de retirada de direitos, de garantias, que tem colocado o trabalhador brasileiro nessa situa\u00e7\u00e3o. A gente est\u00e1 vivendo a pior crise de emprego de toda a nossa hist\u00f3ria. Pela primeira vez, em toda a s\u00e9rie hist\u00f3rica de indicadores apurados pelo IBGE, o n\u00famero de brasileiros com alguma ocupa\u00e7\u00e3o \u00e9 menor do que o n\u00famero de brasileiros fora da for\u00e7a de trabalho\u201d, explicou Brizola.<\/p>\n<p>No campo legislativo, Fl\u00e1via Morais falou sobre a necessidade de maior participa\u00e7\u00e3o da mulher nas esferas de poder, onde existe uma sub-representa\u00e7\u00e3o do g\u00eanero. Para a deputada, a atua\u00e7\u00e3o feminina na pol\u00edtica deve priorizar o combate \u00e0 viol\u00eancia. A parlamentar \u00e9 autora do PL 976, aprovado na C\u00e2mara por unanimidade, que refor\u00e7a medidas protetivas expedidas em favor da mulher, distribuindo-as para o banco de dados de todos os \u00f3rg\u00e3os policiais.<\/p>\n<p>\u201c\u00c9 importante lembrar que quando a mulher est\u00e1 amea\u00e7ada, com medo de morrer, ela procura ajuda. Essa medida protetiva \u00e9 muito importante. Se ela n\u00e3o for bem aplicada, se n\u00e3o existir, essa mulher, quando denuncia, a\u00ed que ela vai morrer mesmo. Ent\u00e3o essa medida protetiva \u00e9 crucial para proteger a mulher v\u00edtima de viol\u00eancia. S\u00f3 ela vai garantir a vida dessa mulher\u201d, disse a deputada.<\/p>\n<p>Sobre a aprova\u00e7\u00e3o do PL 976 pelo Senado, Fl\u00e1via Morais afirmou que a mat\u00e9ria pede urg\u00eancia, considerando o cen\u00e1rio pand\u00eamico que o pa\u00eds se encontra. De acordo com a deputada, o isolamento social necess\u00e1rio ao combate \u00e0 Covid-19 tem gerado maior n\u00famero de abusos contra a mulher, uma vez em que elas se encontram todo o tempo em casa ao lado dos seus algozes.<\/p>\n<p>&nbsp;<\/p>\n<p>Confira o programa completo abaixo.<\/p>\n<p><iframe loading=\"lazy\" title=\"YouTube video player\" src=\"\/\/www.youtube.com\/embed\/JoY4ShQo28k\" width=\"956\" height=\"538\" frameborder=\"0\" allowfullscreen=\"allowfullscreen\"><\/iframe><\/p>\n<!-- AddThis Advanced Settings generic via filter on the_content --><!-- AddThis Share Buttons generic via filter on the_content -->","protected":false},"excerpt":{"rendered":"<p>Caf\u00e9 com Lupi fala sobre desmonte das leis trabalhistas e pior crise do emprego no pa\u00eds \u00a0 O coordenador de Trabalho e Renda de Niter\u00f3i e ex-ministro do Trabalho, Brizola Neto, e a deputada federal Fl\u00e1via Morais foram os convidados do Caf\u00e9 com Lupi deste s\u00e1bado (24). Nesta edi\u00e7\u00e3o, o programa liderado por Carlos Lupi,&#8230;<!-- AddThis Advanced Settings generic via filter on wp_trim_excerpt --><!-- AddThis Share Buttons generic via filter on wp_trim_excerpt --><\/p>\n","protected":false},"author":17,"featured_media":77545,"comment_status":"closed","ping_status":"closed","sticky":false,"template":"","format":"standard","meta":{"_monsterinsights_skip_tracking":false,"_monsterinsights_sitenote_active":false,"_monsterinsights_sitenote_note":"","_monsterinsights_sitenote_category":0,"_uf_show_specific_survey":0,"_uf_disable_surveys":false,"footnotes":""},"categories":[976],"tags":[1025,3695,183,196,3347,406,561,4703,4704],"class_list":["post-77544","post","type-post","status-publish","format-standard","has-post-thumbnail","hentry","category-noticias-em-destaque","tag-brizola-neto","tag-cafe-com-lupi","tag-camara-dos-deputados","tag-carlos-lupi","tag-congresso","tag-flavia-morais","tag-leis-trabalhistas","tag-mte","tag-pl-976"],"acf":[],"_links":{"self":[{"href":"https:\/\/pdt-rj.org.br\/index.php\/wp-json\/wp\/v2\/posts\/77544","targetHints":{"allow":["GET"]}}],"collection":[{"href":"https:\/\/pdt-rj.org.br\/index.php\/wp-json\/wp\/v2\/posts"}],"about":[{"href":"https:\/\/pdt-rj.org.br\/index.php\/wp-json\/wp\/v2\/types\/post"}],"author":[{"embeddable":true,"href":"https:\/\/pdt-rj.org.br\/index.php\/wp-json\/wp\/v2\/users\/17"}],"replies":[{"embeddable":true,"href":"https:\/\/pdt-rj.org.br\/index.php\/wp-json\/wp\/v2\/comments?post=77544"}],"version-history":[{"count":2,"href":"https:\/\/pdt-rj.org.br\/index.php\/wp-json\/wp\/v2\/posts\/77544\/revisions"}],"predecessor-version":[{"id":77547,"href":"https:\/\/pdt-rj.org.br\/index.php\/wp-json\/wp\/v2\/posts\/77544\/revisions\/77547"}],"wp:featuredmedia":[{"embeddable":true,"href":"https:\/\/pdt-rj.org.br\/index.php\/wp-json\/wp\/v2\/media\/77545"}],"wp:attachment":[{"href":"https:\/\/pdt-rj.org.br\/index.php\/wp-json\/wp\/v2\/media?parent=77544"}],"wp:term":[{"taxonomy":"category","embeddable":true,"href":"https:\/\/pdt-rj.org.br\/index.php\/wp-json\/wp\/v2\/categories?post=77544"},{"taxonomy":"post_tag","embeddable":true,"href":"https:\/\/pdt-rj.org.br\/index.php\/wp-json\/wp\/v2\/tags?post=77544"}],"curies":[{"name":"wp","href":"https:\/\/api.w.org\/{rel}","templated":true}]}}