{"id":77541,"date":"2021-04-23T01:01:27","date_gmt":"2021-04-23T04:01:27","guid":{"rendered":"http:\/\/pdt-rj.org.br\/?p=77541"},"modified":"2021-04-23T01:01:27","modified_gmt":"2021-04-23T04:01:27","slug":"cid-gomes-defende-criacao-de-piso-salarial-para-a-enfermagem","status":"publish","type":"post","link":"https:\/\/pdt-rj.org.br\/index.php\/cid-gomes-defende-criacao-de-piso-salarial-para-a-enfermagem\/","title":{"rendered":"Cid Gomes defende cria\u00e7\u00e3o de piso salarial para a enfermagem"},"content":{"rendered":"<p>O senador Cid Gomes (PDT-CE) participou, nessa quinta-feira (22), de reuni\u00e3o virtual com a vereadora de Fortaleza Enfermeira Ana Paula (PDT) e com a presidente do Sindisa\u00fade, Marta Brand\u00e3o. Ele se comprometeu com a categoria dos enfermeiros em conversar com demais l\u00edderes partid\u00e1rios do Senado Federal para que o projeto de lei n\u00ba 2.564\/2020, que estabelece piso nacional para a enfermagem, seja pautado para vota\u00e7\u00e3o. \u201c\u00c9 o m\u00ednimo que podemos fazer para retribuir o que voc\u00eas t\u00eam feito pelos brasileiros\u201d, afirmou Cid.<\/p>\n<p>O projeto, de autoria do senador Fabiano Contarato (Rede-ES), define piso de R$ 7.315,00 e estabelece que, para jornadas semanais acima das 30 horas, o valor ter\u00e1 que aumentar proporcionalmente. De acordo com a vereadora Ana Paula, essa \u00e9 uma luta antiga da categoria, mas as tentativas anteriores de estabelecer um piso nacional nunca obtiveram sucesso no Congresso Nacional.<\/p>\n<p>Desta vez, o presidente do Senado j\u00e1 designou a senadora Zenaide Maia (PROS-RN) como relatora, mas como as comiss\u00f5es n\u00e3o est\u00e3o funcionando em raz\u00e3o da pandemia da Covid-19, a mat\u00e9ria precisa ser pautada para aprecia\u00e7\u00e3o pelo plen\u00e1rio do Senado. Cid Gomes se comprometeu em ajudar nessa articula\u00e7\u00e3o conversando com os l\u00edderes da Oposi\u00e7\u00e3o, senador Randolfe Rodrigues (Rede-AP); do PSB, senadora Leila Barros (PSB-DF); do Cidadania, senador Alessandro Viana; do bloco Senado Independente, senadora Eliziane Gama (Cidadania-MA) e com o pr\u00f3prio Contarato, que \u00e9 o autor do projeto e tamb\u00e9m \u00e9 l\u00edder da Rede.<\/p>\n<p>Na avalia\u00e7\u00e3o do senador, o momento \u00e9 extremamente oportuno para que o projeto seja apreciado, mas alertou os representantes da categoria que eles precisam estar preparados para a possibilidade de ter que negociar alguns termos da proposta, para que ela seja aprovada sem muitas dificuldades.<\/p>\n<p>Cid tamb\u00e9m avaliou que seria importante a articula\u00e7\u00e3o dos enfermeiros com os demais l\u00edderes partid\u00e1rios do Senado e com institui\u00e7\u00f5es como o Conselho Nacional de Secretarias Municipais de Sa\u00fade (Conasems) e da Confedera\u00e7\u00e3o Nacional de Munic\u00edpios (CNM).<\/p>\n<!-- AddThis Advanced Settings generic via filter on the_content --><!-- AddThis Share Buttons generic via filter on the_content -->","protected":false},"excerpt":{"rendered":"<p>O senador Cid Gomes (PDT-CE) participou, nessa quinta-feira (22), de reuni\u00e3o virtual com a vereadora de Fortaleza Enfermeira Ana Paula (PDT) e com a presidente do Sindisa\u00fade, Marta Brand\u00e3o. Ele se comprometeu com a categoria dos enfermeiros em conversar com demais l\u00edderes partid\u00e1rios do Senado Federal para que o projeto de lei n\u00ba 2.564\/2020, que&#8230;<!-- AddThis Advanced Settings generic via filter on wp_trim_excerpt --><!-- AddThis Share Buttons generic via filter on wp_trim_excerpt --><\/p>\n","protected":false},"author":17,"featured_media":77542,"comment_status":"closed","ping_status":"closed","sticky":false,"template":"","format":"standard","meta":{"_monsterinsights_skip_tracking":false,"_monsterinsights_sitenote_active":false,"_monsterinsights_sitenote_note":"","_monsterinsights_sitenote_category":0,"_uf_show_specific_survey":0,"_uf_disable_surveys":false,"footnotes":""},"categories":[1390],"tags":[211,4702,3348],"class_list":["post-77541","post","type-post","status-publish","format-standard","has-post-thumbnail","hentry","category-editorias","tag-cid-gomes","tag-confederacao-nacional-de-municipios","tag-covid-19"],"acf":[],"_links":{"self":[{"href":"https:\/\/pdt-rj.org.br\/index.php\/wp-json\/wp\/v2\/posts\/77541","targetHints":{"allow":["GET"]}}],"collection":[{"href":"https:\/\/pdt-rj.org.br\/index.php\/wp-json\/wp\/v2\/posts"}],"about":[{"href":"https:\/\/pdt-rj.org.br\/index.php\/wp-json\/wp\/v2\/types\/post"}],"author":[{"embeddable":true,"href":"https:\/\/pdt-rj.org.br\/index.php\/wp-json\/wp\/v2\/users\/17"}],"replies":[{"embeddable":true,"href":"https:\/\/pdt-rj.org.br\/index.php\/wp-json\/wp\/v2\/comments?post=77541"}],"version-history":[{"count":1,"href":"https:\/\/pdt-rj.org.br\/index.php\/wp-json\/wp\/v2\/posts\/77541\/revisions"}],"predecessor-version":[{"id":77543,"href":"https:\/\/pdt-rj.org.br\/index.php\/wp-json\/wp\/v2\/posts\/77541\/revisions\/77543"}],"wp:featuredmedia":[{"embeddable":true,"href":"https:\/\/pdt-rj.org.br\/index.php\/wp-json\/wp\/v2\/media\/77542"}],"wp:attachment":[{"href":"https:\/\/pdt-rj.org.br\/index.php\/wp-json\/wp\/v2\/media?parent=77541"}],"wp:term":[{"taxonomy":"category","embeddable":true,"href":"https:\/\/pdt-rj.org.br\/index.php\/wp-json\/wp\/v2\/categories?post=77541"},{"taxonomy":"post_tag","embeddable":true,"href":"https:\/\/pdt-rj.org.br\/index.php\/wp-json\/wp\/v2\/tags?post=77541"}],"curies":[{"name":"wp","href":"https:\/\/api.w.org\/{rel}","templated":true}]}}