{"id":77536,"date":"2021-04-22T19:22:29","date_gmt":"2021-04-22T22:22:29","guid":{"rendered":"http:\/\/pdt-rj.org.br\/?p=77536"},"modified":"2021-04-22T21:13:27","modified_gmt":"2021-04-23T00:13:27","slug":"pdt-e-fundacao-leonel-brizola-realizam-seminario-nacional-sobre-a-petrobras","status":"publish","type":"post","link":"https:\/\/pdt-rj.org.br\/index.php\/pdt-e-fundacao-leonel-brizola-realizam-seminario-nacional-sobre-a-petrobras\/","title":{"rendered":"PDT e Funda\u00e7\u00e3o Leonel Brizola realizam semin\u00e1rio nacional sobre a Petrobras"},"content":{"rendered":"<div><em><b>Com Carlos Lupi e Ciro Gomes, debates virtuais reunir\u00e3o lideran\u00e7as pol\u00edticas e do setor petrol\u00edfero<\/b><\/em><\/div>\n<div>\n<div class=\"yiv0374956412gmail_quote\">\n<div dir=\"ltr\">\n<p class=\"yiv0374956412MsoNormal\">A Petrobr\u00e1s ser\u00e1 o tema central do semin\u00e1rio virtual promovido pelo PDT em parceria com a Funda\u00e7\u00e3o Leonel Brizola \u2013 Alberto Pasqualini (FLB-AP). Com tr\u00eas pain\u00e9is entre os dias 3, 4 e 5 de maio, a iniciativa coordenada pelo Centro de Mem\u00f3ria Trabalhista (CMT) fomentar\u00e1 o debate com a presen\u00e7a de lideran\u00e7as da pol\u00edtica e do setor petrol\u00edfero nacional.<\/p>\n<p class=\"yiv0374956412MsoNormal\">Na abertura programada para dia 3 de maio, \u00e0s 19h, o presidente nacional do PDT, Carlos Lupi, mediar\u00e1 o debate sobre a intr\u00ednseca rela\u00e7\u00e3o da estatal com a soberania brasileira. Entre os participantes, a presidente nacional do PCdoB e vice-governadora de Pernambuco, Luciana Santos, o ex-ministro das Comunica\u00e7\u00f5es e deputado federal Andr\u00e9 Figueiredo (PDT-CE) e o ex-ministro da Defesa Aldo Rebelo.<\/p>\n<p class=\"yiv0374956412MsoNormal\">Pr\u00e9-candidato a presidente da Rep\u00fablica pelo PDT, Ciro Gomes analisar\u00e1 a hist\u00f3rica contribui\u00e7\u00e3o da Petrobr\u00e1s no desenvolvimento do pa\u00eds ao longo do segundo painel, que ocorrer\u00e1 no dia 4 de maio, \u00e0s 19h. Mediado pelo deputado federal M\u00e1rio Heringer, o encontro tamb\u00e9m ter\u00e1 como convidados a ge\u00f3loga Patr\u00edcia Laier e o engenheiro Felipe Coutinho, ambos da dire\u00e7\u00e3o da Associa\u00e7\u00e3o dos Engenheiros da Petrobr\u00e1s \u2013 AEPET.<\/p>\n<p class=\"yiv8042735952MsoNormal\">O terceiro painel avaliar\u00e1 a \u201cguerra h\u00edbrida\u201d envolvendo a maior companhia do Brasil. No encontro, que marcar\u00e1 o encerramento do evento, o secret\u00e1rio-geral nacional do PDT e presidente da FLB-AP, Manoel Dias, receber\u00e1 o ex-ministro das Rela\u00e7\u00f5es Exteriores e da Defesa, Celso Amorim, o presidente da AEPET, Pedro Pinho, e o jornalista Beto Almeida.<\/p>\n<p class=\"yiv8042735952MsoNormal\">Para o coordenador do CMT, Henrique Matthiesen, o semin\u00e1rio, que integra o projeto \u201cLegados Trabalhistas\u201d, representa uma oportunidade de refor\u00e7ar a fundamental miss\u00e3o da empresa idealizada por Get\u00falio Vargas, em 1953.<\/p>\n<p class=\"yiv8042735952MsoNormal\">\u201cMais que uma simples estatal, ela representa um marco na luta pela independ\u00eancia do Brasil e emancipa\u00e7\u00e3o do povo. \u00c9 necess\u00e1rio abrir espa\u00e7o para debates que evidenciem a luta em prol da preserva\u00e7\u00e3o do patrim\u00f4nio nacional\u201d, afirmou.<\/p>\n<p class=\"yiv8042735952MsoNormal\">Para acompanhar a transmiss\u00e3o ao vivo, acesse o\u00a0<a href=\"https:\/\/www.youtube.com\/channel\/UCYAwy2dgImXNI88uBxLu7kw\" target=\"_blank\" rel=\"nofollow noopener noreferrer\" shape=\"rect\">Youtube<\/a>\u00a0ou o\u00a0<a href=\"http:\/\/www.facebook.com\/centrodememoriatrabalhista\" target=\"_blank\" rel=\"nofollow noopener noreferrer\" shape=\"rect\">Facebook<\/a>.<\/p>\n<\/div>\n<\/div>\n<\/div>\n<!-- AddThis Advanced Settings generic via filter on the_content --><!-- AddThis Share Buttons generic via filter on the_content -->","protected":false},"excerpt":{"rendered":"<p>Com Carlos Lupi e Ciro Gomes, debates virtuais reunir\u00e3o lideran\u00e7as pol\u00edticas e do setor petrol\u00edfero A Petrobr\u00e1s ser\u00e1 o tema central do semin\u00e1rio virtual promovido pelo PDT em parceria com a Funda\u00e7\u00e3o Leonel Brizola \u2013 Alberto Pasqualini (FLB-AP). Com tr\u00eas pain\u00e9is entre os dias 3, 4 e 5 de maio, a iniciativa coordenada pelo Centro&#8230;<!-- AddThis Advanced Settings generic via filter on wp_trim_excerpt --><!-- AddThis Share Buttons generic via filter on wp_trim_excerpt --><\/p>\n","protected":false},"author":17,"featured_media":77537,"comment_status":"closed","ping_status":"closed","sticky":false,"template":"","format":"standard","meta":{"_monsterinsights_skip_tracking":false,"_monsterinsights_sitenote_active":false,"_monsterinsights_sitenote_note":"","_monsterinsights_sitenote_category":0,"_uf_show_specific_survey":0,"_uf_disable_surveys":false,"footnotes":""},"categories":[976],"tags":[34,196,3140,220,3207,426,718],"class_list":["post-77536","post","type-post","status-publish","format-standard","has-post-thumbnail","hentry","category-noticias-em-destaque","tag-andre-figueiredo","tag-carlos-lupi","tag-centro-de-memoria-trabalhista","tag-ciro-gomes","tag-dr-mario-heringer","tag-fundacao-leonel-brizola-alberto-pasqualini","tag-petrobras"],"acf":[],"_links":{"self":[{"href":"https:\/\/pdt-rj.org.br\/index.php\/wp-json\/wp\/v2\/posts\/77536","targetHints":{"allow":["GET"]}}],"collection":[{"href":"https:\/\/pdt-rj.org.br\/index.php\/wp-json\/wp\/v2\/posts"}],"about":[{"href":"https:\/\/pdt-rj.org.br\/index.php\/wp-json\/wp\/v2\/types\/post"}],"author":[{"embeddable":true,"href":"https:\/\/pdt-rj.org.br\/index.php\/wp-json\/wp\/v2\/users\/17"}],"replies":[{"embeddable":true,"href":"https:\/\/pdt-rj.org.br\/index.php\/wp-json\/wp\/v2\/comments?post=77536"}],"version-history":[{"count":3,"href":"https:\/\/pdt-rj.org.br\/index.php\/wp-json\/wp\/v2\/posts\/77536\/revisions"}],"predecessor-version":[{"id":77540,"href":"https:\/\/pdt-rj.org.br\/index.php\/wp-json\/wp\/v2\/posts\/77536\/revisions\/77540"}],"wp:featuredmedia":[{"embeddable":true,"href":"https:\/\/pdt-rj.org.br\/index.php\/wp-json\/wp\/v2\/media\/77537"}],"wp:attachment":[{"href":"https:\/\/pdt-rj.org.br\/index.php\/wp-json\/wp\/v2\/media?parent=77536"}],"wp:term":[{"taxonomy":"category","embeddable":true,"href":"https:\/\/pdt-rj.org.br\/index.php\/wp-json\/wp\/v2\/categories?post=77536"},{"taxonomy":"post_tag","embeddable":true,"href":"https:\/\/pdt-rj.org.br\/index.php\/wp-json\/wp\/v2\/tags?post=77536"}],"curies":[{"name":"wp","href":"https:\/\/api.w.org\/{rel}","templated":true}]}}