{"id":77532,"date":"2021-04-22T18:01:27","date_gmt":"2021-04-22T21:01:27","guid":{"rendered":"http:\/\/pdt-rj.org.br\/?p=77532"},"modified":"2021-04-26T21:39:45","modified_gmt":"2021-04-27T00:39:45","slug":"o-desafio-de-unir-o-brasil","status":"publish","type":"post","link":"https:\/\/pdt-rj.org.br\/index.php\/o-desafio-de-unir-o-brasil\/","title":{"rendered":"O desafio de unir o Brasil"},"content":{"rendered":"<p>H\u00e1 momentos em que a roda da hist\u00f3ria parece t\u00e3o emperrada que, sem a energia de um apaixonado idealismo, seria praticamente imposs\u00edvel faz\u00ea-la voltar a girar.<\/p>\n<p>Houve tempo em que os defensores do voto feminino, do sufr\u00e1gio universal, da aboli\u00e7\u00e3o dos escravos, e da esfericidade da Terra, foram considerados radicais.<\/p>\n<p>A li\u00e7\u00e3o que fica \u00e9 a de que a pol\u00edtica, embora seja a arte do poss\u00edvel, n\u00e3o pode ser jamais a coveira dos sonhos, e o que nos parece imposs\u00edvel hoje, pode n\u00e3o s\u00ea-lo amanh\u00e3.<\/p>\n<p>Tampouco a necess\u00e1ria busca pela modera\u00e7\u00e3o pode se confundir com a resigna\u00e7\u00e3o \u00e0 mediocridade ou com a toler\u00e2ncia \u00e0 injusti\u00e7a.<\/p>\n<p>O PDT tem um projeto nacional de desenvolvimento voltado para o futuro, e o espa\u00e7o pol\u00edtico buscado por Ciro Gomes, hoje, \u00e9 o equil\u00edbrio, o caminho do meio, oferecendo uma alternativa aos \u00f3dios e paix\u00f5es da luta partid\u00e1ria.<\/p>\n<p>Mas isso n\u00e3o exclui a nossa cren\u00e7a de que o Brasil experimenta problemas estruturais t\u00e3o profundos, que precisam ser abordados com radicalidade revolucion\u00e1ria, como a fome, o analfabetismo e o subdesenvolvimento.<\/p>\n<p>Nosso caminho \u00e9 dif\u00edcil. Haver\u00e1 incompreens\u00f5es e ataques, como vemos se desencadear contra Ciro Gomes sempre que ele d\u00e1 uma entrevista na qual procura marcar uma posi\u00e7\u00e3o independente.<\/p>\n<p>Mas \u00e9 um caminho necess\u00e1rio. Algu\u00e9m precisa fazer a cr\u00edtica aos colossais erros do passado recente, que nos conduziram \u00e0 elei\u00e7\u00e3o de Bolsonaro, e ao mesmo tempo deixar claro o nosso compromisso com o trabalho que emancipa, a educa\u00e7\u00e3o que transforma e a justi\u00e7a que liberta!<\/p>\n<p>H\u00e1 uma tentativa implac\u00e1vel, por parte de setores sect\u00e1rios, de ambos os lados ideol\u00f3gicos, de bloquear o florescimento de qualquer alternativa \u00e0 mesma polariza\u00e7\u00e3o apaixonada de 2018. Contra isso o PDT, sob a lideran\u00e7a de Ciro, vem se insurgindo!<\/p>\n<p>O brasileiro precisa ter uma op\u00e7\u00e3o que ponha fim a uma era de intermin\u00e1veis crises pol\u00edticas, e uma volta ao passado apenas reiniciaria o mesmo ciclo de turbul\u00eancia, instabilidade e golpes.<\/p>\n<p>Para unir o Brasil, precisamos de algo novo, capaz de aglutinar campos pol\u00edticos diversos, e n\u00e3o apenas no processo eleitoral, mas principalmente na administra\u00e7\u00e3o, numa converg\u00eancia baseada n\u00e3o no fisiologismo ou na coopta\u00e7\u00e3o, mas num projeto nacional discutido democraticamente com toda a sociedade!<\/p>\n<p>&nbsp;<\/p>\n<p><em><strong>*Andr\u00e9 Figueiredo \u00e9 deputado federal pelo PDT do Cear\u00e1.<\/strong><\/em><\/p>\n<!-- AddThis Advanced Settings generic via filter on the_content --><!-- AddThis Share Buttons generic via filter on the_content -->","protected":false},"excerpt":{"rendered":"<p>H\u00e1 momentos em que a roda da hist\u00f3ria parece t\u00e3o emperrada que, sem a energia de um apaixonado idealismo, seria praticamente imposs\u00edvel faz\u00ea-la voltar a girar. Houve tempo em que os defensores do voto feminino, do sufr\u00e1gio universal, da aboli\u00e7\u00e3o dos escravos, e da esfericidade da Terra, foram considerados radicais. A li\u00e7\u00e3o que fica \u00e9&#8230;<!-- AddThis Advanced Settings generic via filter on wp_trim_excerpt --><!-- AddThis Share Buttons generic via filter on wp_trim_excerpt --><\/p>\n","protected":false},"author":17,"featured_media":77533,"comment_status":"closed","ping_status":"closed","sticky":false,"template":"","format":"standard","meta":{"_monsterinsights_skip_tracking":false,"_monsterinsights_sitenote_active":false,"_monsterinsights_sitenote_note":"","_monsterinsights_sitenote_category":0,"_uf_show_specific_survey":0,"_uf_disable_surveys":false,"footnotes":""},"categories":[1584,1390,976],"tags":[4701,34,22,220,38,4700],"class_list":["post-77532","post","type-post","status-publish","format-standard","has-post-thumbnail","hentry","category-artigos","category-editorias","category-noticias-em-destaque","tag-abolicao-dos-escravos","tag-andre-figueiredo","tag-brasil","tag-ciro-gomes","tag-pdt","tag-sufragio-universal"],"acf":[],"_links":{"self":[{"href":"https:\/\/pdt-rj.org.br\/index.php\/wp-json\/wp\/v2\/posts\/77532","targetHints":{"allow":["GET"]}}],"collection":[{"href":"https:\/\/pdt-rj.org.br\/index.php\/wp-json\/wp\/v2\/posts"}],"about":[{"href":"https:\/\/pdt-rj.org.br\/index.php\/wp-json\/wp\/v2\/types\/post"}],"author":[{"embeddable":true,"href":"https:\/\/pdt-rj.org.br\/index.php\/wp-json\/wp\/v2\/users\/17"}],"replies":[{"embeddable":true,"href":"https:\/\/pdt-rj.org.br\/index.php\/wp-json\/wp\/v2\/comments?post=77532"}],"version-history":[{"count":2,"href":"https:\/\/pdt-rj.org.br\/index.php\/wp-json\/wp\/v2\/posts\/77532\/revisions"}],"predecessor-version":[{"id":77535,"href":"https:\/\/pdt-rj.org.br\/index.php\/wp-json\/wp\/v2\/posts\/77532\/revisions\/77535"}],"wp:featuredmedia":[{"embeddable":true,"href":"https:\/\/pdt-rj.org.br\/index.php\/wp-json\/wp\/v2\/media\/77533"}],"wp:attachment":[{"href":"https:\/\/pdt-rj.org.br\/index.php\/wp-json\/wp\/v2\/media?parent=77532"}],"wp:term":[{"taxonomy":"category","embeddable":true,"href":"https:\/\/pdt-rj.org.br\/index.php\/wp-json\/wp\/v2\/categories?post=77532"},{"taxonomy":"post_tag","embeddable":true,"href":"https:\/\/pdt-rj.org.br\/index.php\/wp-json\/wp\/v2\/tags?post=77532"}],"curies":[{"name":"wp","href":"https:\/\/api.w.org\/{rel}","templated":true}]}}