{"id":77527,"date":"2021-04-22T14:40:00","date_gmt":"2021-04-22T17:40:00","guid":{"rendered":"http:\/\/pdt-rj.org.br\/?p=77527"},"modified":"2022-04-18T15:57:49","modified_gmt":"2022-04-18T18:57:49","slug":"carlos-lupi-preve-ciro-e-lula-no-2o-turno-de-2022","status":"publish","type":"post","link":"https:\/\/pdt-rj.org.br\/index.php\/carlos-lupi-preve-ciro-e-lula-no-2o-turno-de-2022\/","title":{"rendered":"Carlos Lupi prev\u00ea Ciro e Lula no 2\u00ba turno de 2022"},"content":{"rendered":"<div class=\"qtd-body\">\n<div id=\"yiv0765774767yqtfd36375\" class=\"yiv0765774767yqt4751634778\">\n<p class=\"yiv0765774767MsoNormal\"><em><b>Em entrevista, presidente do PDT v\u00ea Projeto Nacional de Desenvolvimento como diferencial na elei\u00e7\u00e3o<\/b><\/em><\/p>\n<p class=\"yiv0765774767MsoNormal\">\u201cN\u00f3s vamos ter uma grande disputa: Lula versus Ciro no segundo turno\u201d, projetou o presidente nacional do PDT, Carlos Lupi, na entrevista para a R\u00e1dio Salvador FM, nesta quarta-feira (21). Para ele, o Projeto Nacional de Desenvolvimento (PND) \u00e9 um diferencial na corrida eleitoral at\u00e9 o Pal\u00e1cio do Planalto, em 2022.<\/p>\n<p class=\"yiv0765774767MsoNormal\">\u201cIsso \u00e9 a melhor disputa que eu posso imaginar porque, qualquer que seja o resultado, o povo brasileiro vai sair ganhando\u201d, afirmou.<\/p>\n<p class=\"yiv0765774767MsoNormal\">Para embasar sua avalia\u00e7\u00e3o, Lupi citou o impacto negativo das a\u00e7\u00f5es do governo federal na avalia\u00e7\u00e3o do presidente da Rep\u00fablica, Jair Bolsonaro, principalmente durante a pandemia do coronav\u00edrus. Nos \u00faltimos anos, o PDT ratificou seu protagonismo no enfrentamento aos ataques bolsonaristas contra a democracia e os direitos do povo, bem como apoiou, recentemente, a cria\u00e7\u00e3o da CPI da Covid no Senado Federal.<\/p>\n<p class=\"yiv0765774767MsoNormal\">\u201cEu n\u00e3o consigo conceber que o povo brasileiro n\u00e3o v\u00e1 condenar esse senhor Bolsonaro pelas 370 mil mortes. N\u00e3o \u00e9 poss\u00edvel. Ele \u00e9 o principal culpado nesse processo pela ignor\u00e2ncia, por n\u00e3o acompanhar a ci\u00eancia, por fazer campanha contra o uso de m\u00e1scara e contra a vacina chinesa.<\/p>\n<p class=\"yiv0765774767MsoNormal\"><strong>Viabilidade<\/strong><\/p>\n<p class=\"yiv0765774767MsoNormal\">A pr\u00e9-candidatura pedetista est\u00e1 sendo arquitetada, segundo Lupi, em torno do di\u00e1logo com elos progressistas. As alian\u00e7as estrat\u00e9gicas envolvem, portanto, partidos do espectro da centro-esquerda.<\/p>\n<p class=\"yiv0765774767MsoNormal\">\u201cN\u00f3s estamos trabalhando, h\u00e1 algum tempo, na tentativa de fazer uma alian\u00e7a de centro-esquerda. Estamos conversando com uma base, que a gente montou nas elei\u00e7\u00f5es municipais, da qual participaram o PSB, Rede e PV. Estamos ampliando essas conversas junto ao Cidadania, DEM e PSD\u201d, explicou, mencionando o cen\u00e1rio constru\u00eddo na capital baiana, onde o partido elegeu a vice-prefeita, Ana Paula Matos, na chapa do DEM.<\/p>\n<p class=\"yiv0765774767MsoNormal\">\u201cEu n\u00e3o trabalho impondo nada a ningu\u00e9m. Eu trabalho pelo convencimento\u201d, garantiu, ao destacar a atua\u00e7\u00e3o do presidente do PDT na Bahia, deputado federal F\u00e9lix Mendon\u00e7a.<\/p>\n<p class=\"yiv0765774767MsoNormal\"><strong>Bases<\/strong><\/p>\n<p class=\"yiv0765774767MsoNormal\">\u201cQuero olhar para o amanh\u00e3, para o futuro do Brasil.\u201d Com essa defini\u00e7\u00e3o, Lupi mostrou sua confian\u00e7a no arcabou\u00e7o formado para oferecer uma alternativa competitiva contra a polariza\u00e7\u00e3o.<\/p>\n<p class=\"yiv0765774767MsoNormal\">\u201cEu acho que esse Projeto Nacional de Desenvolvimento, que o Ciro j\u00e1 defendeu na sua elei\u00e7\u00e3o passada e escreveu um livro sobre isso, mostra caminhos que, at\u00e9 agora, n\u00e3o foram tentados\u201d, esclareceu, citando as almejadas reformas de base trabalhistas.<\/p>\n<p class=\"yiv0765774767MsoNormal\">Pela urg\u00eancia de investimento em tecnologia e inova\u00e7\u00e3o, o pedetista tamb\u00e9m apontou a necessidade de potencializa\u00e7\u00e3o do valor agregado na produ\u00e7\u00e3o nacional.\u00a0 Assim, espera romper com a representativa demanda por produtos importados e a depend\u00eancia de commodities nos resultados da balan\u00e7a comercial.<\/p>\n<p class=\"yiv0765774767MsoNormal\">A reindustrializa\u00e7\u00e3o representar\u00e1, portanto, um desprendimento do v\u00ednculo com o mercado financeiro, que acumula, para ele, lucros progressivos ao longo das d\u00e9cadas.<\/p>\n<\/div>\n<\/div>\n<p class=\"yiv0765774767MsoNormal\">\u201cEnfrentar o c\u00e2ncer da sociedade moderna, que \u00e9 o ganho f\u00e1cil do sistema financeiro na explora\u00e7\u00e3o do homem pelo homem. N\u00e3o somos contra a livre iniciativa, pelo contr\u00e1rio. Defendemos que ela deve ser parceira na constru\u00e7\u00e3o de um projeto de na\u00e7\u00e3o&#8221;, justificou.<\/p>\n<!-- AddThis Advanced Settings generic via filter on the_content --><!-- AddThis Share Buttons generic via filter on the_content -->","protected":false},"excerpt":{"rendered":"<p>Em entrevista, presidente do PDT v\u00ea Projeto Nacional de Desenvolvimento como diferencial na elei\u00e7\u00e3o \u201cN\u00f3s vamos ter uma grande disputa: Lula versus Ciro no segundo turno\u201d, projetou o presidente nacional do PDT, Carlos Lupi, na entrevista para a R\u00e1dio Salvador FM, nesta quarta-feira (21). Para ele, o Projeto Nacional de Desenvolvimento (PND) \u00e9 um diferencial&#8230;<!-- AddThis Advanced Settings generic via filter on wp_trim_excerpt --><!-- AddThis Share Buttons generic via filter on wp_trim_excerpt --><\/p>\n","protected":false},"author":17,"featured_media":77528,"comment_status":"closed","ping_status":"closed","sticky":false,"template":"","format":"standard","meta":{"_monsterinsights_skip_tracking":false,"_monsterinsights_sitenote_active":false,"_monsterinsights_sitenote_note":"","_monsterinsights_sitenote_category":0,"_uf_show_specific_survey":0,"_uf_disable_surveys":false,"footnotes":""},"categories":[1390,5417,1401],"tags":[],"class_list":["post-77527","post","type-post","status-publish","format-standard","has-post-thumbnail","hentry","category-editorias","category-carlos-lupi","category-nacional"],"acf":[],"_links":{"self":[{"href":"https:\/\/pdt-rj.org.br\/index.php\/wp-json\/wp\/v2\/posts\/77527","targetHints":{"allow":["GET"]}}],"collection":[{"href":"https:\/\/pdt-rj.org.br\/index.php\/wp-json\/wp\/v2\/posts"}],"about":[{"href":"https:\/\/pdt-rj.org.br\/index.php\/wp-json\/wp\/v2\/types\/post"}],"author":[{"embeddable":true,"href":"https:\/\/pdt-rj.org.br\/index.php\/wp-json\/wp\/v2\/users\/17"}],"replies":[{"embeddable":true,"href":"https:\/\/pdt-rj.org.br\/index.php\/wp-json\/wp\/v2\/comments?post=77527"}],"version-history":[{"count":1,"href":"https:\/\/pdt-rj.org.br\/index.php\/wp-json\/wp\/v2\/posts\/77527\/revisions"}],"predecessor-version":[{"id":77529,"href":"https:\/\/pdt-rj.org.br\/index.php\/wp-json\/wp\/v2\/posts\/77527\/revisions\/77529"}],"wp:featuredmedia":[{"embeddable":true,"href":"https:\/\/pdt-rj.org.br\/index.php\/wp-json\/wp\/v2\/media\/77528"}],"wp:attachment":[{"href":"https:\/\/pdt-rj.org.br\/index.php\/wp-json\/wp\/v2\/media?parent=77527"}],"wp:term":[{"taxonomy":"category","embeddable":true,"href":"https:\/\/pdt-rj.org.br\/index.php\/wp-json\/wp\/v2\/categories?post=77527"},{"taxonomy":"post_tag","embeddable":true,"href":"https:\/\/pdt-rj.org.br\/index.php\/wp-json\/wp\/v2\/tags?post=77527"}],"curies":[{"name":"wp","href":"https:\/\/api.w.org\/{rel}","templated":true}]}}