{"id":77524,"date":"2021-04-22T14:28:42","date_gmt":"2021-04-22T17:28:42","guid":{"rendered":"http:\/\/pdt-rj.org.br\/?p=77524"},"modified":"2021-04-26T21:41:18","modified_gmt":"2021-04-27T00:41:18","slug":"cupula-do-clima-farsa-ambiental-de-bolsonaro-sera-escancarada-diz-ciro","status":"publish","type":"post","link":"https:\/\/pdt-rj.org.br\/index.php\/cupula-do-clima-farsa-ambiental-de-bolsonaro-sera-escancarada-diz-ciro\/","title":{"rendered":"C\u00fapula do Clima: farsa ambiental de Bolsonaro ser\u00e1 escancarada, diz Ciro\u00a0"},"content":{"rendered":"<p class=\"yiv2736263462gmail-MsoNoSpacing\"><em><strong>Segundo o pedetista, l\u00edderes mundiais conhecer\u00e3o a \u201cmentalidade criminosa\u201d do presidente e do governo<\/strong><\/em><\/p>\n<p class=\"yiv2736263462gmail-MsoNoSpacing\">Na C\u00fapula do Clima, \u201co mundo vai ver, de forma escancarada, o covarde e mentiroso que \u00e9 Bolsonaro!\u201d, garantiu o pr\u00e9-candidato a presidente da Rep\u00fablica pelo PDT, Ciro Gomes. A cr\u00edtica remete \u00e0 posi\u00e7\u00e3o que o governo federal levar\u00e1 ao encontro de l\u00edderes mundiais convocado pelo presidente dos Estados Unidos, Joe Biden, e programado para come\u00e7ar virtualmente nessa quinta-feira (22).<\/p>\n<p class=\"yiv2736263462gmail-MsoNoSpacing\">\u201cNa quest\u00e3o ambiental, Bolsonaro e seu governo exp\u00f5em n\u00e3o apenas mentalidade criminosa, mas tamb\u00e9m ignor\u00e2ncia e muita burrice. \u00c9 um absurdo que n\u00e3o entendam que nossa floresta tem muito mais valor em p\u00e9 do que derrubada\u201d, disse.<\/p>\n<p class=\"yiv2736263462gmail-MsoNoSpacing\">\u201cBolsonaro mente porque esconde que o desmatamento da Amaz\u00f4nia vem batendo recordes sucessivos em seu governo, como inclusive ocorreu agora em mar\u00e7o. Mente porque se diz comprometido com a preserva\u00e7\u00e3o futura da floresta\u201d, complementa.<\/p>\n<p class=\"yiv2736263462gmail-MsoNoSpacing\">No v\u00eddeo publicado em suas redes socais na ter\u00e7a-feira (20), Ciro cita a carta enviada pelo governo brasileiro, ao presidente americano, onde tenta demonstrar comprometimento para acabar com o desmatamento ilegal at\u00e9 2030 e pede recursos estrangeiros. Para ele, \u00e9 o ensaio de uma \u201cfarsa\u201d.<\/p>\n<p class=\"yiv2736263462gmail-MsoNoSpacing\">\u201cEla \u00e9 um amontoado de mentiras sobre as a\u00e7\u00f5es passadas e inten\u00e7\u00f5es futuras. E ainda faz chantagem barata sem esconder sua cara de capacho, de servil\u201d, explicita, diante do perfil do presidente: \u201cEsse canalha que a gente conhece bem: que corre, quando acuado, e mente, quando pressionado. E que depois faz tudo igualzinho pelas costas.\u201d<\/p>\n<p class=\"yiv2736263462gmail-MsoNoSpacing\">Ao longo da manifesta\u00e7\u00e3o, Ciro chama a aten\u00e7\u00e3o para as contradi\u00e7\u00f5es que ratificam a insustent\u00e1vel rela\u00e7\u00e3o entre o discurso e a pr\u00e1tica durante toda a gest\u00e3o, iniciada em janeiro de 2019.<\/p>\n<p class=\"yiv2736263462gmail-MsoNoSpacing\">\u201cNa mesma semana que mandou a carta, demitiu o delegado Saraiva, da Pol\u00edcia Federal, que fez uma not\u00edcia-crime contra Ricardo Salles, o ministro [do Meio Ambiente] amigo das motosserras, das queimadas, do garimpo ilegal, dos grileiros e das m\u00e1fias que lucram com a destrui\u00e7\u00e3o da floresta e a dizima\u00e7\u00e3o das nossas comunidades ind\u00edgenas\u201d, afirma.<\/p>\n<p class=\"yiv2736263462gmail-MsoNoSpacing\"><strong>Import\u00e2ncia<\/strong><\/p>\n<p class=\"yiv2736263462gmail-MsoNoSpacing\">Com a representatividade da biodiversidade brasileira para o futuro equilibrado do planeta, a Uni\u00e3o tem o dever, segundo Ciro, de promover a\u00e7\u00f5es sistem\u00e1ticas que efetivamente protejam o ecossistema em todo o territ\u00f3rio, principalmente na regi\u00e3o amaz\u00f4nica.<\/p>\n<p class=\"yiv2736263462gmail-MsoNoSpacing\">\u201cA floresta amaz\u00f4nica pode gerar uma nova farm\u00e1cia, uma qu\u00edmica revolucion\u00e1ria, uma biotecnologia incapaz de ser superada por qualquer outro pa\u00eds do mundo\u201d, exaltou.<\/p>\n<p class=\"yiv2736263462gmail-MsoNoSpacing\">\u201cS\u00f3 poderemos explor\u00e1-la, corretamente e com seguran\u00e7a, se tivermos tecnologia moderna, a\u00e7\u00e3o diplom\u00e1tica correta e sistema de defesa eficiente. Ou seja, se tivermos um bom governo, uma boa pol\u00edtica e um estadista na presid\u00eancia. Jamais um palha\u00e7o bo\u00e7al, ignorante, mentiroso, est\u00fapido e servil\u201d, concluiu.<\/p>\n<p>Assista, na \u00edntegra:<\/p>\n<blockquote class=\"twitter-tweet\" data-width=\"550\" data-dnt=\"true\">\n<p lang=\"pt\" dir=\"ltr\">Mais um vexame internacional para o nosso pa\u00eds. Dessa vez, na C\u00fapula de L\u00edderes sobre o Clima. O mundo vai ver de forma escancarada o covarde e mentiroso que \u00e9 Bolsonaro! <a href=\"https:\/\/t.co\/QRNQgmi7ry\">pic.twitter.com\/QRNQgmi7ry<\/a><\/p>\n<p>&mdash; Ciro Gomes (@cirogomes) <a href=\"https:\/\/twitter.com\/cirogomes\/status\/1384475709532512256?ref_src=twsrc%5Etfw\">April 20, 2021<\/a><\/p><\/blockquote>\n<p><script async src=\"https:\/\/platform.twitter.com\/widgets.js\" charset=\"utf-8\"><\/script><\/p>\n<!-- AddThis Advanced Settings generic via filter on the_content --><!-- AddThis Share Buttons generic via filter on the_content -->","protected":false},"excerpt":{"rendered":"<p>Segundo o pedetista, l\u00edderes mundiais conhecer\u00e3o a \u201cmentalidade criminosa\u201d do presidente e do governo Na C\u00fapula do Clima, \u201co mundo vai ver, de forma escancarada, o covarde e mentiroso que \u00e9 Bolsonaro!\u201d, garantiu o pr\u00e9-candidato a presidente da Rep\u00fablica pelo PDT, Ciro Gomes. A cr\u00edtica remete \u00e0 posi\u00e7\u00e3o que o governo federal levar\u00e1 ao encontro&#8230;<!-- AddThis Advanced Settings generic via filter on wp_trim_excerpt --><!-- AddThis Share Buttons generic via filter on wp_trim_excerpt --><\/p>\n","protected":false},"author":17,"featured_media":77525,"comment_status":"closed","ping_status":"closed","sticky":false,"template":"","format":"standard","meta":{"_monsterinsights_skip_tracking":false,"_monsterinsights_sitenote_active":false,"_monsterinsights_sitenote_note":"","_monsterinsights_sitenote_category":0,"_uf_show_specific_survey":0,"_uf_disable_surveys":false,"footnotes":""},"categories":[1390,976],"tags":[220,4698,4699],"class_list":["post-77524","post","type-post","status-publish","format-standard","has-post-thumbnail","hentry","category-editorias","category-noticias-em-destaque","tag-ciro-gomes","tag-cupula-do-clima","tag-farsa-ambiental"],"acf":[],"_links":{"self":[{"href":"https:\/\/pdt-rj.org.br\/index.php\/wp-json\/wp\/v2\/posts\/77524","targetHints":{"allow":["GET"]}}],"collection":[{"href":"https:\/\/pdt-rj.org.br\/index.php\/wp-json\/wp\/v2\/posts"}],"about":[{"href":"https:\/\/pdt-rj.org.br\/index.php\/wp-json\/wp\/v2\/types\/post"}],"author":[{"embeddable":true,"href":"https:\/\/pdt-rj.org.br\/index.php\/wp-json\/wp\/v2\/users\/17"}],"replies":[{"embeddable":true,"href":"https:\/\/pdt-rj.org.br\/index.php\/wp-json\/wp\/v2\/comments?post=77524"}],"version-history":[{"count":2,"href":"https:\/\/pdt-rj.org.br\/index.php\/wp-json\/wp\/v2\/posts\/77524\/revisions"}],"predecessor-version":[{"id":77562,"href":"https:\/\/pdt-rj.org.br\/index.php\/wp-json\/wp\/v2\/posts\/77524\/revisions\/77562"}],"wp:featuredmedia":[{"embeddable":true,"href":"https:\/\/pdt-rj.org.br\/index.php\/wp-json\/wp\/v2\/media\/77525"}],"wp:attachment":[{"href":"https:\/\/pdt-rj.org.br\/index.php\/wp-json\/wp\/v2\/media?parent=77524"}],"wp:term":[{"taxonomy":"category","embeddable":true,"href":"https:\/\/pdt-rj.org.br\/index.php\/wp-json\/wp\/v2\/categories?post=77524"},{"taxonomy":"post_tag","embeddable":true,"href":"https:\/\/pdt-rj.org.br\/index.php\/wp-json\/wp\/v2\/tags?post=77524"}],"curies":[{"name":"wp","href":"https:\/\/api.w.org\/{rel}","templated":true}]}}