{"id":77521,"date":"2021-04-22T14:10:56","date_gmt":"2021-04-22T17:10:56","guid":{"rendered":"http:\/\/pdt-rj.org.br\/?p=77521"},"modified":"2021-04-22T14:10:56","modified_gmt":"2021-04-22T17:10:56","slug":"leonel-brizola-notabilizou-forca-dos-jovens-na-vanguarda-transformadora","status":"publish","type":"post","link":"https:\/\/pdt-rj.org.br\/index.php\/leonel-brizola-notabilizou-forca-dos-jovens-na-vanguarda-transformadora\/","title":{"rendered":"Leonel Brizola notabilizou for\u00e7a dos jovens na vanguarda transformadora"},"content":{"rendered":"<p class=\"yiv4390120853MsoNormal\"><em><b>Podcast do Centro de Mem\u00f3ria Trabalhista destaca anseio mobilizador do fundador do PDT<\/b><\/em><\/p>\n<p>&nbsp;<\/p>\n<p class=\"yiv4390120853MsoNormal\">O presidente de honra e fundador do PDT, Leonel Brizola, marcou um discurso com a exalta\u00e7\u00e3o ao perfil vanguardista das novas gera\u00e7\u00f5es brasileiras. \u201c\u00c9 dos jovens que surgem os grandes movimentos transformadores\u201d, afirmou, em \u00e1udio recuperado pelo Centro de Mem\u00f3ria Trabalhista (CMT) e divulgado, nesta quarta-feira (21), no podcast \u201cFala, Brizola!\u201d.<\/p>\n<p class=\"yiv4390120853MsoNormal\">\u201cTome o vosso destino nas nossas pr\u00f3prias m\u00e3os. Voc\u00eas n\u00e3o sabem, jovens do meu pa\u00eds, a for\u00e7a que voc\u00eas t\u00eam\u201d, ressaltou, ao ser exaltado pelo p\u00fablico durante toda a fala.<\/p>\n<p class=\"yiv4390120853MsoNormal\">\u201cRaramente, voc\u00eas encontram um homem encanecido, de cabelos brancos, nessas vanguardas. Em geral, as vanguardas transformadoras da humanidade foram sempre constitu\u00eddas pela energia dos jovens\u201d, acrescentou.<\/p>\n<p class=\"yiv4390120853MsoNormal\">Com um legado marcado pela defesa intransigente da popula\u00e7\u00e3o e da na\u00e7\u00e3o, Brizola ratificou o constante poder revolucion\u00e1rio dos jovens em momentos de luta pelas conquistas democr\u00e1ticas.<\/p>\n<p class=\"yiv4390120853MsoNormal\">\u201c\u00c9 de voc\u00eas, jovens do meu pa\u00eds, \u00e9 que o povo brasileiro realmente pode esperar. A voc\u00eas, eu deixo aqui esta minha mensagem. N\u00f3s queremos que o futuro seja de voc\u00eas. N\u00f3s queremos mais. N\u00f3s queremos que o presente, o pr\u00f3prio presente, j\u00e1 seja de voc\u00eas\u201d, encerrou.<\/p>\n<p class=\"yiv4390120853MsoNormal\">Para ouvir no Spotify, clique\u00a0<a href=\"https:\/\/open.spotify.com\/episode\/6dlrmdS7XCy4lIDefc1mEh\" target=\"_blank\" rel=\"nofollow noopener noreferrer\">aqui<\/a>.<\/p>\n<!-- AddThis Advanced Settings generic via filter on the_content --><!-- AddThis Share Buttons generic via filter on the_content -->","protected":false},"excerpt":{"rendered":"<p>Podcast do Centro de Mem\u00f3ria Trabalhista destaca anseio mobilizador do fundador do PDT &nbsp; O presidente de honra e fundador do PDT, Leonel Brizola, marcou um discurso com a exalta\u00e7\u00e3o ao perfil vanguardista das novas gera\u00e7\u00f5es brasileiras. \u201c\u00c9 dos jovens que surgem os grandes movimentos transformadores\u201d, afirmou, em \u00e1udio recuperado pelo Centro de Mem\u00f3ria Trabalhista&#8230;<!-- AddThis Advanced Settings generic via filter on wp_trim_excerpt --><!-- AddThis Share Buttons generic via filter on wp_trim_excerpt --><\/p>\n","protected":false},"author":17,"featured_media":77522,"comment_status":"closed","ping_status":"closed","sticky":false,"template":"","format":"standard","meta":{"_monsterinsights_skip_tracking":false,"_monsterinsights_sitenote_active":false,"_monsterinsights_sitenote_note":"","_monsterinsights_sitenote_category":0,"_uf_show_specific_survey":0,"_uf_disable_surveys":false,"footnotes":""},"categories":[1390],"tags":[3140,3734,4696,565,4697],"class_list":["post-77521","post","type-post","status-publish","format-standard","has-post-thumbnail","hentry","category-editorias","tag-centro-de-memoria-trabalhista","tag-cmt","tag-fala-brizola","tag-leonel-brizola","tag-spotify"],"acf":[],"_links":{"self":[{"href":"https:\/\/pdt-rj.org.br\/index.php\/wp-json\/wp\/v2\/posts\/77521","targetHints":{"allow":["GET"]}}],"collection":[{"href":"https:\/\/pdt-rj.org.br\/index.php\/wp-json\/wp\/v2\/posts"}],"about":[{"href":"https:\/\/pdt-rj.org.br\/index.php\/wp-json\/wp\/v2\/types\/post"}],"author":[{"embeddable":true,"href":"https:\/\/pdt-rj.org.br\/index.php\/wp-json\/wp\/v2\/users\/17"}],"replies":[{"embeddable":true,"href":"https:\/\/pdt-rj.org.br\/index.php\/wp-json\/wp\/v2\/comments?post=77521"}],"version-history":[{"count":1,"href":"https:\/\/pdt-rj.org.br\/index.php\/wp-json\/wp\/v2\/posts\/77521\/revisions"}],"predecessor-version":[{"id":77523,"href":"https:\/\/pdt-rj.org.br\/index.php\/wp-json\/wp\/v2\/posts\/77521\/revisions\/77523"}],"wp:featuredmedia":[{"embeddable":true,"href":"https:\/\/pdt-rj.org.br\/index.php\/wp-json\/wp\/v2\/media\/77522"}],"wp:attachment":[{"href":"https:\/\/pdt-rj.org.br\/index.php\/wp-json\/wp\/v2\/media?parent=77521"}],"wp:term":[{"taxonomy":"category","embeddable":true,"href":"https:\/\/pdt-rj.org.br\/index.php\/wp-json\/wp\/v2\/categories?post=77521"},{"taxonomy":"post_tag","embeddable":true,"href":"https:\/\/pdt-rj.org.br\/index.php\/wp-json\/wp\/v2\/tags?post=77521"}],"curies":[{"name":"wp","href":"https:\/\/api.w.org\/{rel}","templated":true}]}}