{"id":77444,"date":"2021-04-17T16:03:23","date_gmt":"2021-04-17T19:03:23","guid":{"rendered":"http:\/\/pdt-rj.org.br\/?p=77444"},"modified":"2021-04-19T12:59:13","modified_gmt":"2021-04-19T15:59:13","slug":"ciro-gomes-aposta-na-renovacao-para-unir-o-brasil-sem-salvador-da-patria","status":"publish","type":"post","link":"https:\/\/pdt-rj.org.br\/index.php\/ciro-gomes-aposta-na-renovacao-para-unir-o-brasil-sem-salvador-da-patria\/","title":{"rendered":"Ciro Gomes aposta na renova\u00e7\u00e3o para unir o Brasil sem \u201csalvador da p\u00e1tria\u201d"},"content":{"rendered":"<div class=\"msg-body P_wpofO mq_AS\" data-test-id=\"message-view-body-content\">\n<div class=\"jb_0 X_6MGW N_6Fd5\">\n<div id=\"yiv2444113266\">\n<div dir=\"ltr\">\n<p class=\"yiv2444113266MsoNormal\"><em><b>Em entrevista ao Datena, o pr\u00e9-candidato do PDT defendeu o Projeto Nacional de Desenvolvimento<\/b><\/em><\/p>\n<p class=\"yiv2444113266MsoNormal\">O pr\u00e9-candidato a presidente da Rep\u00fablica pelo PDT, Ciro Gomes, aposta na renova\u00e7\u00e3o como ess\u00eancia de uma alternativa eleitoral vi\u00e1vel para integrar o pa\u00eds e resgat\u00e1-lo da pior crise social, econ\u00f4mica, fiscal e pol\u00edtica da hist\u00f3ria.\u00a0 \u201cEu quero unir o Brasil\u201d, disse para o jornalista Jos\u00e9 Luiz Datena, da R\u00e1dio Bandeirantes, nesta sexta-feira (16).<\/p>\n<p class=\"yiv2444113266MsoNormal\">\u201cO passado \u00e9 uma roupa que n\u00e3o nos serve mais. O Brasil \u00e9 outro, os desafios s\u00e3o outros\u201d, afirmou o pedetista, ao indicar que n\u00e3o mistura \u201cpol\u00edtica com sentimento pessoal\u201d.<\/p>\n<p class=\"yiv2444113266MsoNormal\">Sobre o valor da democracia e o poder do voto, Ciro evidencia a necessidade de concretizar escolhas baseadas em um pensamento objetivo de que \u201cn\u00e3o existe salvador da p\u00e1tria\u201d.<\/p>\n<p class=\"yiv2444113266MsoNormal\">\u201cO Brasil precisa, desesperadamente, que o nosso povo v\u00e1 \u00e0s urnas com a m\u00e3o na cabe\u00e7a, e n\u00e3o no f\u00edgado, que \u00e9 o \u00f3dio, nem no cora\u00e7\u00e3o, que s\u00e3o as paix\u00f5es e as gratid\u00f5es.<\/p>\n<p class=\"yiv2444113266MsoNormal\"><strong>Base<\/strong><\/p>\n<p class=\"yiv2444113266MsoNormal\">O Projeto Nacional de Desenvolvimento (PND), que \u00e9 aprimorado coletivamente desde a sua campanha de 2018, representa, segundo o ex-governador do Cear\u00e1, o alicerce para a forma\u00e7\u00e3o de uma ampliada retomada progressista baseada em pol\u00edticas de prote\u00e7\u00e3o social, desenvolvimento econ\u00f4mico e fortalecimento do Estado.<\/p>\n<p class=\"yiv2444113266MsoNormal\">\u201cEu vou tentar propor um projeto que seja capaz de dar um lugar para cada brasileiro da classe m\u00e9dia e do empresariado, mas, especialmente, estou preocupado em enfrentar essa mis\u00e9ria de massa, que \u00e9 a pior da hist\u00f3ria do Brasil\u201d, explicou.<\/p>\n<p class=\"yiv2444113266MsoNormal\">Para Ciro, a proposta indica, de forma concreta, solu\u00e7\u00f5es para a s\u00e9rie de problemas acumulados, nas \u00faltimas d\u00e9cadas, e potencializados no governo do presidente Jair Bolsonaro. Em destaque, o recorde de mais de 14 milh\u00f5es de desempregados, a grave falta de vacinas e insumos, a desindustrializa\u00e7\u00e3o cont\u00ednua e o descontrole da d\u00edvida p\u00fablica.<\/p>\n<p class=\"yiv2444113266MsoNormal\">\u201cMais da metade do povo brasileiro est\u00e1 sem oportunidade de trabalho decente. Se virando de bico, sem qualquer garantia de vida, hoje ou no futuro, quando vier a velhice\u201d, criticou.<\/p>\n<p class=\"yiv2444113266MsoNormal\">\u201cO buraco nas contas do governo n\u00e3o tem precedente. O Brasil perdeu tr\u00eas posi\u00e7\u00f5es no ranking internacional. \u00c9 a \u00fanica grande economia do mundo que est\u00e1 encolhendo\u201d, disse, ao citar os 900 bilh\u00f5es deficit\u00e1rios, nos \u00faltimos 12 meses, e completar: \u201cPela primeira vez, est\u00e1 se aproximando de equivaler a um ano inteiro de produ\u00e7\u00e3o de riquezas do Pa\u00eds\u201d.<\/p>\n<\/div>\n<\/div>\n<\/div>\n<\/div>\n<!-- AddThis Advanced Settings generic via filter on the_content --><!-- AddThis Share Buttons generic via filter on the_content -->","protected":false},"excerpt":{"rendered":"<p>Em entrevista ao Datena, o pr\u00e9-candidato do PDT defendeu o Projeto Nacional de Desenvolvimento O pr\u00e9-candidato a presidente da Rep\u00fablica pelo PDT, Ciro Gomes, aposta na renova\u00e7\u00e3o como ess\u00eancia de uma alternativa eleitoral vi\u00e1vel para integrar o pa\u00eds e resgat\u00e1-lo da pior crise social, econ\u00f4mica, fiscal e pol\u00edtica da hist\u00f3ria.\u00a0 \u201cEu quero unir o Brasil\u201d,&#8230;<!-- AddThis Advanced Settings generic via filter on wp_trim_excerpt --><!-- AddThis Share Buttons generic via filter on wp_trim_excerpt --><\/p>\n","protected":false},"author":17,"featured_media":77445,"comment_status":"closed","ping_status":"closed","sticky":false,"template":"","format":"standard","meta":{"_monsterinsights_skip_tracking":false,"_monsterinsights_sitenote_active":false,"_monsterinsights_sitenote_note":"","_monsterinsights_sitenote_category":0,"_uf_show_specific_survey":0,"_uf_disable_surveys":false,"footnotes":""},"categories":[975,976],"tags":[220,3969,1541],"class_list":["post-77444","post","type-post","status-publish","format-standard","has-post-thumbnail","hentry","category-manchete","category-noticias-em-destaque","tag-ciro-gomes","tag-pnd","tag-projeto-nacional-de-desenvolvimento"],"acf":[],"_links":{"self":[{"href":"https:\/\/pdt-rj.org.br\/index.php\/wp-json\/wp\/v2\/posts\/77444","targetHints":{"allow":["GET"]}}],"collection":[{"href":"https:\/\/pdt-rj.org.br\/index.php\/wp-json\/wp\/v2\/posts"}],"about":[{"href":"https:\/\/pdt-rj.org.br\/index.php\/wp-json\/wp\/v2\/types\/post"}],"author":[{"embeddable":true,"href":"https:\/\/pdt-rj.org.br\/index.php\/wp-json\/wp\/v2\/users\/17"}],"replies":[{"embeddable":true,"href":"https:\/\/pdt-rj.org.br\/index.php\/wp-json\/wp\/v2\/comments?post=77444"}],"version-history":[{"count":3,"href":"https:\/\/pdt-rj.org.br\/index.php\/wp-json\/wp\/v2\/posts\/77444\/revisions"}],"predecessor-version":[{"id":77472,"href":"https:\/\/pdt-rj.org.br\/index.php\/wp-json\/wp\/v2\/posts\/77444\/revisions\/77472"}],"wp:featuredmedia":[{"embeddable":true,"href":"https:\/\/pdt-rj.org.br\/index.php\/wp-json\/wp\/v2\/media\/77445"}],"wp:attachment":[{"href":"https:\/\/pdt-rj.org.br\/index.php\/wp-json\/wp\/v2\/media?parent=77444"}],"wp:term":[{"taxonomy":"category","embeddable":true,"href":"https:\/\/pdt-rj.org.br\/index.php\/wp-json\/wp\/v2\/categories?post=77444"},{"taxonomy":"post_tag","embeddable":true,"href":"https:\/\/pdt-rj.org.br\/index.php\/wp-json\/wp\/v2\/tags?post=77444"}],"curies":[{"name":"wp","href":"https:\/\/api.w.org\/{rel}","templated":true}]}}