{"id":77423,"date":"2021-04-16T02:23:00","date_gmt":"2021-04-16T05:23:00","guid":{"rendered":"http:\/\/pdt-rj.org.br\/?p=77423"},"modified":"2021-04-16T02:23:12","modified_gmt":"2021-04-16T05:23:12","slug":"o-ciro-e-um-candidato-irreversivel-do-trabalhismo-ratifica-lupi","status":"publish","type":"post","link":"https:\/\/pdt-rj.org.br\/index.php\/o-ciro-e-um-candidato-irreversivel-do-trabalhismo-ratifica-lupi\/","title":{"rendered":"\u201cO Ciro \u00e9 um candidato irrevers\u00edvel do Trabalhismo&#8221;, ratifica Lupi"},"content":{"rendered":"<p class=\"yiv6714806312MsoNormal\"><em><b>Presidente nacional do PDT analisou configura\u00e7\u00e3o de alian\u00e7as e cen\u00e1rios em n\u00edvel nacional<\/b><\/em><\/p>\n<p class=\"yiv6714806312MsoNormal\">\u201cO Ciro \u00e9 um candidato irrevers\u00edvel do Trabalhismo. N\u00f3s precisamos e teremos o Ciro Gomes candidato a presidente da Rep\u00fablica em 2022\u201d, assegurou, nesta quinta-feira (15), o presidente nacional do PDT, ao relatar a coer\u00eancia no processo de constru\u00e7\u00e3o de alian\u00e7as.<\/p>\n<p class=\"yiv6714806312MsoNormal\">\u201cEstamos trabalhando muito para formar uma alian\u00e7a. \u00c9 claro que n\u00f3s temos que compreender que essa alian\u00e7a, pela fotografia do Brasil, precisa ser mais ao centro, a chamada centro-esquerda, para conseguir avan\u00e7ar\u201d, disse, durante live com representantes da Funda\u00e7\u00e3o Leonel Brizola &#8211; Alberto Pasqualini (FLB-AP).<\/p>\n<p class=\"yiv6714806312MsoNormal\">\u201cO partido est\u00e1 firme, comprometido com suas ideias, leal aos seus princ\u00edpios\u201d, garantiu.<\/p>\n<p class=\"yiv6714806312MsoNormal\">Sobre o progresso pedetista desde o falecimento do fundador e presidente de honra, Leonel Brizola, em 2004, Lupi salientou que o partido est\u00e1 avan\u00e7ando com \u201cmuita galhardia e honra\u201d na defesa das bandeiras trabalhistas e do povo.<\/p>\n<p class=\"yiv6714806312MsoNormal\">\u201cEstamos atuando, com muita for\u00e7a, em todos os campos. No parlamento, no executivo \u2013 com prefeitos e governador \u2013 e com o Ciro, que \u00e9 uma esp\u00e9cie de deposit\u00e1rio fiel do trabalhismo\u201d, avaliou.<\/p>\n<p class=\"yiv6714806312MsoNormal\"><strong>Uni\u00e3o<\/strong><\/p>\n<p class=\"yiv6714806312MsoNormal\">Ao mencionar o representativo legado pedetista, o presidente nacional da sigla evidenciou a import\u00e2ncia da unidade para combater os retrocessos difundidos pelo atual presidente da Rep\u00fablica.<\/p>\n<p class=\"yiv6714806312MsoNormal\">\u201cN\u00f3s temos que colocar qualquer diverg\u00eancia, qualquer diferen\u00e7a, em plano secund\u00e1rio. Nesse momento, a nossa grande diferen\u00e7a \u00e9 com Bolsonaro, esse profeta da ignor\u00e2ncia, e tudo o que ele representa. Tudo mais \u00e9 secund\u00e1rio\u201d, explicou.<\/p>\n<!-- AddThis Advanced Settings generic via filter on the_content --><!-- AddThis Share Buttons generic via filter on the_content -->","protected":false},"excerpt":{"rendered":"<p>Presidente nacional do PDT analisou configura\u00e7\u00e3o de alian\u00e7as e cen\u00e1rios em n\u00edvel nacional \u201cO Ciro \u00e9 um candidato irrevers\u00edvel do Trabalhismo. N\u00f3s precisamos e teremos o Ciro Gomes candidato a presidente da Rep\u00fablica em 2022\u201d, assegurou, nesta quinta-feira (15), o presidente nacional do PDT, ao relatar a coer\u00eancia no processo de constru\u00e7\u00e3o de alian\u00e7as. \u201cEstamos&#8230;<!-- AddThis Advanced Settings generic via filter on wp_trim_excerpt --><!-- AddThis Share Buttons generic via filter on wp_trim_excerpt --><\/p>\n","protected":false},"author":17,"featured_media":76990,"comment_status":"closed","ping_status":"closed","sticky":false,"template":"","format":"standard","meta":{"_monsterinsights_skip_tracking":false,"_monsterinsights_sitenote_active":false,"_monsterinsights_sitenote_note":"","_monsterinsights_sitenote_category":0,"_uf_show_specific_survey":0,"_uf_disable_surveys":false,"footnotes":""},"categories":[1401,976],"tags":[196,220,46],"class_list":["post-77423","post","type-post","status-publish","format-standard","has-post-thumbnail","hentry","category-nacional","category-noticias-em-destaque","tag-carlos-lupi","tag-ciro-gomes","tag-trabalhismo"],"acf":[],"_links":{"self":[{"href":"https:\/\/pdt-rj.org.br\/index.php\/wp-json\/wp\/v2\/posts\/77423","targetHints":{"allow":["GET"]}}],"collection":[{"href":"https:\/\/pdt-rj.org.br\/index.php\/wp-json\/wp\/v2\/posts"}],"about":[{"href":"https:\/\/pdt-rj.org.br\/index.php\/wp-json\/wp\/v2\/types\/post"}],"author":[{"embeddable":true,"href":"https:\/\/pdt-rj.org.br\/index.php\/wp-json\/wp\/v2\/users\/17"}],"replies":[{"embeddable":true,"href":"https:\/\/pdt-rj.org.br\/index.php\/wp-json\/wp\/v2\/comments?post=77423"}],"version-history":[{"count":1,"href":"https:\/\/pdt-rj.org.br\/index.php\/wp-json\/wp\/v2\/posts\/77423\/revisions"}],"predecessor-version":[{"id":77425,"href":"https:\/\/pdt-rj.org.br\/index.php\/wp-json\/wp\/v2\/posts\/77423\/revisions\/77425"}],"wp:featuredmedia":[{"embeddable":true,"href":"https:\/\/pdt-rj.org.br\/index.php\/wp-json\/wp\/v2\/media\/76990"}],"wp:attachment":[{"href":"https:\/\/pdt-rj.org.br\/index.php\/wp-json\/wp\/v2\/media?parent=77423"}],"wp:term":[{"taxonomy":"category","embeddable":true,"href":"https:\/\/pdt-rj.org.br\/index.php\/wp-json\/wp\/v2\/categories?post=77423"},{"taxonomy":"post_tag","embeddable":true,"href":"https:\/\/pdt-rj.org.br\/index.php\/wp-json\/wp\/v2\/tags?post=77423"}],"curies":[{"name":"wp","href":"https:\/\/api.w.org\/{rel}","templated":true}]}}