{"id":77420,"date":"2021-04-16T02:16:06","date_gmt":"2021-04-16T05:16:06","guid":{"rendered":"http:\/\/pdt-rj.org.br\/?p=77420"},"modified":"2022-04-18T15:58:00","modified_gmt":"2022-04-18T18:58:00","slug":"carlos-lupi-e-manoel-dias-reforcam-missao-da-fundacao-do-pdt-de-formar-quadros","status":"publish","type":"post","link":"https:\/\/pdt-rj.org.br\/index.php\/carlos-lupi-e-manoel-dias-reforcam-missao-da-fundacao-do-pdt-de-formar-quadros\/","title":{"rendered":"Carlos Lupi e Manoel Dias refor\u00e7am miss\u00e3o da Funda\u00e7\u00e3o do PDT de formar quadros"},"content":{"rendered":"<div class=\"msg-body P_wpofO mq_AS\" data-test-id=\"message-view-body-content\">\n<div class=\"jb_0 X_6MGW N_6Fd5\">\n<div id=\"yiv2460503091\">\n<div dir=\"ltr\">\n<p class=\"yiv2460503091MsoNormal\"><em><strong>Lideran\u00e7as do partido participaram de ato virtual de inaugura\u00e7\u00e3o da nova sede da FLB-AP no Amazonas<\/strong><\/em><\/p>\n<p class=\"yiv2460503091MsoNormal\">Formar militantes. A miss\u00e3o central da Funda\u00e7\u00e3o Leonel Brizola \u2013 Alberto Pasqualini (FLB-AP) foi refor\u00e7ada pelo presidente nacional do PDT e do Conselho Curador da organiza\u00e7\u00e3o de coopera\u00e7\u00e3o no ato virtual para inaugura\u00e7\u00e3o, nesta quinta-feira (15), da nova sede da legenda em Manaus (AM).<\/p>\n<p class=\"yiv2460503091MsoNormal\">\u201c\u00c9 fundamental organizar a Funda\u00e7\u00e3o, sob a lideran\u00e7a do Manoel Dias, para ser o instrumento de forma\u00e7\u00e3o de quadros. N\u00f3s criamos, agora, a formata\u00e7\u00e3o dos n\u00facleos de base virtuais. \u00c9 importante para cada um poder fortalecer o partido\u201d, destacou.<\/p>\n<p class=\"yiv2460503091MsoNormal\">\u201cPrecisamos ter consci\u00eancia do grave momento que o Brasil passa. Estarmos unidos e formar quadros. Isso que o querido \u2018Maneca\u2019 tem feito, ao longo de 40 anos, tem que ser refor\u00e7ado nesse per\u00edodo de pandemia com as redes sociais\u201d, acrescentou, durante evento com o vice-presidente da Funda\u00e7\u00e3o no estado, Ademir Ramos e o membro do Diret\u00f3rio Nacional do PDT, Stones Machado.<\/p>\n<p class=\"yiv2460503091MsoNormal\">Para o presidente da FLB-AP e secret\u00e1rio-geral nacional do PDT, Manoel Dias, o processo de qualifica\u00e7\u00e3o \u00e9 integrado com o partido e representa um caminho essencial para o sucesso dos projetos em n\u00edveis nacional, estadual e municipal.<\/p>\n<p class=\"yiv2460503091MsoNormal\">\u201cN\u00e3o temos alternativa a n\u00e3o ser pela constru\u00e7\u00e3o de quadros ideologicamente preparados, que voc\u00ea constr\u00f3i organizando, discutindo, lendo e formando. E a Funda\u00e7\u00e3o tem as ferramentas para isso\u201d, ressaltou, ao citar as secretarias, o Centro de Mem\u00f3ria Trabalhista, a Universidade Leonel Brizola, a R\u00e1dio\u00a0Legalidade e o Est\u00fadio Legalidade.<\/p>\n<p class=\"yiv2460503091MsoNormal\">\u201cA partir da internet, podemos fazer a nuclea\u00e7\u00e3o virtual, mas precisa acreditar. Vamos levar para a grande massa, que est\u00e1 a\u00ed manipulada e enganada, as ferramentas necess\u00e1rias para salvar o Brasil, como a do Ciro Gomes a partir do Projeto Nacional de Desenvolvimento\u201d, concluiu.<\/p>\n<p class=\"yiv2460503091MsoNormal\">Para assistir a \u00edntegra da transmiss\u00e3o, clique\u00a0<a href=\"https:\/\/www.facebook.com\/fundacaoleonelbrizola\/videos\/502096084490945\" target=\"_blank\" rel=\"nofollow noopener noreferrer\">aqui<\/a>.<\/p>\n<\/div>\n<\/div>\n<\/div>\n<\/div>\n<div class=\"jb_0 X_6MGW N_6Fd5\">\n<div class=\"P_0 je_fq7\"><\/div>\n<\/div>\n<!-- AddThis Advanced Settings generic via filter on the_content --><!-- AddThis Share Buttons generic via filter on the_content -->","protected":false},"excerpt":{"rendered":"<p>Lideran\u00e7as do partido participaram de ato virtual de inaugura\u00e7\u00e3o da nova sede da FLB-AP no Amazonas Formar militantes. A miss\u00e3o central da Funda\u00e7\u00e3o Leonel Brizola \u2013 Alberto Pasqualini (FLB-AP) foi refor\u00e7ada pelo presidente nacional do PDT e do Conselho Curador da organiza\u00e7\u00e3o de coopera\u00e7\u00e3o no ato virtual para inaugura\u00e7\u00e3o, nesta quinta-feira (15), da nova sede&#8230;<!-- AddThis Advanced Settings generic via filter on wp_trim_excerpt --><!-- AddThis Share Buttons generic via filter on wp_trim_excerpt --><\/p>\n","protected":false},"author":17,"featured_media":77421,"comment_status":"closed","ping_status":"closed","sticky":false,"template":"","format":"standard","meta":{"_monsterinsights_skip_tracking":false,"_monsterinsights_sitenote_active":false,"_monsterinsights_sitenote_note":"","_monsterinsights_sitenote_category":0,"_uf_show_specific_survey":0,"_uf_disable_surveys":false,"footnotes":""},"categories":[1390,5417,1401],"tags":[3140,426,2376,2001,942],"class_list":["post-77420","post","type-post","status-publish","format-standard","has-post-thumbnail","hentry","category-editorias","category-carlos-lupi","category-nacional","tag-centro-de-memoria-trabalhista","tag-fundacao-leonel-brizola-alberto-pasqualini","tag-manaus-am","tag-radio-legalidade","tag-universidade-leonel-brizola"],"acf":[],"_links":{"self":[{"href":"https:\/\/pdt-rj.org.br\/index.php\/wp-json\/wp\/v2\/posts\/77420","targetHints":{"allow":["GET"]}}],"collection":[{"href":"https:\/\/pdt-rj.org.br\/index.php\/wp-json\/wp\/v2\/posts"}],"about":[{"href":"https:\/\/pdt-rj.org.br\/index.php\/wp-json\/wp\/v2\/types\/post"}],"author":[{"embeddable":true,"href":"https:\/\/pdt-rj.org.br\/index.php\/wp-json\/wp\/v2\/users\/17"}],"replies":[{"embeddable":true,"href":"https:\/\/pdt-rj.org.br\/index.php\/wp-json\/wp\/v2\/comments?post=77420"}],"version-history":[{"count":2,"href":"https:\/\/pdt-rj.org.br\/index.php\/wp-json\/wp\/v2\/posts\/77420\/revisions"}],"predecessor-version":[{"id":81642,"href":"https:\/\/pdt-rj.org.br\/index.php\/wp-json\/wp\/v2\/posts\/77420\/revisions\/81642"}],"wp:featuredmedia":[{"embeddable":true,"href":"https:\/\/pdt-rj.org.br\/index.php\/wp-json\/wp\/v2\/media\/77421"}],"wp:attachment":[{"href":"https:\/\/pdt-rj.org.br\/index.php\/wp-json\/wp\/v2\/media?parent=77420"}],"wp:term":[{"taxonomy":"category","embeddable":true,"href":"https:\/\/pdt-rj.org.br\/index.php\/wp-json\/wp\/v2\/categories?post=77420"},{"taxonomy":"post_tag","embeddable":true,"href":"https:\/\/pdt-rj.org.br\/index.php\/wp-json\/wp\/v2\/tags?post=77420"}],"curies":[{"name":"wp","href":"https:\/\/api.w.org\/{rel}","templated":true}]}}