{"id":77402,"date":"2021-04-15T01:26:38","date_gmt":"2021-04-15T04:26:38","guid":{"rendered":"http:\/\/pdt-rj.org.br\/?p=77402"},"modified":"2022-04-18T15:58:13","modified_gmt":"2022-04-18T18:58:13","slug":"carlos-lupi-alem-do-impeachment-e-bolsonaro-na-cadeia","status":"publish","type":"post","link":"https:\/\/pdt-rj.org.br\/index.php\/carlos-lupi-alem-do-impeachment-e-bolsonaro-na-cadeia\/","title":{"rendered":"Carlos Lupi: \u201cAl\u00e9m do impeachment, \u00e9 Bolsonaro na cadeia\u201d"},"content":{"rendered":"<p class=\"yiv7435641946MsoNormal\"><em><b>Presidente nacional do PDT participou de semin\u00e1rio virtual com lideran\u00e7as do PSB, PCdoB, PT e PSOL<\/b><\/em><\/p>\n<p>&nbsp;<\/p>\n<p class=\"yiv7435641946MsoNormal\">\u201cAl\u00e9m do impeachment, \u00e9 Bolsonaro na cadeia\u201d, defendeu o presidente nacional do PDT, Carlos Lupi, ao longo do debate, nesta quinta-feira (14), sobre o cen\u00e1rio brasileiro ancorado em tr\u00eas eixos: pandemia, aux\u00edlio emergencial e democracia. O semin\u00e1rio virtual da Associa\u00e7\u00e3o Doutor Cosme, da Bahia, contou ainda com as presen\u00e7as de lideran\u00e7as do PSB, PCdoB, PT e PSOL.<\/p>\n<p class=\"yiv7435641946MsoNormal\">\u201c\u00c9 preciso responsabilizar esse criminoso e homicida. O fim dele tem que ser na cadeia. N\u00e3o \u00e9 admiss\u00edvel que ele continue essas ignor\u00e2ncias por todo o Brasil\u201d, comentou, diante do agravamento da crise do Covid-19, que j\u00e1 acumula mais de 350 mil mortos.<\/p>\n<p class=\"yiv7435641946MsoNormal\">\u201cN\u00e3o pode ficar impune o assassinato dessas pessoas. [Bolsonaro] Omitiu, ignorou e virou as costas para a medicina para matar o povo brasileiro\u201d, acrescentou, ao cobrar a quebra provis\u00f3ria das patentes das vacinas do coronav\u00edrus e o fornecimento efetivo de recursos, pela Uni\u00e3o, para a popula\u00e7\u00e3o em situa\u00e7\u00e3o de vulnerabilidade.<\/p>\n<p class=\"yiv7435641946MsoNormal\">O evento contou ainda com contribui\u00e7\u00f5es da vice-governadora da Bahia e presidente nacional do PCdoB, Luciana Santos (PCdoB), do presidente nacional do PSOL, Juliano Medeiros (PSOL) e dos deputados federais L\u00eddice da Mata (PSB-BA) e Paulo Teixeira (PT-SP).<\/p>\n<p class=\"yiv7435641946MsoNormal\">Atua\u00e7\u00e3o<\/p>\n<p class=\"yiv7435641946MsoNormal\">Lupi mencionou a mobiliza\u00e7\u00e3o progressista no Congresso Nacional, bem como na sociedade, em prol n\u00e3o s\u00f3 do afastamento do presidente da Rep\u00fablica, mas tamb\u00e9m do avan\u00e7o da CPI da Covid-19 no Senado. Como caminho ativo, o constante di\u00e1logo no campo popular para somar for\u00e7as e resguardar a na\u00e7\u00e3o e as hist\u00f3ricas conquistas sociais.<\/p>\n<p class=\"yiv7435641946MsoNormal\">\u201cTodas as nossas diferen\u00e7as n\u00e3o s\u00e3o maiores do que a prote\u00e7\u00e3o ao povo brasileiro. A nossa unidade agora \u00e9 para derrotar o Bolsonaro e tir\u00e1-lo do poder. A discuss\u00e3o eleitoral fica para depois. A prioridade \u00e9 salvar vidas\u201d, conclamou.<\/p>\n<p class=\"yiv7435641946MsoNormal\">\u201cBolsonaro \u00e9 um golpe. Temos que acreditar no nosso povo e na for\u00e7a da democracia. N\u00e3o podemos abrir m\u00e3o dos nossos direitos, como o fim do Minist\u00e9rio do Trabalho. N\u00f3s somos a resist\u00eancia\u201d, acrescentou.<\/p>\n<p class=\"yiv7435641946MsoNormal\">Para assistir a \u00edntegra do encontro, clique\u00a0<a href=\"https:\/\/www.facebook.com\/LupiPDT\/videos\/2873653776237315\" target=\"_blank\" rel=\"nofollow noopener noreferrer\">aqui<\/a>.<\/p>\n<!-- AddThis Advanced Settings generic via filter on the_content --><!-- AddThis Share Buttons generic via filter on the_content -->","protected":false},"excerpt":{"rendered":"<p>Presidente nacional do PDT participou de semin\u00e1rio virtual com lideran\u00e7as do PSB, PCdoB, PT e PSOL &nbsp; \u201cAl\u00e9m do impeachment, \u00e9 Bolsonaro na cadeia\u201d, defendeu o presidente nacional do PDT, Carlos Lupi, ao longo do debate, nesta quinta-feira (14), sobre o cen\u00e1rio brasileiro ancorado em tr\u00eas eixos: pandemia, aux\u00edlio emergencial e democracia. O semin\u00e1rio virtual&#8230;<!-- AddThis Advanced Settings generic via filter on wp_trim_excerpt --><!-- AddThis Share Buttons generic via filter on wp_trim_excerpt --><\/p>\n","protected":false},"author":17,"featured_media":77403,"comment_status":"closed","ping_status":"closed","sticky":false,"template":"","format":"standard","meta":{"_monsterinsights_skip_tracking":false,"_monsterinsights_sitenote_active":false,"_monsterinsights_sitenote_note":"","_monsterinsights_sitenote_category":0,"_uf_show_specific_survey":0,"_uf_disable_surveys":false,"footnotes":""},"categories":[1390,5417,1401],"tags":[196,3348],"class_list":["post-77402","post","type-post","status-publish","format-standard","has-post-thumbnail","hentry","category-editorias","category-carlos-lupi","category-nacional","tag-carlos-lupi","tag-covid-19"],"acf":[],"_links":{"self":[{"href":"https:\/\/pdt-rj.org.br\/index.php\/wp-json\/wp\/v2\/posts\/77402","targetHints":{"allow":["GET"]}}],"collection":[{"href":"https:\/\/pdt-rj.org.br\/index.php\/wp-json\/wp\/v2\/posts"}],"about":[{"href":"https:\/\/pdt-rj.org.br\/index.php\/wp-json\/wp\/v2\/types\/post"}],"author":[{"embeddable":true,"href":"https:\/\/pdt-rj.org.br\/index.php\/wp-json\/wp\/v2\/users\/17"}],"replies":[{"embeddable":true,"href":"https:\/\/pdt-rj.org.br\/index.php\/wp-json\/wp\/v2\/comments?post=77402"}],"version-history":[{"count":2,"href":"https:\/\/pdt-rj.org.br\/index.php\/wp-json\/wp\/v2\/posts\/77402\/revisions"}],"predecessor-version":[{"id":77405,"href":"https:\/\/pdt-rj.org.br\/index.php\/wp-json\/wp\/v2\/posts\/77402\/revisions\/77405"}],"wp:featuredmedia":[{"embeddable":true,"href":"https:\/\/pdt-rj.org.br\/index.php\/wp-json\/wp\/v2\/media\/77403"}],"wp:attachment":[{"href":"https:\/\/pdt-rj.org.br\/index.php\/wp-json\/wp\/v2\/media?parent=77402"}],"wp:term":[{"taxonomy":"category","embeddable":true,"href":"https:\/\/pdt-rj.org.br\/index.php\/wp-json\/wp\/v2\/categories?post=77402"},{"taxonomy":"post_tag","embeddable":true,"href":"https:\/\/pdt-rj.org.br\/index.php\/wp-json\/wp\/v2\/tags?post=77402"}],"curies":[{"name":"wp","href":"https:\/\/api.w.org\/{rel}","templated":true}]}}