{"id":77374,"date":"2021-04-13T13:03:24","date_gmt":"2021-04-13T16:03:24","guid":{"rendered":"http:\/\/pdt-rj.org.br\/?p=77374"},"modified":"2021-04-15T13:23:21","modified_gmt":"2021-04-15T16:23:21","slug":"pdt-busca-no-stf-suspensao-de-licitacoes-da-anp-por-ignorarem-elevado-risco-ambiental","status":"publish","type":"post","link":"https:\/\/pdt-rj.org.br\/index.php\/pdt-busca-no-stf-suspensao-de-licitacoes-da-anp-por-ignorarem-elevado-risco-ambiental\/","title":{"rendered":"PDT busca no STF suspens\u00e3o de licita\u00e7\u00f5es da ANP por ignorarem elevado risco ambiental\u00a0"},"content":{"rendered":"<p class=\"yiv1115519693p1\"><em><strong><span class=\"yiv1115519693s1\">ICMBio e IBAMA condenaram explora\u00e7\u00e3o degradante de petr\u00f3leo e g\u00e1s apoiada pelo governo Bolsonaro<\/span><\/strong><\/em><\/p>\n<p class=\"yiv1115519693p1\"><span class=\"yiv1115519693s1\">Devido \u00e0 amea\u00e7a ambiental e da irresponsabilidade na prepara\u00e7\u00e3o, o PDT acionou o Superior Tribunal Federal (STF) para suspender todos os atos da 17\u00aa rodada de licita\u00e7\u00f5es de petr\u00f3leo e g\u00e1s natural pela Ag\u00eancia Nacional do Petr\u00f3leo, G\u00e1s e Bicombust\u00edveis (ANP). Assinada pelo presidente nacional do partido, Carlos Lupi, e pelo deputado federal T\u00falio Gadelha (PDT-PE), a Argui\u00e7\u00e3o de Descumprimento de Preceito Fundamental (ADPF 825), com pedido de liminar, foi protocolada na \u00faltima sexta-feira (9).<\/span><\/p>\n<p class=\"yiv1115519693p1\"><span class=\"yiv1115519693s1\">A a\u00e7\u00e3o foi distribu\u00edda, nessa segunda-feira (12), para an\u00e1lise do ministro Marco Aur\u00e9lio e indica que as medidas divulgadas pela ANP \u2013 e apoiadas pelo governo Bolsonaro \u2013 \u201cbuscam uma explora\u00e7\u00e3o danosa e incompat\u00edvel com a preserva\u00e7\u00e3o da qualidade do meio ambiente\u201d.<\/span><\/p>\n<p class=\"yiv1115519693p1\"><span class=\"yiv1115519693s1\">\u201cAtenta, ainda, contra os princ\u00edpios da racionaliza\u00e7\u00e3o do uso dos subsolos, do planejamento e fiscaliza\u00e7\u00e3o do uso dos recursos ambientais e da prote\u00e7\u00e3o dos ecossistemas\u201d, indica o documento.<\/span><\/p>\n<p class=\"yiv1115519693p1\"><span class=\"yiv1115519693s1\">Diante do contexto, o PDT busca no m\u00e9rito, al\u00e9m\u00a0da paralisa\u00e7\u00e3o da licita\u00e7\u00e3o, a nulidade dos procedimentos vinculados da ANP e\u00a0a realiza\u00e7\u00e3o impositiva de estudos ambientais\u00a0para determinar a poss\u00edvel exclus\u00e3o integral de setores das bacias Potiguar e de Pelotas.<br \/>\n<\/span><\/p>\n<p class=\"yiv1115519693p1\"><strong><span class=\"yiv1115519693s1\">Descaso<\/span><\/strong><\/p>\n<p class=\"yiv1115519693p1\"><span class=\"yiv1115519693s1\">O partido denunciou que ANP e a Uni\u00e3o\u00a0menosprezaram a implementa\u00e7\u00e3o da Avalia\u00e7\u00f5es Ambientais de \u00c1reas Sedimentares (AAAS), ferramenta criada pelos minist\u00e9rios de Minas e Energia e do Minist\u00e9rio do Meio Ambiente. Com isso, ficou evidenciada, segundo a peti\u00e7\u00e3o, a inten\u00e7\u00e3o de \u201cvilipendiar o direito ao meio ambiente equilibrado e a vida dos animais que habitam aqueles ecossistemas\u201d.<\/span><\/p>\n<p class=\"yiv1115519693p1\"><span class=\"yiv1115519693s1\">O certame \u00a0desconsiderou tamb\u00e9m os graves riscos alertados em notas t\u00e9cnicas do Instituto Chico Mendes de Conserva\u00e7\u00e3o da Biodiversidade (ICMBio) e do Instituto Brasileiro do Meio Ambiente e dos Recursos Naturais Renov\u00e1veis (Ibama). Os \u00f3rg\u00e3os mencionaram que tanto as atividades explorat\u00f3rias, quanto um evento acidental, \u201cpodem trazer danos irrepar\u00e1veis a diversidade biol\u00f3gica desses ecossistemas\u201d.<\/span><\/p>\n<p class=\"yiv1115519693p1\"><span class=\"yiv1115519693s1\">Na inicial, o PDT detalha os apontamentos do ICMBio sobre amea\u00e7as diretas \u00e0 fauna marinha, especificamente aos grandes mam\u00edferos, como a baleia-sei, a baleia-azul, a baleia-fin e ao cachalote, que s\u00e3o extremamente sens\u00edveis \u00e0 atividade s\u00edsmica.\u00a0<\/span><\/p>\n<p class=\"yiv1115519693p1\"><span class=\"yiv1115519693s1\">\u201cAl\u00e9m disso, h\u00e1 o risco de vazamentos em grandes propor\u00e7\u00f5es nas \u00e1reas objeto de explora\u00e7\u00e3o, em ordem a prejudicar atividades econ\u00f4micas como o turismo e a pesca\u201d, acrescenta.<\/span><\/p>\n<p>Leia <a href=\"http:\/\/pdt-rj.org.br\/wp-content\/uploads\/2021\/04\/Peti\u00e7\u00e3o-Inicial-do-PDT-contra-licita\u00e7\u00f5es-da-ANP.pdf\">aqui<\/a> a \u00edntegra da Peti\u00e7\u00e3o.<\/p>\n<!-- AddThis Advanced Settings generic via filter on the_content --><!-- AddThis Share Buttons generic via filter on the_content -->","protected":false},"excerpt":{"rendered":"<p>ICMBio e IBAMA condenaram explora\u00e7\u00e3o degradante de petr\u00f3leo e g\u00e1s apoiada pelo governo Bolsonaro Devido \u00e0 amea\u00e7a ambiental e da irresponsabilidade na prepara\u00e7\u00e3o, o PDT acionou o Superior Tribunal Federal (STF) para suspender todos os atos da 17\u00aa rodada de licita\u00e7\u00f5es de petr\u00f3leo e g\u00e1s natural pela Ag\u00eancia Nacional do Petr\u00f3leo, G\u00e1s e Bicombust\u00edveis (ANP)&#8230;.<!-- AddThis Advanced Settings generic via filter on wp_trim_excerpt --><!-- AddThis Share Buttons generic via filter on wp_trim_excerpt --><\/p>\n","protected":false},"author":17,"featured_media":77375,"comment_status":"closed","ping_status":"closed","sticky":false,"template":"","format":"standard","meta":{"_monsterinsights_skip_tracking":false,"_monsterinsights_sitenote_active":false,"_monsterinsights_sitenote_note":"","_monsterinsights_sitenote_category":0,"_uf_show_specific_survey":0,"_uf_disable_surveys":false,"footnotes":""},"categories":[1390],"tags":[4681,3298,196,2998,2872,4682,38,4426,2491],"class_list":["post-77374","post","type-post","status-publish","format-standard","has-post-thumbnail","hentry","category-editorias","tag-ameaca-ambiental","tag-anp","tag-carlos-lupi","tag-ibama","tag-icmbio","tag-licitacoes-de-petroleo-e-gas-natural","tag-pdt","tag-superior-tribunal-federal","tag-tulio-gadelha"],"acf":[],"_links":{"self":[{"href":"https:\/\/pdt-rj.org.br\/index.php\/wp-json\/wp\/v2\/posts\/77374","targetHints":{"allow":["GET"]}}],"collection":[{"href":"https:\/\/pdt-rj.org.br\/index.php\/wp-json\/wp\/v2\/posts"}],"about":[{"href":"https:\/\/pdt-rj.org.br\/index.php\/wp-json\/wp\/v2\/types\/post"}],"author":[{"embeddable":true,"href":"https:\/\/pdt-rj.org.br\/index.php\/wp-json\/wp\/v2\/users\/17"}],"replies":[{"embeddable":true,"href":"https:\/\/pdt-rj.org.br\/index.php\/wp-json\/wp\/v2\/comments?post=77374"}],"version-history":[{"count":5,"href":"https:\/\/pdt-rj.org.br\/index.php\/wp-json\/wp\/v2\/posts\/77374\/revisions"}],"predecessor-version":[{"id":77381,"href":"https:\/\/pdt-rj.org.br\/index.php\/wp-json\/wp\/v2\/posts\/77374\/revisions\/77381"}],"wp:featuredmedia":[{"embeddable":true,"href":"https:\/\/pdt-rj.org.br\/index.php\/wp-json\/wp\/v2\/media\/77375"}],"wp:attachment":[{"href":"https:\/\/pdt-rj.org.br\/index.php\/wp-json\/wp\/v2\/media?parent=77374"}],"wp:term":[{"taxonomy":"category","embeddable":true,"href":"https:\/\/pdt-rj.org.br\/index.php\/wp-json\/wp\/v2\/categories?post=77374"},{"taxonomy":"post_tag","embeddable":true,"href":"https:\/\/pdt-rj.org.br\/index.php\/wp-json\/wp\/v2\/tags?post=77374"}],"curies":[{"name":"wp","href":"https:\/\/api.w.org\/{rel}","templated":true}]}}